{"id":12851,"date":"2019-11-25T07:55:00","date_gmt":"2019-11-25T06:55:00","guid":{"rendered":"https:\/\/www.holstein.ch\/?p=12851"},"modified":"2019-11-26T08:13:52","modified_gmt":"2019-11-26T07:13:52","slug":"27-junior-expo-aargau-resultate","status":"publish","type":"post","link":"https:\/\/www.holstein.ch\/de\/27-junior-expo-aargau-resultate\/","title":{"rendered":"27. Junior Expo Aargau: Resultate"},"content":{"rendered":"<p>[vc_row][vc_column][vc_column_text]Le palmar\u00e8s complet est disponible en cliquant sur le lien suivant : <a href=\"https:\/\/www.holstein.ch\/wp-content\/uploads\/2019\/11\/Rangliste-27.-Junior-Expo-Aargau-2019.-neu.pdf\">27. Junior Expo Aargau<\/a><\/p>\n<p><strong>Champion-Wahl Holstein<\/strong><\/p>\n<ol>\n<li>B\u00fcrkli-Holst Capture CAMARGUE &#8211; Ayer Richard &#8211; Muri<\/li>\n<li>Milibro Doorman PANDORA &#8211; Gyger Jonas &#8211; H\u00e4gendorf<\/li>\n<li>Grange-Neuve Control ADEEN &#8211; Bapst Alexandre &#8211; Ependes<\/li>\n<\/ol>\n<p><strong>Champion-Wahl Red-Holstein<\/strong><\/p>\n<ol>\n<li>Marcy Dream Jordy AMINA &#8211; Arnold Simon &#8211; B\u00fcrglen<\/li>\n<li>ILANA &#8211; Gerber Levin &#8211; Dagmersellen<\/li>\n<li>Schopfred-ME Bad REGINA &#8211; Schopfer Eric, Egli Marcel Guillet Elsa &#8211; M\u00f4tiers<\/li>\n<\/ol>\n<p><strong>Supreme Champion<\/strong><\/p>\n<ol>\n<li>Marcy Dream Jordy AMINA &#8211; Arnold Simon &#8211; B\u00fcrglen<\/li>\n<\/ol>\n<p>[\/vc_column_text][\/vc_column][\/vc_row]<\/p>\n","protected":false},"excerpt":{"rendered":"<p>[vc_row][vc_column][vc_column_text]Le palmar\u00e8s complet est disponible en cliquant sur le lien suivant : 27. Junior Expo Aargau Champion-Wahl Holstein B\u00fcrkli-Holst Capture CAMARGUE &#8211; Ayer Richard &#8211; Muri Milibro Doorman PANDORA &#8211; Gyger Jonas &#8211; H\u00e4gendorf Grange-Neuve Control ADEEN &#8211; Bapst Alexandre &#8211; Ependes Champion-Wahl Red-Holstein Marcy Dream Jordy AMINA &#8211; Arnold Simon &#8211; B\u00fcrglen ILANA &#8211; [&hellip;]<\/p>\n","protected":false},"author":2,"featured_media":0,"comment_status":"closed","ping_status":"closed","sticky":false,"template":"","format":"standard","meta":{"_acf_changed":false,"_monsterinsights_skip_tracking":false,"_monsterinsights_sitenote_active":false,"_monsterinsights_sitenote_note":"","_monsterinsights_sitenote_category":0,"footnotes":""},"categories":[166,163],"tags":[],"class_list":["post-12851","post","type-post","status-publish","format-standard","hentry","category-ausstellung-resultate","category-resultats-dexposition"],"acf":[],"yoast_head":"<!-- This site is optimized with the Yoast SEO plugin v26.9 - https:\/\/yoast.com\/product\/yoast-seo-wordpress\/ -->\n<title>27. Junior Expo Aargau: Resultate - Holstein Switzerland<\/title>\n<meta name=\"robots\" content=\"index, follow, max-snippet:-1, max-image-preview:large, max-video-preview:-1\" \/>\n<link rel=\"canonical\" href=\"https:\/\/www.holstein.ch\/de\/27-junior-expo-aargau-resultate\/\" \/>\n<meta property=\"og:locale\" content=\"de_DE\" \/>\n<meta property=\"og:type\" content=\"article\" \/>\n<meta property=\"og:title\" content=\"27. Junior Expo Aargau: Resultate - Holstein Switzerland\" \/>\n<meta property=\"og:description\" content=\"[vc_row][vc_column][vc_column_text]Le palmar\u00e8s complet est disponible en cliquant sur le lien suivant : 27. Junior Expo Aargau Champion-Wahl Holstein B\u00fcrkli-Holst Capture CAMARGUE &#8211; Ayer Richard &#8211; Muri Milibro Doorman PANDORA &#8211; Gyger Jonas &#8211; H\u00e4gendorf Grange-Neuve Control ADEEN &#8211; Bapst Alexandre &#8211; Ependes Champion-Wahl Red-Holstein Marcy Dream Jordy AMINA &#8211; Arnold Simon &#8211; B\u00fcrglen ILANA &#8211; [&hellip;]\" \/>\n<meta property=\"og:url\" content=\"https:\/\/www.holstein.ch\/de\/27-junior-expo-aargau-resultate\/\" \/>\n<meta property=\"og:site_name\" content=\"Holstein Switzerland\" \/>\n<meta property=\"article:publisher\" content=\"https:\/\/www.facebook.com\/HolSwi\" \/>\n<meta property=\"article:published_time\" content=\"2019-11-25T06:55:00+00:00\" \/>\n<meta property=\"article:modified_time\" content=\"2019-11-26T07:13:52+00:00\" \/>\n<meta name=\"author\" content=\"Patrick Monod\" \/>\n<meta name=\"twitter:card\" content=\"summary_large_image\" \/>\n<meta name=\"twitter:label1\" content=\"Verfasst von\" \/>\n\t<meta name=\"twitter:data1\" content=\"Patrick Monod\" \/>\n\t<meta name=\"twitter:label2\" content=\"Gesch\u00e4tzte Lesezeit\" \/>\n\t<meta name=\"twitter:data2\" content=\"1\u00a0Minute\" \/>\n<script type=\"application\/ld+json\" class=\"yoast-schema-graph\">{\"@context\":\"https:\/\/schema.org\",\"@graph\":[{\"@type\":\"NewsArticle\",\"@id\":\"https:\/\/www.holstein.ch\/de\/27-junior-expo-aargau-resultate\/#article\",\"isPartOf\":{\"@id\":\"https:\/\/www.holstein.ch\/de\/27-junior-expo-aargau-resultate\/\"},\"author\":{\"name\":\"Patrick Monod\",\"@id\":\"https:\/\/www.holstein.ch\/de\/#\/schema\/person\/a2ace477ff3383343477ba270f4888d4\"},\"headline\":\"27. Junior Expo Aargau: Resultate\",\"datePublished\":\"2019-11-25T06:55:00+00:00\",\"dateModified\":\"2019-11-26T07:13:52+00:00\",\"mainEntityOfPage\":{\"@id\":\"https:\/\/www.holstein.ch\/de\/27-junior-expo-aargau-resultate\/\"},\"wordCount\":104,\"publisher\":{\"@id\":\"https:\/\/www.holstein.ch\/de\/#organization\"},\"articleSection\":[\"Ausstellung Resultate\",\"R\u00e9sultats d'exposition\"],\"inLanguage\":\"de\"},{\"@type\":\"WebPage\",\"@id\":\"https:\/\/www.holstein.ch\/de\/27-junior-expo-aargau-resultate\/\",\"url\":\"https:\/\/www.holstein.ch\/de\/27-junior-expo-aargau-resultate\/\",\"name\":\"27. Junior Expo Aargau: Resultate - Holstein Switzerland\",\"isPartOf\":{\"@id\":\"https:\/\/www.holstein.ch\/de\/#website\"},\"datePublished\":\"2019-11-25T06:55:00+00:00\",\"dateModified\":\"2019-11-26T07:13:52+00:00\",\"breadcrumb\":{\"@id\":\"https:\/\/www.holstein.ch\/de\/27-junior-expo-aargau-resultate\/#breadcrumb\"},\"inLanguage\":\"de\",\"potentialAction\":[{\"@type\":\"ReadAction\",\"target\":[\"https:\/\/www.holstein.ch\/de\/27-junior-expo-aargau-resultate\/\"]}]},{\"@type\":\"BreadcrumbList\",\"@id\":\"https:\/\/www.holstein.ch\/de\/27-junior-expo-aargau-resultate\/#breadcrumb\",\"itemListElement\":[{\"@type\":\"ListItem\",\"position\":1,\"name\":\"Ausstellung Resultate\",\"item\":\"https:\/\/www.holstein.ch\/de\/publikationen\/ausstellung-resultate\/\"},{\"@type\":\"ListItem\",\"position\":2,\"name\":\"27. Junior Expo Aargau: Resultate\"}]},{\"@type\":\"WebSite\",\"@id\":\"https:\/\/www.holstein.ch\/de\/#website\",\"url\":\"https:\/\/www.holstein.ch\/de\/\",\"name\":\"Holstein Switzerland\",\"description\":\"Holstein Switzerland\",\"publisher\":{\"@id\":\"https:\/\/www.holstein.ch\/de\/#organization\"},\"potentialAction\":[{\"@type\":\"SearchAction\",\"target\":{\"@type\":\"EntryPoint\",\"urlTemplate\":\"https:\/\/www.holstein.ch\/de\/?s={search_term_string}\"},\"query-input\":{\"@type\":\"PropertyValueSpecification\",\"valueRequired\":true,\"valueName\":\"search_term_string\"}}],\"inLanguage\":\"de\"},{\"@type\":\"Organization\",\"@id\":\"https:\/\/www.holstein.ch\/de\/#organization\",\"name\":\"Holstein Switzerland\",\"url\":\"https:\/\/www.holstein.ch\/de\/\",\"logo\":{\"@type\":\"ImageObject\",\"inLanguage\":\"de\",\"@id\":\"https:\/\/www.holstein.ch\/de\/#\/schema\/logo\/image\/\",\"url\":\"https:\/\/www.holstein.ch\/wp-content\/uploads\/2023\/09\/holstein_switzerland_logo.png\",\"contentUrl\":\"https:\/\/www.holstein.ch\/wp-content\/uploads\/2023\/09\/holstein_switzerland_logo.png\",\"width\":800,\"height\":621,\"caption\":\"Holstein Switzerland\"},\"image\":{\"@id\":\"https:\/\/www.holstein.ch\/de\/#\/schema\/logo\/image\/\"},\"sameAs\":[\"https:\/\/www.facebook.com\/HolSwi\",\"https:\/\/www.youtube.com\/@holsteinswitzerland\",\"https:\/\/www.instagram.com\/holstein_switzerland\"]},{\"@type\":\"Person\",\"@id\":\"https:\/\/www.holstein.ch\/de\/#\/schema\/person\/a2ace477ff3383343477ba270f4888d4\",\"name\":\"Patrick Monod\",\"image\":{\"@type\":\"ImageObject\",\"inLanguage\":\"de\",\"@id\":\"https:\/\/www.holstein.ch\/de\/#\/schema\/person\/image\/\",\"url\":\"https:\/\/secure.gravatar.com\/avatar\/07a4bcc52c1860dda0c210cc06a14fb51c110e3cb89aa716a61b79b9e9bf5efd?s=96&d=mm&r=g\",\"contentUrl\":\"https:\/\/secure.gravatar.com\/avatar\/07a4bcc52c1860dda0c210cc06a14fb51c110e3cb89aa716a61b79b9e9bf5efd?s=96&d=mm&r=g\",\"caption\":\"Patrick Monod\"}}]}<\/script>\n<!-- \/ Yoast SEO plugin. -->","yoast_head_json":{"title":"27. Junior Expo Aargau: Resultate - Holstein Switzerland","robots":{"index":"index","follow":"follow","max-snippet":"max-snippet:-1","max-image-preview":"max-image-preview:large","max-video-preview":"max-video-preview:-1"},"canonical":"https:\/\/www.holstein.ch\/de\/27-junior-expo-aargau-resultate\/","og_locale":"de_DE","og_type":"article","og_title":"27. Junior Expo Aargau: Resultate - Holstein Switzerland","og_description":"[vc_row][vc_column][vc_column_text]Le palmar\u00e8s complet est disponible en cliquant sur le lien suivant : 27. Junior Expo Aargau Champion-Wahl Holstein B\u00fcrkli-Holst Capture CAMARGUE &#8211; Ayer Richard &#8211; Muri Milibro Doorman PANDORA &#8211; Gyger Jonas &#8211; H\u00e4gendorf Grange-Neuve Control ADEEN &#8211; Bapst Alexandre &#8211; Ependes Champion-Wahl Red-Holstein Marcy Dream Jordy AMINA &#8211; Arnold Simon &#8211; B\u00fcrglen ILANA &#8211; [&hellip;]","og_url":"https:\/\/www.holstein.ch\/de\/27-junior-expo-aargau-resultate\/","og_site_name":"Holstein Switzerland","article_publisher":"https:\/\/www.facebook.com\/HolSwi","article_published_time":"2019-11-25T06:55:00+00:00","article_modified_time":"2019-11-26T07:13:52+00:00","author":"Patrick Monod","twitter_card":"summary_large_image","twitter_misc":{"Verfasst von":"Patrick Monod","Gesch\u00e4tzte Lesezeit":"1\u00a0Minute"},"schema":{"@context":"https:\/\/schema.org","@graph":[{"@type":"NewsArticle","@id":"https:\/\/www.holstein.ch\/de\/27-junior-expo-aargau-resultate\/#article","isPartOf":{"@id":"https:\/\/www.holstein.ch\/de\/27-junior-expo-aargau-resultate\/"},"author":{"name":"Patrick Monod","@id":"https:\/\/www.holstein.ch\/de\/#\/schema\/person\/a2ace477ff3383343477ba270f4888d4"},"headline":"27. Junior Expo Aargau: Resultate","datePublished":"2019-11-25T06:55:00+00:00","dateModified":"2019-11-26T07:13:52+00:00","mainEntityOfPage":{"@id":"https:\/\/www.holstein.ch\/de\/27-junior-expo-aargau-resultate\/"},"wordCount":104,"publisher":{"@id":"https:\/\/www.holstein.ch\/de\/#organization"},"articleSection":["Ausstellung Resultate","R\u00e9sultats d'exposition"],"inLanguage":"de"},{"@type":"WebPage","@id":"https:\/\/www.holstein.ch\/de\/27-junior-expo-aargau-resultate\/","url":"https:\/\/www.holstein.ch\/de\/27-junior-expo-aargau-resultate\/","name":"27. Junior Expo Aargau: Resultate - Holstein Switzerland","isPartOf":{"@id":"https:\/\/www.holstein.ch\/de\/#website"},"datePublished":"2019-11-25T06:55:00+00:00","dateModified":"2019-11-26T07:13:52+00:00","breadcrumb":{"@id":"https:\/\/www.holstein.ch\/de\/27-junior-expo-aargau-resultate\/#breadcrumb"},"inLanguage":"de","potentialAction":[{"@type":"ReadAction","target":["https:\/\/www.holstein.ch\/de\/27-junior-expo-aargau-resultate\/"]}]},{"@type":"BreadcrumbList","@id":"https:\/\/www.holstein.ch\/de\/27-junior-expo-aargau-resultate\/#breadcrumb","itemListElement":[{"@type":"ListItem","position":1,"name":"Ausstellung Resultate","item":"https:\/\/www.holstein.ch\/de\/publikationen\/ausstellung-resultate\/"},{"@type":"ListItem","position":2,"name":"27. Junior Expo Aargau: Resultate"}]},{"@type":"WebSite","@id":"https:\/\/www.holstein.ch\/de\/#website","url":"https:\/\/www.holstein.ch\/de\/","name":"Holstein Switzerland","description":"Holstein Switzerland","publisher":{"@id":"https:\/\/www.holstein.ch\/de\/#organization"},"potentialAction":[{"@type":"SearchAction","target":{"@type":"EntryPoint","urlTemplate":"https:\/\/www.holstein.ch\/de\/?s={search_term_string}"},"query-input":{"@type":"PropertyValueSpecification","valueRequired":true,"valueName":"search_term_string"}}],"inLanguage":"de"},{"@type":"Organization","@id":"https:\/\/www.holstein.ch\/de\/#organization","name":"Holstein Switzerland","url":"https:\/\/www.holstein.ch\/de\/","logo":{"@type":"ImageObject","inLanguage":"de","@id":"https:\/\/www.holstein.ch\/de\/#\/schema\/logo\/image\/","url":"https:\/\/www.holstein.ch\/wp-content\/uploads\/2023\/09\/holstein_switzerland_logo.png","contentUrl":"https:\/\/www.holstein.ch\/wp-content\/uploads\/2023\/09\/holstein_switzerland_logo.png","width":800,"height":621,"caption":"Holstein Switzerland"},"image":{"@id":"https:\/\/www.holstein.ch\/de\/#\/schema\/logo\/image\/"},"sameAs":["https:\/\/www.facebook.com\/HolSwi","https:\/\/www.youtube.com\/@holsteinswitzerland","https:\/\/www.instagram.com\/holstein_switzerland"]},{"@type":"Person","@id":"https:\/\/www.holstein.ch\/de\/#\/schema\/person\/a2ace477ff3383343477ba270f4888d4","name":"Patrick Monod","image":{"@type":"ImageObject","inLanguage":"de","@id":"https:\/\/www.holstein.ch\/de\/#\/schema\/person\/image\/","url":"https:\/\/secure.gravatar.com\/avatar\/07a4bcc52c1860dda0c210cc06a14fb51c110e3cb89aa716a61b79b9e9bf5efd?s=96&d=mm&r=g","contentUrl":"https:\/\/secure.gravatar.com\/avatar\/07a4bcc52c1860dda0c210cc06a14fb51c110e3cb89aa716a61b79b9e9bf5efd?s=96&d=mm&r=g","caption":"Patrick Monod"}}]}},"_links":{"self":[{"href":"https:\/\/www.holstein.ch\/de\/wp-json\/wp\/v2\/posts\/12851","targetHints":{"allow":["GET"]}}],"collection":[{"href":"https:\/\/www.holstein.ch\/de\/wp-json\/wp\/v2\/posts"}],"about":[{"href":"https:\/\/www.holstein.ch\/de\/wp-json\/wp\/v2\/types\/post"}],"author":[{"embeddable":true,"href":"https:\/\/www.holstein.ch\/de\/wp-json\/wp\/v2\/users\/2"}],"replies":[{"embeddable":true,"href":"https:\/\/www.holstein.ch\/de\/wp-json\/wp\/v2\/comments?post=12851"}],"version-history":[{"count":0,"href":"https:\/\/www.holstein.ch\/de\/wp-json\/wp\/v2\/posts\/12851\/revisions"}],"wp:attachment":[{"href":"https:\/\/www.holstein.ch\/de\/wp-json\/wp\/v2\/media?parent=12851"}],"wp:term":[{"taxonomy":"category","embeddable":true,"href":"https:\/\/www.holstein.ch\/de\/wp-json\/wp\/v2\/categories?post=12851"},{"taxonomy":"post_tag","embeddable":true,"href":"https:\/\/www.holstein.ch\/de\/wp-json\/wp\/v2\/tags?post=12851"}],"curies":[{"name":"wp","href":"https:\/\/api.w.org\/{rel}","templated":true}]}}