{"id":14254,"date":"2020-04-27T20:03:31","date_gmt":"2020-04-27T18:03:31","guid":{"rendered":"https:\/\/www.holstein.ch\/?p=14254"},"modified":"2023-09-28T09:47:25","modified_gmt":"2023-09-28T07:47:25","slug":"auf-eine-neues-die-wahl-zur-holstein-switzerland-kuh-des-jahres-2020","status":"publish","type":"post","link":"https:\/\/www.holstein.ch\/de\/auf-eine-neues-die-wahl-zur-holstein-switzerland-kuh-des-jahres-2020\/","title":{"rendered":"Auf eine Neues Die Wahl zur &#8220;Holstein Switzerland Kuh des Jahres 2020&#8221;!"},"content":{"rendered":"<p>[vc_row][vc_column css=&#8221;.vc_custom_1588000397433{margin-bottom: 40px !important;}&#8221;][vc_column_text]<em>Stephan Schneider\u00a0<\/em><\/p>\n<p><strong>Nach der gro\u00dfartigen Premiere im vergangenen Jahr geht es nun also in die 2. Runde. Erneut organisiert Holstein Switzerland in Kooperation mit Holstein International\/KuhFacto die Wahl zur `Holstein Switzerland Kuh des Jahres 2020`. Nach der Phase der Nominierung und der Auswahl der finalen Kandidatinnen steht nun die Top-5 fest. Und es ist, wie wir finden, eine gro\u00dfartige Gruppe an K\u00fchen, die sich zur Wahl stellt. Nun also ist es Ihre Aufgabe, dar\u00fcber zu entscheiden, welche der f\u00fcnf Finalistinnen Ihre Stimme bekommt und den von Holstein Switzerland gespendeten Wanderpokal in Empfang nehmen darf.<\/strong>[\/vc_column_text][vc_column_text]Nach der tollen Premiere, die im vergangenen Jahr von Baugosse Goldwyn Melodie aus dem Stall von Silvio Baume gewonnen wurde, wird es auch 2020 wieder eine neue Holstein Switzerland Kuh des Jahres geben. Und dass dieser Titel einen durchaus besonderen Stellenwert besitzt, liegt auch an Ihnen und Ihrer M\u00f6glichkeit zur Teilnahme und Stimmabgabe. Schlie\u00dflich ist die Wahl zur Kuh des Jahres der einzige echte Publikumspreis, den man in der Schweizer Holsteinzucht gewinnen kann. Nat\u00fcrlich sind die f\u00fcnf beeindruckenden K\u00fche, die hier zur Wahl stehen, aufgrund ihrer z\u00fcchterischen Leistung nominiert worden, allerdings liegt es jetzt an Ihnen zu entscheiden, wer als Ihr pers\u00f6nlicher Favorit Ihre Stimme bekommt. Wenn im Sommer im Rahmen der von Holstein Switzerland organisierten Holstein Awards das Voting und damit auch die neue Kuh des Jahres bekannt gegeben werden, haben auch Sie Ihren Beitrag dazu geleistet. Und noch etwas sollten Sie nicht vergessen: Mit Ihrer Stimme nominieren Sie auch die Kuh, die die Schweiz im Herbst bei der ebenso traditionsreichen wie bedeutsamen Wahl zur `Internationalen Kuh des Jahres vertreten wird.[\/vc_column_text][vc_column_text]<\/p>\n<h3><\/h3>\n<h3>DIE WAHL<\/h3>\n<p>Es ist also an Ihnen, eine Entscheidung zu treffen. Nehmen Sie sich Zeit, die beschriebenen Kandidaten und ihre z\u00fcchterischen Leistungen genau zu studieren. Haben Sie Ihre Wahl getroffen? Dann tragen Sie Ihre Favoritin auf dem beistehenden Formular ein. Vergessen Sie nicht, Ihren Namen und Adresse anzuf\u00fchren. Auch ein Kommentar zu Ihrer Wahl ist gerne willkommen. Teilnahmeberechtigt sind alle Mitglieder von Holstein Switzerland sowie alle Leser von HI\/KuhFacto. Je Mitglied und je Abonnement ist nur eine Stimmabgabe m\u00f6glich. Senden Sie das ausgef\u00fcllte Formular \u00fcber den Postweg (Route de Grangeneuve 27, CH-1725 Posieux) oder als Scan via Mail (<a href=\"mailto:info@holstein\" target=\"_blank\" rel=\"noopener noreferrer\">info@holstein<\/a>.ch oder <a href=\"mailto:st_kuhfacto@yahoo.de\" target=\"_blank\" rel=\"noopener noreferrer\">st_kuhfacto@yahoo.de<\/a>) an Holstein Switzerland und HI\/KuhFacto. Parallel dazu erhalten alle Mitglieder von Holstein Switzerland und alle Leser von HI\/KuhFacto, von denen uns ein E-Mail-Kontakt vorliegt, in den kommenden Tagen eine Nachricht, bei der Sie \u00fcber eine einfache Antwortfunktion auf digitalem Weg abstimmen k\u00f6nnen. Der Einsendeschluss f\u00fcr alle Wahloptionen ist der 31. Mai 2020. Jetzt aber viel Spass bei der Analyse der Kandidatinnen und viel Gl\u00fcck bei der Abstimmung zur `Holstein Switzerland Kuh des Jahres 2020`.[\/vc_column_text][\/vc_column][\/vc_row][vc_row css=&#8221;.vc_custom_1588007433596{margin-bottom: 30px !important;}&#8221;][vc_column][vc_btn title=&#8221;PDF-Dokument \u00f6ffnen&#8221; color=&#8221;turquoise&#8221; size=&#8221;lg&#8221; align=&#8221;center&#8221; button_block=&#8221;true&#8221; link=&#8221;url:https%3A%2F%2Fwww.holstein.ch%2Fwp-content%2Fuploads%2FKuh-des-Jahres-2020-D.pdf|title:%C3%96ffnen%20PDF|target:%20_blank|&#8221; css=&#8221;.vc_custom_1588009770052{margin-bottom: 30px !important;}&#8221;][\/vc_column][\/vc_row]<\/p>\n","protected":false},"excerpt":{"rendered":"<p>[vc_row][vc_column css=&#8221;.vc_custom_1588000397433{margin-bottom: 40px !important;}&#8221;][vc_column_text]Stephan Schneider\u00a0 Nach der gro\u00dfartigen Premiere im vergangenen Jahr geht es nun also in die 2. Runde. Erneut organisiert Holstein Switzerland in Kooperation mit Holstein International\/KuhFacto die Wahl zur `Holstein Switzerland Kuh des Jahres 2020`. Nach der Phase der Nominierung und der Auswahl der finalen Kandidatinnen steht nun die Top-5 fest. Und [&hellip;]<\/p>\n","protected":false},"author":42,"featured_media":13740,"comment_status":"open","ping_status":"open","sticky":false,"template":"","format":"standard","meta":{"_acf_changed":false,"_monsterinsights_skip_tracking":false,"_monsterinsights_sitenote_active":false,"_monsterinsights_sitenote_note":"","_monsterinsights_sitenote_category":0,"footnotes":""},"categories":[600],"tags":[],"class_list":["post-14254","post","type-post","status-publish","format-standard","has-post-thumbnail","hentry","category-weitere-nachrichten"],"acf":[],"yoast_head":"<!-- This site is optimized with the Yoast SEO plugin v26.9 - https:\/\/yoast.com\/product\/yoast-seo-wordpress\/ -->\n<title>Auf eine Neues Die Wahl zur &quot;Holstein Switzerland Kuh des Jahres 2020&quot;! - Holstein Switzerland<\/title>\n<meta name=\"robots\" content=\"index, follow, max-snippet:-1, max-image-preview:large, max-video-preview:-1\" \/>\n<link rel=\"canonical\" href=\"https:\/\/www.holstein.ch\/de\/auf-eine-neues-die-wahl-zur-holstein-switzerland-kuh-des-jahres-2020\/\" \/>\n<meta property=\"og:locale\" content=\"de_DE\" \/>\n<meta property=\"og:type\" content=\"article\" \/>\n<meta property=\"og:title\" content=\"Auf eine Neues Die Wahl zur &quot;Holstein Switzerland Kuh des Jahres 2020&quot;! - Holstein Switzerland\" \/>\n<meta property=\"og:description\" content=\"[vc_row][vc_column css=&#8221;.vc_custom_1588000397433{margin-bottom: 40px !important;}&#8221;][vc_column_text]Stephan Schneider\u00a0 Nach der gro\u00dfartigen Premiere im vergangenen Jahr geht es nun also in die 2. Runde. Erneut organisiert Holstein Switzerland in Kooperation mit Holstein International\/KuhFacto die Wahl zur `Holstein Switzerland Kuh des Jahres 2020`. Nach der Phase der Nominierung und der Auswahl der finalen Kandidatinnen steht nun die Top-5 fest. Und [&hellip;]\" \/>\n<meta property=\"og:url\" content=\"https:\/\/www.holstein.ch\/de\/auf-eine-neues-die-wahl-zur-holstein-switzerland-kuh-des-jahres-2020\/\" \/>\n<meta property=\"og:site_name\" content=\"Holstein Switzerland\" \/>\n<meta property=\"article:publisher\" content=\"https:\/\/www.facebook.com\/HolSwi\" \/>\n<meta property=\"article:published_time\" content=\"2020-04-27T18:03:31+00:00\" \/>\n<meta property=\"article:modified_time\" content=\"2023-09-28T07:47:25+00:00\" \/>\n<meta property=\"og:image\" content=\"https:\/\/www.holstein.ch\/wp-content\/uploads\/IMG_E2629-2.jpg\" \/>\n\t<meta property=\"og:image:width\" content=\"1746\" \/>\n\t<meta property=\"og:image:height\" content=\"2328\" \/>\n\t<meta property=\"og:image:type\" content=\"image\/jpeg\" \/>\n<meta name=\"author\" content=\"Marie-Jos\u00e9 Rossier\" \/>\n<meta name=\"twitter:card\" content=\"summary_large_image\" \/>\n<meta name=\"twitter:label1\" content=\"Verfasst von\" \/>\n\t<meta name=\"twitter:data1\" content=\"Marie-Jos\u00e9 Rossier\" \/>\n\t<meta name=\"twitter:label2\" content=\"Gesch\u00e4tzte Lesezeit\" \/>\n\t<meta name=\"twitter:data2\" content=\"3\u00a0Minuten\" \/>\n<script type=\"application\/ld+json\" class=\"yoast-schema-graph\">{\"@context\":\"https:\/\/schema.org\",\"@graph\":[{\"@type\":\"NewsArticle\",\"@id\":\"https:\/\/www.holstein.ch\/de\/auf-eine-neues-die-wahl-zur-holstein-switzerland-kuh-des-jahres-2020\/#article\",\"isPartOf\":{\"@id\":\"https:\/\/www.holstein.ch\/de\/auf-eine-neues-die-wahl-zur-holstein-switzerland-kuh-des-jahres-2020\/\"},\"author\":{\"name\":\"Marie-Jos\u00e9 Rossier\",\"@id\":\"https:\/\/www.holstein.ch\/de\/#\/schema\/person\/91e83d490a3dfd0906e65d37ecbcbfb6\"},\"headline\":\"Auf eine Neues Die Wahl zur &#8220;Holstein Switzerland Kuh des Jahres 2020&#8221;!\",\"datePublished\":\"2020-04-27T18:03:31+00:00\",\"dateModified\":\"2023-09-28T07:47:25+00:00\",\"mainEntityOfPage\":{\"@id\":\"https:\/\/www.holstein.ch\/de\/auf-eine-neues-die-wahl-zur-holstein-switzerland-kuh-des-jahres-2020\/\"},\"wordCount\":558,\"commentCount\":0,\"publisher\":{\"@id\":\"https:\/\/www.holstein.ch\/de\/#organization\"},\"image\":{\"@id\":\"https:\/\/www.holstein.ch\/de\/auf-eine-neues-die-wahl-zur-holstein-switzerland-kuh-des-jahres-2020\/#primaryimage\"},\"thumbnailUrl\":\"https:\/\/www.holstein.ch\/wp-content\/uploads\/IMG_E2629-2.jpg\",\"articleSection\":[\"Weitere Nachrichten\"],\"inLanguage\":\"de\"},{\"@type\":\"WebPage\",\"@id\":\"https:\/\/www.holstein.ch\/de\/auf-eine-neues-die-wahl-zur-holstein-switzerland-kuh-des-jahres-2020\/\",\"url\":\"https:\/\/www.holstein.ch\/de\/auf-eine-neues-die-wahl-zur-holstein-switzerland-kuh-des-jahres-2020\/\",\"name\":\"Auf eine Neues Die Wahl zur \\\"Holstein Switzerland Kuh des Jahres 2020\\\"! - Holstein Switzerland\",\"isPartOf\":{\"@id\":\"https:\/\/www.holstein.ch\/de\/#website\"},\"primaryImageOfPage\":{\"@id\":\"https:\/\/www.holstein.ch\/de\/auf-eine-neues-die-wahl-zur-holstein-switzerland-kuh-des-jahres-2020\/#primaryimage\"},\"image\":{\"@id\":\"https:\/\/www.holstein.ch\/de\/auf-eine-neues-die-wahl-zur-holstein-switzerland-kuh-des-jahres-2020\/#primaryimage\"},\"thumbnailUrl\":\"https:\/\/www.holstein.ch\/wp-content\/uploads\/IMG_E2629-2.jpg\",\"datePublished\":\"2020-04-27T18:03:31+00:00\",\"dateModified\":\"2023-09-28T07:47:25+00:00\",\"breadcrumb\":{\"@id\":\"https:\/\/www.holstein.ch\/de\/auf-eine-neues-die-wahl-zur-holstein-switzerland-kuh-des-jahres-2020\/#breadcrumb\"},\"inLanguage\":\"de\",\"potentialAction\":[{\"@type\":\"ReadAction\",\"target\":[\"https:\/\/www.holstein.ch\/de\/auf-eine-neues-die-wahl-zur-holstein-switzerland-kuh-des-jahres-2020\/\"]}]},{\"@type\":\"ImageObject\",\"inLanguage\":\"de\",\"@id\":\"https:\/\/www.holstein.ch\/de\/auf-eine-neues-die-wahl-zur-holstein-switzerland-kuh-des-jahres-2020\/#primaryimage\",\"url\":\"https:\/\/www.holstein.ch\/wp-content\/uploads\/IMG_E2629-2.jpg\",\"contentUrl\":\"https:\/\/www.holstein.ch\/wp-content\/uploads\/IMG_E2629-2.jpg\",\"width\":1746,\"height\":2328},{\"@type\":\"BreadcrumbList\",\"@id\":\"https:\/\/www.holstein.ch\/de\/auf-eine-neues-die-wahl-zur-holstein-switzerland-kuh-des-jahres-2020\/#breadcrumb\",\"itemListElement\":[{\"@type\":\"ListItem\",\"position\":1,\"name\":\"Weitere Nachrichten\",\"item\":\"https:\/\/www.holstein.ch\/de\/publikationen\/weitere-nachrichten\/\"},{\"@type\":\"ListItem\",\"position\":2,\"name\":\"Auf eine Neues Die Wahl zur &#8220;Holstein Switzerland Kuh des Jahres 2020&#8221;!\"}]},{\"@type\":\"WebSite\",\"@id\":\"https:\/\/www.holstein.ch\/de\/#website\",\"url\":\"https:\/\/www.holstein.ch\/de\/\",\"name\":\"Holstein Switzerland\",\"description\":\"Holstein Switzerland\",\"publisher\":{\"@id\":\"https:\/\/www.holstein.ch\/de\/#organization\"},\"potentialAction\":[{\"@type\":\"SearchAction\",\"target\":{\"@type\":\"EntryPoint\",\"urlTemplate\":\"https:\/\/www.holstein.ch\/de\/?s={search_term_string}\"},\"query-input\":{\"@type\":\"PropertyValueSpecification\",\"valueRequired\":true,\"valueName\":\"search_term_string\"}}],\"inLanguage\":\"de\"},{\"@type\":\"Organization\",\"@id\":\"https:\/\/www.holstein.ch\/de\/#organization\",\"name\":\"Holstein Switzerland\",\"url\":\"https:\/\/www.holstein.ch\/de\/\",\"logo\":{\"@type\":\"ImageObject\",\"inLanguage\":\"de\",\"@id\":\"https:\/\/www.holstein.ch\/de\/#\/schema\/logo\/image\/\",\"url\":\"https:\/\/www.holstein.ch\/wp-content\/uploads\/2023\/09\/holstein_switzerland_logo.png\",\"contentUrl\":\"https:\/\/www.holstein.ch\/wp-content\/uploads\/2023\/09\/holstein_switzerland_logo.png\",\"width\":800,\"height\":621,\"caption\":\"Holstein Switzerland\"},\"image\":{\"@id\":\"https:\/\/www.holstein.ch\/de\/#\/schema\/logo\/image\/\"},\"sameAs\":[\"https:\/\/www.facebook.com\/HolSwi\",\"https:\/\/www.youtube.com\/@holsteinswitzerland\",\"https:\/\/www.instagram.com\/holstein_switzerland\"]},{\"@type\":\"Person\",\"@id\":\"https:\/\/www.holstein.ch\/de\/#\/schema\/person\/91e83d490a3dfd0906e65d37ecbcbfb6\",\"name\":\"Marie-Jos\u00e9 Rossier\",\"image\":{\"@type\":\"ImageObject\",\"inLanguage\":\"de\",\"@id\":\"https:\/\/www.holstein.ch\/de\/#\/schema\/person\/image\/\",\"url\":\"https:\/\/secure.gravatar.com\/avatar\/68ae16187ec4e6b8556e0e811e57dcb7c21c138f955e02087102f283ee2b3bb6?s=96&d=mm&r=g\",\"contentUrl\":\"https:\/\/secure.gravatar.com\/avatar\/68ae16187ec4e6b8556e0e811e57dcb7c21c138f955e02087102f283ee2b3bb6?s=96&d=mm&r=g\",\"caption\":\"Marie-Jos\u00e9 Rossier\"}}]}<\/script>\n<!-- \/ Yoast SEO plugin. -->","yoast_head_json":{"title":"Auf eine Neues Die Wahl zur \"Holstein Switzerland Kuh des Jahres 2020\"! - Holstein Switzerland","robots":{"index":"index","follow":"follow","max-snippet":"max-snippet:-1","max-image-preview":"max-image-preview:large","max-video-preview":"max-video-preview:-1"},"canonical":"https:\/\/www.holstein.ch\/de\/auf-eine-neues-die-wahl-zur-holstein-switzerland-kuh-des-jahres-2020\/","og_locale":"de_DE","og_type":"article","og_title":"Auf eine Neues Die Wahl zur \"Holstein Switzerland Kuh des Jahres 2020\"! - Holstein Switzerland","og_description":"[vc_row][vc_column css=&#8221;.vc_custom_1588000397433{margin-bottom: 40px !important;}&#8221;][vc_column_text]Stephan Schneider\u00a0 Nach der gro\u00dfartigen Premiere im vergangenen Jahr geht es nun also in die 2. Runde. Erneut organisiert Holstein Switzerland in Kooperation mit Holstein International\/KuhFacto die Wahl zur `Holstein Switzerland Kuh des Jahres 2020`. Nach der Phase der Nominierung und der Auswahl der finalen Kandidatinnen steht nun die Top-5 fest. Und [&hellip;]","og_url":"https:\/\/www.holstein.ch\/de\/auf-eine-neues-die-wahl-zur-holstein-switzerland-kuh-des-jahres-2020\/","og_site_name":"Holstein Switzerland","article_publisher":"https:\/\/www.facebook.com\/HolSwi","article_published_time":"2020-04-27T18:03:31+00:00","article_modified_time":"2023-09-28T07:47:25+00:00","og_image":[{"width":1746,"height":2328,"url":"https:\/\/www.holstein.ch\/wp-content\/uploads\/IMG_E2629-2.jpg","type":"image\/jpeg"}],"author":"Marie-Jos\u00e9 Rossier","twitter_card":"summary_large_image","twitter_misc":{"Verfasst von":"Marie-Jos\u00e9 Rossier","Gesch\u00e4tzte Lesezeit":"3\u00a0Minuten"},"schema":{"@context":"https:\/\/schema.org","@graph":[{"@type":"NewsArticle","@id":"https:\/\/www.holstein.ch\/de\/auf-eine-neues-die-wahl-zur-holstein-switzerland-kuh-des-jahres-2020\/#article","isPartOf":{"@id":"https:\/\/www.holstein.ch\/de\/auf-eine-neues-die-wahl-zur-holstein-switzerland-kuh-des-jahres-2020\/"},"author":{"name":"Marie-Jos\u00e9 Rossier","@id":"https:\/\/www.holstein.ch\/de\/#\/schema\/person\/91e83d490a3dfd0906e65d37ecbcbfb6"},"headline":"Auf eine Neues Die Wahl zur &#8220;Holstein Switzerland Kuh des Jahres 2020&#8221;!","datePublished":"2020-04-27T18:03:31+00:00","dateModified":"2023-09-28T07:47:25+00:00","mainEntityOfPage":{"@id":"https:\/\/www.holstein.ch\/de\/auf-eine-neues-die-wahl-zur-holstein-switzerland-kuh-des-jahres-2020\/"},"wordCount":558,"commentCount":0,"publisher":{"@id":"https:\/\/www.holstein.ch\/de\/#organization"},"image":{"@id":"https:\/\/www.holstein.ch\/de\/auf-eine-neues-die-wahl-zur-holstein-switzerland-kuh-des-jahres-2020\/#primaryimage"},"thumbnailUrl":"https:\/\/www.holstein.ch\/wp-content\/uploads\/IMG_E2629-2.jpg","articleSection":["Weitere Nachrichten"],"inLanguage":"de"},{"@type":"WebPage","@id":"https:\/\/www.holstein.ch\/de\/auf-eine-neues-die-wahl-zur-holstein-switzerland-kuh-des-jahres-2020\/","url":"https:\/\/www.holstein.ch\/de\/auf-eine-neues-die-wahl-zur-holstein-switzerland-kuh-des-jahres-2020\/","name":"Auf eine Neues Die Wahl zur \"Holstein Switzerland Kuh des Jahres 2020\"! - Holstein Switzerland","isPartOf":{"@id":"https:\/\/www.holstein.ch\/de\/#website"},"primaryImageOfPage":{"@id":"https:\/\/www.holstein.ch\/de\/auf-eine-neues-die-wahl-zur-holstein-switzerland-kuh-des-jahres-2020\/#primaryimage"},"image":{"@id":"https:\/\/www.holstein.ch\/de\/auf-eine-neues-die-wahl-zur-holstein-switzerland-kuh-des-jahres-2020\/#primaryimage"},"thumbnailUrl":"https:\/\/www.holstein.ch\/wp-content\/uploads\/IMG_E2629-2.jpg","datePublished":"2020-04-27T18:03:31+00:00","dateModified":"2023-09-28T07:47:25+00:00","breadcrumb":{"@id":"https:\/\/www.holstein.ch\/de\/auf-eine-neues-die-wahl-zur-holstein-switzerland-kuh-des-jahres-2020\/#breadcrumb"},"inLanguage":"de","potentialAction":[{"@type":"ReadAction","target":["https:\/\/www.holstein.ch\/de\/auf-eine-neues-die-wahl-zur-holstein-switzerland-kuh-des-jahres-2020\/"]}]},{"@type":"ImageObject","inLanguage":"de","@id":"https:\/\/www.holstein.ch\/de\/auf-eine-neues-die-wahl-zur-holstein-switzerland-kuh-des-jahres-2020\/#primaryimage","url":"https:\/\/www.holstein.ch\/wp-content\/uploads\/IMG_E2629-2.jpg","contentUrl":"https:\/\/www.holstein.ch\/wp-content\/uploads\/IMG_E2629-2.jpg","width":1746,"height":2328},{"@type":"BreadcrumbList","@id":"https:\/\/www.holstein.ch\/de\/auf-eine-neues-die-wahl-zur-holstein-switzerland-kuh-des-jahres-2020\/#breadcrumb","itemListElement":[{"@type":"ListItem","position":1,"name":"Weitere Nachrichten","item":"https:\/\/www.holstein.ch\/de\/publikationen\/weitere-nachrichten\/"},{"@type":"ListItem","position":2,"name":"Auf eine Neues Die Wahl zur &#8220;Holstein Switzerland Kuh des Jahres 2020&#8221;!"}]},{"@type":"WebSite","@id":"https:\/\/www.holstein.ch\/de\/#website","url":"https:\/\/www.holstein.ch\/de\/","name":"Holstein Switzerland","description":"Holstein Switzerland","publisher":{"@id":"https:\/\/www.holstein.ch\/de\/#organization"},"potentialAction":[{"@type":"SearchAction","target":{"@type":"EntryPoint","urlTemplate":"https:\/\/www.holstein.ch\/de\/?s={search_term_string}"},"query-input":{"@type":"PropertyValueSpecification","valueRequired":true,"valueName":"search_term_string"}}],"inLanguage":"de"},{"@type":"Organization","@id":"https:\/\/www.holstein.ch\/de\/#organization","name":"Holstein Switzerland","url":"https:\/\/www.holstein.ch\/de\/","logo":{"@type":"ImageObject","inLanguage":"de","@id":"https:\/\/www.holstein.ch\/de\/#\/schema\/logo\/image\/","url":"https:\/\/www.holstein.ch\/wp-content\/uploads\/2023\/09\/holstein_switzerland_logo.png","contentUrl":"https:\/\/www.holstein.ch\/wp-content\/uploads\/2023\/09\/holstein_switzerland_logo.png","width":800,"height":621,"caption":"Holstein Switzerland"},"image":{"@id":"https:\/\/www.holstein.ch\/de\/#\/schema\/logo\/image\/"},"sameAs":["https:\/\/www.facebook.com\/HolSwi","https:\/\/www.youtube.com\/@holsteinswitzerland","https:\/\/www.instagram.com\/holstein_switzerland"]},{"@type":"Person","@id":"https:\/\/www.holstein.ch\/de\/#\/schema\/person\/91e83d490a3dfd0906e65d37ecbcbfb6","name":"Marie-Jos\u00e9 Rossier","image":{"@type":"ImageObject","inLanguage":"de","@id":"https:\/\/www.holstein.ch\/de\/#\/schema\/person\/image\/","url":"https:\/\/secure.gravatar.com\/avatar\/68ae16187ec4e6b8556e0e811e57dcb7c21c138f955e02087102f283ee2b3bb6?s=96&d=mm&r=g","contentUrl":"https:\/\/secure.gravatar.com\/avatar\/68ae16187ec4e6b8556e0e811e57dcb7c21c138f955e02087102f283ee2b3bb6?s=96&d=mm&r=g","caption":"Marie-Jos\u00e9 Rossier"}}]}},"_links":{"self":[{"href":"https:\/\/www.holstein.ch\/de\/wp-json\/wp\/v2\/posts\/14254","targetHints":{"allow":["GET"]}}],"collection":[{"href":"https:\/\/www.holstein.ch\/de\/wp-json\/wp\/v2\/posts"}],"about":[{"href":"https:\/\/www.holstein.ch\/de\/wp-json\/wp\/v2\/types\/post"}],"author":[{"embeddable":true,"href":"https:\/\/www.holstein.ch\/de\/wp-json\/wp\/v2\/users\/42"}],"replies":[{"embeddable":true,"href":"https:\/\/www.holstein.ch\/de\/wp-json\/wp\/v2\/comments?post=14254"}],"version-history":[{"count":1,"href":"https:\/\/www.holstein.ch\/de\/wp-json\/wp\/v2\/posts\/14254\/revisions"}],"predecessor-version":[{"id":25005,"href":"https:\/\/www.holstein.ch\/de\/wp-json\/wp\/v2\/posts\/14254\/revisions\/25005"}],"wp:featuredmedia":[{"embeddable":true,"href":"https:\/\/www.holstein.ch\/de\/wp-json\/wp\/v2\/media\/13740"}],"wp:attachment":[{"href":"https:\/\/www.holstein.ch\/de\/wp-json\/wp\/v2\/media?parent=14254"}],"wp:term":[{"taxonomy":"category","embeddable":true,"href":"https:\/\/www.holstein.ch\/de\/wp-json\/wp\/v2\/categories?post=14254"},{"taxonomy":"post_tag","embeddable":true,"href":"https:\/\/www.holstein.ch\/de\/wp-json\/wp\/v2\/tags?post=14254"}],"curies":[{"name":"wp","href":"https:\/\/api.w.org\/{rel}","templated":true}]}}