{"id":14269,"date":"2020-04-30T09:55:11","date_gmt":"2020-04-30T07:55:11","guid":{"rendered":"https:\/\/www.holstein.ch\/?p=14269"},"modified":"2023-09-28T09:47:31","modified_gmt":"2023-09-28T07:47:31","slug":"5-huebsche-kandidaten-holstein-switzerland-kuh-des-jahres-2020","status":"publish","type":"post","link":"https:\/\/www.holstein.ch\/de\/5-huebsche-kandidaten-holstein-switzerland-kuh-des-jahres-2020\/","title":{"rendered":"5 h\u00fcbsche Kandidaten &#8220;Holstein Switzerland Kuh des Jahres 2020&#8221;"},"content":{"rendered":"<p>[vc_row css=&#8221;.vc_custom_1588007433596{margin-bottom: 30px !important;}&#8221;][vc_column width=&#8221;1\/2&#8243; css=&#8221;.vc_custom_1588230482199{margin-bottom: 30px !important;}&#8221;][vc_btn title=&#8221;Abstimmung per E-Mail&#8221; color=&#8221;turquoise&#8221; size=&#8221;lg&#8221; align=&#8221;center&#8221; i_icon_fontawesome=&#8221;fas fa-envelope&#8221; button_block=&#8221;true&#8221; add_icon=&#8221;true&#8221; link=&#8221;url:mailto%3Ainfo%40holstein.ch|title:Voter%20par%20mail|target:%20_blank|&#8221;][\/vc_column][vc_column width=&#8221;1\/2&#8243;][vc_btn title=&#8221;Abstimmung per Post (Formular zum Ausdrucken)&#8221; color=&#8221;turquoise&#8221; size=&#8221;lg&#8221; align=&#8221;center&#8221; i_icon_fontawesome=&#8221;fas fa-edit&#8221; button_block=&#8221;true&#8221; add_icon=&#8221;true&#8221; link=&#8221;url:https%3A%2F%2Fwww.holstein.ch%2Fwp-content%2Fuploads%2FKuh-des-Jahres-2020-F.pdf|title:Vers%20le%20PDF|target:%20_blank|&#8221; css=&#8221;.vc_custom_1588232973314{margin-bottom: 30px !important;}&#8221;][\/vc_column][\/vc_row][vc_row][vc_column][vc_separator][\/vc_column][\/vc_row][vc_row css=&#8221;.vc_custom_1588000580811{margin-bottom: 40px !important;}&#8221;][vc_column width=&#8221;1\/2&#8243;][vc_single_image image=&#8221;14395&#8243; img_size=&#8221;full&#8221; css=&#8221;.vc_custom_1589186965425{background-position: center !important;background-repeat: no-repeat !important;background-size: contain !important;}&#8221;][\/vc_column][vc_column width=&#8221;1\/2&#8243;][vc_column_text]<strong>Gauglera Stormatic Orina GM 3*<\/strong><br \/>\n<strong>EX-95 4E<\/strong><br \/>\n<strong>\u00d8 6 lact. 305 12.402 kg 3.66% 3.12%<\/strong><br \/>\n<strong>01.12.2007<\/strong><br \/>\n<strong>P : Comestar Stormatic<\/strong><br \/>\n<strong>M : Gauglera Leadoff Jenifer EX-93<\/strong><br \/>\n<strong>P : Armin Odermatt, Liesberg<\/strong><\/p>\n<p>Als vor fast 12 Jahren die ber\u00fchmte Gauglera-Herde verkauft wurde, standen vor allem zwei Nummern bestehend aus Mutter und Tochter im Mittelpunkt. Die Mutter, Gauglera Leadoff Jenifer, wurde kurz darauf f\u00fcr ihren neuen Besitzer Luxemburger Nationalchampion. Die Tochter, Gauglera Stormatic Orina, zum Gl\u00fcck in der Schweiz, denn ihre z\u00fcchterischen F\u00e4higkeiten z\u00e4hlen zum Besten, was man in Punkto Leistung, Exterieur und Nutzungsdauer \u00fcberhaupt finden kann. Von den bis heute geborenen 14 weiblichen K\u00e4lbern sind neun T\u00f6chter in Milch. Zwei davon, Rohrberg Goldwyn Oriana EX-92 und Rohrberg Armani Omega EX-91, wurden bereits EX eingestuft. Mehrere VG eingestufte Schwestern aus den Paarungen mit Armani, Golden Dreams, Ross oder Atwood k\u00f6nnten Ihnen bald folgen und den bisher 3 Sternen ihrer Mutter weitere hinzuf\u00fcgen.<\/p>\n<p>[\/vc_column_text][\/vc_column][\/vc_row][vc_row][vc_column][vc_separator][\/vc_column][\/vc_row][vc_row css=&#8221;.vc_custom_1588000591507{margin-bottom: 40px !important;}&#8221;][vc_column width=&#8221;1\/2&#8243;][vc_column_text]<strong>Hellender Champion Cortina\u00a0\u00a0\u00a0\u00a0\u00a0 GM 7*<\/strong><br \/>\n<strong>EX-94 3E<\/strong><br \/>\n<strong>\u00d8 5 lact. 301 11.057 kg 4.27% 3.45%<\/strong><br \/>\n<strong>01.07.2005<\/strong><br \/>\n<strong>P : Calbrett-I HH Champion<\/strong><br \/>\n<strong>M : Hellender Juror Jurgolin EX-92<\/strong><br \/>\n<strong>P : Eric Schopfer &amp; Thomas Ender, M\u00f4tiers<\/strong><\/p>\n<p>Mit Hellender Champion Cortina kandidiert hier eine Kuh, an deren Familie und eigenen z\u00fcchterischen F\u00e4higkeiten keine Zweifel bestehen. Die EX-94 Champion-Tochter der Ausnahme- und 35-Sternekuh Hellender Juror Jurgolin erreicht mit nur drei melkenden Nachkommen beeindruckende 7 Sterne. Cortinas VG-85 eingestufte Micos-Tochter Gloria hat gerade in ihrer 7. Laktation 100.000kg Lebensleistung \u00fcberschritten und produziert auf hohem Niveau weiter. Cortinas mittlerweile verstorbene EX-93 Goldwyn-Tochter Glinnia ist als Reserve Grand Champion der Swiss\u00b4Expo 2016 weltbekannt. Eine andere Goldwyn, Gillie EX-92, war Reserve Grand Champion der Aargauer Eliteschau 2019. Gerade ist eine hoffnungsvolle McCutchen in ihre 1. Laktation gestartet. Au\u00dferdem gab es zwei S\u00f6hne von Laurin und Shottle bei Swissgenetics. Unter den vielen starken Mitgliedern der Jurgolin-Familien sticht Cortina nochmals heraus.[\/vc_column_text][\/vc_column][vc_column width=&#8221;1\/2&#8243;][vc_single_image image=&#8221;14397&#8243; img_size=&#8221;full&#8221; css=&#8221;.vc_custom_1589187002390{background-position: center !important;background-repeat: no-repeat !important;background-size: contain !important;}&#8221;][\/vc_column][\/vc_row][vc_row][vc_column][vc_separator][\/vc_column][\/vc_row][vc_row css=&#8221;.vc_custom_1588000580811{margin-bottom: 40px !important;}&#8221;][vc_column width=&#8221;1\/2&#8243;][vc_single_image image=&#8221;14284&#8243; img_size=&#8221;full&#8221; css=&#8221;.vc_custom_1588233429452{background-position: center !important;background-repeat: no-repeat !important;background-size: contain !important;}&#8221;][\/vc_column][vc_column width=&#8221;1\/2&#8243;][vc_column_text]<strong>La Waebera Glacier Oceanie\u00a0\u00a0\u00a0\u00a0\u00a0\u00a0 GM 6*<\/strong><br \/>\n<strong>EX-94 3E<\/strong><br \/>\n<strong>\u00d8 6 lact. 305 12.687 kg 3.83% 3.35%<\/strong><br \/>\n<strong>25.09.2005<\/strong><br \/>\n<strong>P : Sunnylodge Glacier Red<\/strong><br \/>\n<strong>M : La Waebera Jordan Heidine Red EX-90<\/strong><br \/>\n<strong>P : Ferme La Waebera, Le Mouret<\/strong><\/p>\n<p>Die ihren wohlverdienten Ruhestand genie\u00dfende La Waebera Glacier Oceanie galt zu ihrer eigenen aktiven Zeiten als eine der besten Schauk\u00fche der Schweiz, aber mittlerweile muss man ihr z\u00fcchterisches Potential noch h\u00f6her einsch\u00e4tzen. Ihre exzellent und VG eingestuften T\u00f6chter wie Ralstorm Tina EX-93 oder Rockstar Oceane EX-92 verhalfen ihr genauso zu ihren aktuell 6 Sternen wie etliche herausragende Enkelinnen, von denen wir hier nur Armani Oceana EX-91, Armani Olala VG-86 und Destry Tinette VG-89, die Mutter von La Waebera Sunfish Tyfish bei Swissgenetics, erw\u00e4hnen wollen. Und nat\u00fcrlich darf man Oceanies eigene t\u00f6chtergepr\u00fcften S\u00f6hne nicht vergessen: La Waebera Teatro Oracle und insbesondere La Waebera Destry Tibere, dessen T\u00f6chter mit hohen Einstufungen und tollen Schauresultaten auffallen.[\/vc_column_text][\/vc_column][\/vc_row][vc_row][vc_column][vc_separator][\/vc_column][\/vc_row][vc_row css=&#8221;.vc_custom_1588000591507{margin-bottom: 40px !important;}&#8221;][vc_column width=&#8221;1\/2&#8243;][vc_column_text]<strong>Mollanges Director Sabrina\u00a0\u00a0\u00a0\u00a0\u00a0\u00a0\u00a0\u00a0 4*<\/strong><br \/>\n<strong>EX-94 3E<\/strong><br \/>\n<strong>\u00d8 4 lact. 305 10.883 kg 4.32% 3.46%<\/strong><br \/>\n<strong>02.05.2010<\/strong><br \/>\n<strong>P : Scientific Director<\/strong><br \/>\n<strong>M : Mollanges September Solene EX-94<\/strong><br \/>\n<strong>P : Junker &amp; Stampfli, Iffwil<\/strong><\/p>\n<p>Im letzten Jahr war ihre Mutter Solene unter den nominierten Kandidaten zur Holstein Switzerland Kuh des Jahres, aber wahrscheinlich sind Sabrinas Zuchtqualit\u00e4ten denen ihrer ber\u00fchmten Mutter sogar noch \u00fcberlegen. Sabrina, die vor einigen Monaten selbst noch als Reserve Euterchampion der Swiss Expo ausgezeichnet wurde, hat innerhalb weniger Monate, genau seit Juni 2019, bereits 4 Sterne erhalten. Verantwortlich daf\u00fcr sind etliche melkende T\u00f6chter mit bemerkenswerten Einstufungen und herausragenden Schauerfolgen. Stellvertretend wollen wir hier nur Mattenhof Absolute Sidney EX-94, Euterchampion und Klassendritte der Swiss Expo 2020, Mattenhof Armani Sayuri EX-92, Klassenzweite der Europaschau 2019, Mattenhof Addiction Sublime VG-88, HM Grand Champion der Swiss Red Night 2018, oder die EX-91 eingestufte Mattenhof Absolute Suzy nennen.[\/vc_column_text][\/vc_column][vc_column width=&#8221;1\/2&#8243;][vc_single_image image=&#8221;14399&#8243; img_size=&#8221;full&#8221; css=&#8221;.vc_custom_1589187068558{background-position: center !important;background-repeat: no-repeat !important;background-size: contain !important;}&#8221;][\/vc_column][\/vc_row][vc_row][vc_column][vc_separator][\/vc_column][\/vc_row][vc_row css=&#8221;.vc_custom_1588000580811{margin-bottom: 40px !important;}&#8221;][vc_column width=&#8221;1\/2&#8243;][vc_single_image image=&#8221;14401&#8243; img_size=&#8221;full&#8221; css=&#8221;.vc_custom_1589187095254{background-position: center !important;background-repeat: no-repeat !important;background-size: contain !important;}&#8221;][\/vc_column][vc_column width=&#8221;1\/2&#8243;][vc_column_text]<strong>Vidia Demello Ravisante\u00a0 11*<\/strong><br \/>\n<strong>EX-91 4E<\/strong><br \/>\n<strong>\u00d8 5 lact. 301 9.871 kg 3.69% 3.38%<\/strong><br \/>\n<strong>01.01.2011<\/strong><br \/>\n<strong>P : Scientific Demello RC<\/strong><br \/>\n<strong>M : Vidia Mr Burns Miss Red VG-89<\/strong><br \/>\n<strong>P : Michel Castella, Sommentier<\/strong><\/p>\n<p>Wenn die Wahl der Kuh des Jahres neben den z\u00fcchterischen Leistungen auch den Einfluss einzelner K\u00fche auf die gesamte Population w\u00fcrdigen soll, dann geht an der bereits 2019 nominierten Vidia Demello Ravisante gerade in diesem Jahr kein Weg vorbei. Neben ihren T\u00f6chtern sind es n\u00e4mlich vor allem ihre Enkel, die f\u00fcr Furore sorgen. Swissbec Power-Red, der Durango-Sohn aus Ravisantes Mogul-Tochter Castel Talina EX-91, gl\u00e4nzte in den vergangenen Monaten mit seinen ersten melkenden T\u00f6chtern auf etlichen Schauen in Europa. Dessen Bankroll-Halbbruder Castel Bad RC hat zwar noch keine T\u00f6chter in Milch, darf sich aber vor allem aufgrund seiner haushohen Zuchtwerte f\u00fcr Euter und Inhaltsstoffe zu den beliebtesten Bullen der Schweiz z\u00e4hlen. Auch sein Einfluss auf die Population wird enorm sein.[\/vc_column_text][\/vc_column][\/vc_row][vc_row][vc_column css=&#8221;.vc_custom_1588000397433{margin-bottom: 40px !important;}&#8221;][vc_column_text]<\/p>\n<h3><\/h3>\n<h3>DIE WAHL<\/h3>\n<p>Es ist also an Ihnen, eine Entscheidung zu treffen. Nehmen Sie sich Zeit, die beschriebenen Kandidaten und ihre z\u00fcchterischen Leistungen genau zu studieren. Haben Sie Ihre Wahl getroffen? Dann tragen Sie Ihre Favoritin auf dem beistehenden Formular ein. Vergessen Sie nicht, Ihren Namen und Adresse anzuf\u00fchren. Auch ein Kommentar zu Ihrer Wahl ist gerne willkommen. Teilnahmeberechtigt sind alle Mitglieder von Holstein Switzerland sowie alle Leser von HI\/KuhFacto. Je Mitglied und je Abonnement ist nur eine Stimmabgabe m\u00f6glich. Senden Sie das ausgef\u00fcllte Formular \u00fcber den Postweg (Route de Grangeneuve 27, CH-1725 Posieux) oder als Scan via Mail (<a href=\"mailto:info@holstein.ch\" target=\"_blank\" rel=\"noopener noreferrer\">info@holstein.ch<\/a> oder <a href=\"mailto:st_kuhfacto@yahoo.de\" target=\"_blank\" rel=\"noopener noreferrer\">st_kuhfacto@yahoo.de<\/a>) an Holstein Switzerland und HI\/KuhFacto. Parallel dazu erhalten alle Mitglieder von Holstein Switzerland und alle Leser von HI\/KuhFacto, von denen uns ein E-Mail-Kontakt vorliegt, in den kommenden Tagen eine Nachricht, bei der Sie \u00fcber eine einfache Antwortfunktion auf digitalem Weg abstimmen k\u00f6nnen. Der Einsendeschluss f\u00fcr alle Wahloptionen ist der 31. Mai 2020. Jetzt aber viel Spass bei der Analyse der Kandidatinnen und viel Gl\u00fcck bei der Abstimmung zur `Holstein Switzerland Kuh des Jahres 2020`.[\/vc_column_text][\/vc_column][\/vc_row]<\/p>\n","protected":false},"excerpt":{"rendered":"<p>[vc_row css=&#8221;.vc_custom_1588007433596{margin-bottom: 30px !important;}&#8221;][vc_column width=&#8221;1\/2&#8243; css=&#8221;.vc_custom_1588230482199{margin-bottom: 30px !important;}&#8221;][vc_btn title=&#8221;Abstimmung per E-Mail&#8221; color=&#8221;turquoise&#8221; size=&#8221;lg&#8221; align=&#8221;center&#8221; i_icon_fontawesome=&#8221;fas fa-envelope&#8221; button_block=&#8221;true&#8221; add_icon=&#8221;true&#8221; link=&#8221;url:mailto%3Ainfo%40holstein.ch|title:Voter%20par%20mail|target:%20_blank|&#8221;][\/vc_column][vc_column width=&#8221;1\/2&#8243;][vc_btn title=&#8221;Abstimmung per Post (Formular zum Ausdrucken)&#8221; color=&#8221;turquoise&#8221; size=&#8221;lg&#8221; align=&#8221;center&#8221; i_icon_fontawesome=&#8221;fas fa-edit&#8221; button_block=&#8221;true&#8221; add_icon=&#8221;true&#8221; link=&#8221;url:https%3A%2F%2Fwww.holstein.ch%2Fwp-content%2Fuploads%2FKuh-des-Jahres-2020-F.pdf|title:Vers%20le%20PDF|target:%20_blank|&#8221; css=&#8221;.vc_custom_1588232973314{margin-bottom: 30px !important;}&#8221;][\/vc_column][\/vc_row][vc_row][vc_column][vc_separator][\/vc_column][\/vc_row][vc_row css=&#8221;.vc_custom_1588000580811{margin-bottom: 40px !important;}&#8221;][vc_column width=&#8221;1\/2&#8243;][vc_single_image image=&#8221;14395&#8243; img_size=&#8221;full&#8221; css=&#8221;.vc_custom_1589186965425{background-position: center !important;background-repeat: no-repeat !important;background-size: contain !important;}&#8221;][\/vc_column][vc_column width=&#8221;1\/2&#8243;][vc_column_text]Gauglera Stormatic Orina GM 3* [&hellip;]<\/p>\n","protected":false},"author":42,"featured_media":14273,"comment_status":"open","ping_status":"open","sticky":false,"template":"","format":"standard","meta":{"_acf_changed":false,"_monsterinsights_skip_tracking":false,"_monsterinsights_sitenote_active":false,"_monsterinsights_sitenote_note":"","_monsterinsights_sitenote_category":0,"footnotes":""},"categories":[600],"tags":[],"class_list":["post-14269","post","type-post","status-publish","format-standard","has-post-thumbnail","hentry","category-weitere-nachrichten"],"acf":[],"yoast_head":"<!-- This site is optimized with the Yoast SEO plugin v26.9 - https:\/\/yoast.com\/product\/yoast-seo-wordpress\/ -->\n<title>5 h\u00fcbsche Kandidaten &quot;Holstein Switzerland Kuh des Jahres 2020&quot; - Holstein Switzerland<\/title>\n<meta name=\"robots\" content=\"index, follow, max-snippet:-1, max-image-preview:large, max-video-preview:-1\" \/>\n<link rel=\"canonical\" href=\"https:\/\/www.holstein.ch\/de\/5-huebsche-kandidaten-holstein-switzerland-kuh-des-jahres-2020\/\" \/>\n<meta property=\"og:locale\" content=\"de_DE\" \/>\n<meta property=\"og:type\" content=\"article\" \/>\n<meta property=\"og:title\" content=\"5 h\u00fcbsche Kandidaten &quot;Holstein Switzerland Kuh des Jahres 2020&quot; - Holstein Switzerland\" \/>\n<meta property=\"og:description\" content=\"[vc_row css=&#8221;.vc_custom_1588007433596{margin-bottom: 30px !important;}&#8221;][vc_column width=&#8221;1\/2&#8243; css=&#8221;.vc_custom_1588230482199{margin-bottom: 30px !important;}&#8221;][vc_btn title=&#8221;Abstimmung per E-Mail&#8221; color=&#8221;turquoise&#8221; size=&#8221;lg&#8221; align=&#8221;center&#8221; i_icon_fontawesome=&#8221;fas fa-envelope&#8221; button_block=&#8221;true&#8221; add_icon=&#8221;true&#8221; link=&#8221;url:mailto%3Ainfo%40holstein.ch|title:Voter%20par%20mail|target:%20_blank|&#8221;][\/vc_column][vc_column width=&#8221;1\/2&#8243;][vc_btn title=&#8221;Abstimmung per Post (Formular zum Ausdrucken)&#8221; color=&#8221;turquoise&#8221; size=&#8221;lg&#8221; align=&#8221;center&#8221; i_icon_fontawesome=&#8221;fas fa-edit&#8221; button_block=&#8221;true&#8221; add_icon=&#8221;true&#8221; link=&#8221;url:https%3A%2F%2Fwww.holstein.ch%2Fwp-content%2Fuploads%2FKuh-des-Jahres-2020-F.pdf|title:Vers%20le%20PDF|target:%20_blank|&#8221; css=&#8221;.vc_custom_1588232973314{margin-bottom: 30px !important;}&#8221;][\/vc_column][\/vc_row][vc_row][vc_column][vc_separator][\/vc_column][\/vc_row][vc_row css=&#8221;.vc_custom_1588000580811{margin-bottom: 40px !important;}&#8221;][vc_column width=&#8221;1\/2&#8243;][vc_single_image image=&#8221;14395&#8243; img_size=&#8221;full&#8221; css=&#8221;.vc_custom_1589186965425{background-position: center !important;background-repeat: no-repeat !important;background-size: contain !important;}&#8221;][\/vc_column][vc_column width=&#8221;1\/2&#8243;][vc_column_text]Gauglera Stormatic Orina GM 3* [&hellip;]\" \/>\n<meta property=\"og:url\" content=\"https:\/\/www.holstein.ch\/de\/5-huebsche-kandidaten-holstein-switzerland-kuh-des-jahres-2020\/\" \/>\n<meta property=\"og:site_name\" content=\"Holstein Switzerland\" \/>\n<meta property=\"article:publisher\" content=\"https:\/\/www.facebook.com\/HolSwi\" \/>\n<meta property=\"article:published_time\" content=\"2020-04-30T07:55:11+00:00\" \/>\n<meta property=\"article:modified_time\" content=\"2023-09-28T07:47:31+00:00\" \/>\n<meta property=\"og:image\" content=\"https:\/\/www.holstein.ch\/wp-content\/uploads\/AdobeStock_270873126-Converti.jpg\" \/>\n\t<meta property=\"og:image:width\" content=\"453\" \/>\n\t<meta property=\"og:image:height\" content=\"446\" \/>\n\t<meta property=\"og:image:type\" content=\"image\/jpeg\" \/>\n<meta name=\"author\" content=\"Marie-Jos\u00e9 Rossier\" \/>\n<meta name=\"twitter:card\" content=\"summary_large_image\" \/>\n<meta name=\"twitter:label1\" content=\"Verfasst von\" \/>\n\t<meta name=\"twitter:data1\" content=\"Marie-Jos\u00e9 Rossier\" \/>\n\t<meta name=\"twitter:label2\" content=\"Gesch\u00e4tzte Lesezeit\" \/>\n\t<meta name=\"twitter:data2\" content=\"7\u00a0Minuten\" \/>\n<script type=\"application\/ld+json\" class=\"yoast-schema-graph\">{\"@context\":\"https:\/\/schema.org\",\"@graph\":[{\"@type\":\"NewsArticle\",\"@id\":\"https:\/\/www.holstein.ch\/de\/5-huebsche-kandidaten-holstein-switzerland-kuh-des-jahres-2020\/#article\",\"isPartOf\":{\"@id\":\"https:\/\/www.holstein.ch\/de\/5-huebsche-kandidaten-holstein-switzerland-kuh-des-jahres-2020\/\"},\"author\":{\"name\":\"Marie-Jos\u00e9 Rossier\",\"@id\":\"https:\/\/www.holstein.ch\/de\/#\/schema\/person\/91e83d490a3dfd0906e65d37ecbcbfb6\"},\"headline\":\"5 h\u00fcbsche Kandidaten &#8220;Holstein Switzerland Kuh des Jahres 2020&#8221;\",\"datePublished\":\"2020-04-30T07:55:11+00:00\",\"dateModified\":\"2023-09-28T07:47:31+00:00\",\"mainEntityOfPage\":{\"@id\":\"https:\/\/www.holstein.ch\/de\/5-huebsche-kandidaten-holstein-switzerland-kuh-des-jahres-2020\/\"},\"wordCount\":1321,\"commentCount\":0,\"publisher\":{\"@id\":\"https:\/\/www.holstein.ch\/de\/#organization\"},\"image\":{\"@id\":\"https:\/\/www.holstein.ch\/de\/5-huebsche-kandidaten-holstein-switzerland-kuh-des-jahres-2020\/#primaryimage\"},\"thumbnailUrl\":\"https:\/\/www.holstein.ch\/wp-content\/uploads\/AdobeStock_270873126-Converti.jpg\",\"articleSection\":[\"Weitere Nachrichten\"],\"inLanguage\":\"de\"},{\"@type\":\"WebPage\",\"@id\":\"https:\/\/www.holstein.ch\/de\/5-huebsche-kandidaten-holstein-switzerland-kuh-des-jahres-2020\/\",\"url\":\"https:\/\/www.holstein.ch\/de\/5-huebsche-kandidaten-holstein-switzerland-kuh-des-jahres-2020\/\",\"name\":\"5 h\u00fcbsche Kandidaten \\\"Holstein Switzerland Kuh des Jahres 2020\\\" - Holstein Switzerland\",\"isPartOf\":{\"@id\":\"https:\/\/www.holstein.ch\/de\/#website\"},\"primaryImageOfPage\":{\"@id\":\"https:\/\/www.holstein.ch\/de\/5-huebsche-kandidaten-holstein-switzerland-kuh-des-jahres-2020\/#primaryimage\"},\"image\":{\"@id\":\"https:\/\/www.holstein.ch\/de\/5-huebsche-kandidaten-holstein-switzerland-kuh-des-jahres-2020\/#primaryimage\"},\"thumbnailUrl\":\"https:\/\/www.holstein.ch\/wp-content\/uploads\/AdobeStock_270873126-Converti.jpg\",\"datePublished\":\"2020-04-30T07:55:11+00:00\",\"dateModified\":\"2023-09-28T07:47:31+00:00\",\"breadcrumb\":{\"@id\":\"https:\/\/www.holstein.ch\/de\/5-huebsche-kandidaten-holstein-switzerland-kuh-des-jahres-2020\/#breadcrumb\"},\"inLanguage\":\"de\",\"potentialAction\":[{\"@type\":\"ReadAction\",\"target\":[\"https:\/\/www.holstein.ch\/de\/5-huebsche-kandidaten-holstein-switzerland-kuh-des-jahres-2020\/\"]}]},{\"@type\":\"ImageObject\",\"inLanguage\":\"de\",\"@id\":\"https:\/\/www.holstein.ch\/de\/5-huebsche-kandidaten-holstein-switzerland-kuh-des-jahres-2020\/#primaryimage\",\"url\":\"https:\/\/www.holstein.ch\/wp-content\/uploads\/AdobeStock_270873126-Converti.jpg\",\"contentUrl\":\"https:\/\/www.holstein.ch\/wp-content\/uploads\/AdobeStock_270873126-Converti.jpg\",\"width\":453,\"height\":446},{\"@type\":\"BreadcrumbList\",\"@id\":\"https:\/\/www.holstein.ch\/de\/5-huebsche-kandidaten-holstein-switzerland-kuh-des-jahres-2020\/#breadcrumb\",\"itemListElement\":[{\"@type\":\"ListItem\",\"position\":1,\"name\":\"Weitere Nachrichten\",\"item\":\"https:\/\/www.holstein.ch\/de\/publikationen\/weitere-nachrichten\/\"},{\"@type\":\"ListItem\",\"position\":2,\"name\":\"5 h\u00fcbsche Kandidaten &#8220;Holstein Switzerland Kuh des Jahres 2020&#8221;\"}]},{\"@type\":\"WebSite\",\"@id\":\"https:\/\/www.holstein.ch\/de\/#website\",\"url\":\"https:\/\/www.holstein.ch\/de\/\",\"name\":\"Holstein Switzerland\",\"description\":\"Holstein Switzerland\",\"publisher\":{\"@id\":\"https:\/\/www.holstein.ch\/de\/#organization\"},\"potentialAction\":[{\"@type\":\"SearchAction\",\"target\":{\"@type\":\"EntryPoint\",\"urlTemplate\":\"https:\/\/www.holstein.ch\/de\/?s={search_term_string}\"},\"query-input\":{\"@type\":\"PropertyValueSpecification\",\"valueRequired\":true,\"valueName\":\"search_term_string\"}}],\"inLanguage\":\"de\"},{\"@type\":\"Organization\",\"@id\":\"https:\/\/www.holstein.ch\/de\/#organization\",\"name\":\"Holstein Switzerland\",\"url\":\"https:\/\/www.holstein.ch\/de\/\",\"logo\":{\"@type\":\"ImageObject\",\"inLanguage\":\"de\",\"@id\":\"https:\/\/www.holstein.ch\/de\/#\/schema\/logo\/image\/\",\"url\":\"https:\/\/www.holstein.ch\/wp-content\/uploads\/2023\/09\/holstein_switzerland_logo.png\",\"contentUrl\":\"https:\/\/www.holstein.ch\/wp-content\/uploads\/2023\/09\/holstein_switzerland_logo.png\",\"width\":800,\"height\":621,\"caption\":\"Holstein Switzerland\"},\"image\":{\"@id\":\"https:\/\/www.holstein.ch\/de\/#\/schema\/logo\/image\/\"},\"sameAs\":[\"https:\/\/www.facebook.com\/HolSwi\",\"https:\/\/www.youtube.com\/@holsteinswitzerland\",\"https:\/\/www.instagram.com\/holstein_switzerland\"]},{\"@type\":\"Person\",\"@id\":\"https:\/\/www.holstein.ch\/de\/#\/schema\/person\/91e83d490a3dfd0906e65d37ecbcbfb6\",\"name\":\"Marie-Jos\u00e9 Rossier\",\"image\":{\"@type\":\"ImageObject\",\"inLanguage\":\"de\",\"@id\":\"https:\/\/www.holstein.ch\/de\/#\/schema\/person\/image\/\",\"url\":\"https:\/\/secure.gravatar.com\/avatar\/68ae16187ec4e6b8556e0e811e57dcb7c21c138f955e02087102f283ee2b3bb6?s=96&d=mm&r=g\",\"contentUrl\":\"https:\/\/secure.gravatar.com\/avatar\/68ae16187ec4e6b8556e0e811e57dcb7c21c138f955e02087102f283ee2b3bb6?s=96&d=mm&r=g\",\"caption\":\"Marie-Jos\u00e9 Rossier\"}}]}<\/script>\n<!-- \/ Yoast SEO plugin. -->","yoast_head_json":{"title":"5 h\u00fcbsche Kandidaten \"Holstein Switzerland Kuh des Jahres 2020\" - Holstein Switzerland","robots":{"index":"index","follow":"follow","max-snippet":"max-snippet:-1","max-image-preview":"max-image-preview:large","max-video-preview":"max-video-preview:-1"},"canonical":"https:\/\/www.holstein.ch\/de\/5-huebsche-kandidaten-holstein-switzerland-kuh-des-jahres-2020\/","og_locale":"de_DE","og_type":"article","og_title":"5 h\u00fcbsche Kandidaten \"Holstein Switzerland Kuh des Jahres 2020\" - Holstein Switzerland","og_description":"[vc_row css=&#8221;.vc_custom_1588007433596{margin-bottom: 30px !important;}&#8221;][vc_column width=&#8221;1\/2&#8243; css=&#8221;.vc_custom_1588230482199{margin-bottom: 30px !important;}&#8221;][vc_btn title=&#8221;Abstimmung per E-Mail&#8221; color=&#8221;turquoise&#8221; size=&#8221;lg&#8221; align=&#8221;center&#8221; i_icon_fontawesome=&#8221;fas fa-envelope&#8221; button_block=&#8221;true&#8221; add_icon=&#8221;true&#8221; link=&#8221;url:mailto%3Ainfo%40holstein.ch|title:Voter%20par%20mail|target:%20_blank|&#8221;][\/vc_column][vc_column width=&#8221;1\/2&#8243;][vc_btn title=&#8221;Abstimmung per Post (Formular zum Ausdrucken)&#8221; color=&#8221;turquoise&#8221; size=&#8221;lg&#8221; align=&#8221;center&#8221; i_icon_fontawesome=&#8221;fas fa-edit&#8221; button_block=&#8221;true&#8221; add_icon=&#8221;true&#8221; link=&#8221;url:https%3A%2F%2Fwww.holstein.ch%2Fwp-content%2Fuploads%2FKuh-des-Jahres-2020-F.pdf|title:Vers%20le%20PDF|target:%20_blank|&#8221; css=&#8221;.vc_custom_1588232973314{margin-bottom: 30px !important;}&#8221;][\/vc_column][\/vc_row][vc_row][vc_column][vc_separator][\/vc_column][\/vc_row][vc_row css=&#8221;.vc_custom_1588000580811{margin-bottom: 40px !important;}&#8221;][vc_column width=&#8221;1\/2&#8243;][vc_single_image image=&#8221;14395&#8243; img_size=&#8221;full&#8221; css=&#8221;.vc_custom_1589186965425{background-position: center !important;background-repeat: no-repeat !important;background-size: contain !important;}&#8221;][\/vc_column][vc_column width=&#8221;1\/2&#8243;][vc_column_text]Gauglera Stormatic Orina GM 3* [&hellip;]","og_url":"https:\/\/www.holstein.ch\/de\/5-huebsche-kandidaten-holstein-switzerland-kuh-des-jahres-2020\/","og_site_name":"Holstein Switzerland","article_publisher":"https:\/\/www.facebook.com\/HolSwi","article_published_time":"2020-04-30T07:55:11+00:00","article_modified_time":"2023-09-28T07:47:31+00:00","og_image":[{"width":453,"height":446,"url":"https:\/\/www.holstein.ch\/wp-content\/uploads\/AdobeStock_270873126-Converti.jpg","type":"image\/jpeg"}],"author":"Marie-Jos\u00e9 Rossier","twitter_card":"summary_large_image","twitter_misc":{"Verfasst von":"Marie-Jos\u00e9 Rossier","Gesch\u00e4tzte Lesezeit":"7\u00a0Minuten"},"schema":{"@context":"https:\/\/schema.org","@graph":[{"@type":"NewsArticle","@id":"https:\/\/www.holstein.ch\/de\/5-huebsche-kandidaten-holstein-switzerland-kuh-des-jahres-2020\/#article","isPartOf":{"@id":"https:\/\/www.holstein.ch\/de\/5-huebsche-kandidaten-holstein-switzerland-kuh-des-jahres-2020\/"},"author":{"name":"Marie-Jos\u00e9 Rossier","@id":"https:\/\/www.holstein.ch\/de\/#\/schema\/person\/91e83d490a3dfd0906e65d37ecbcbfb6"},"headline":"5 h\u00fcbsche Kandidaten &#8220;Holstein Switzerland Kuh des Jahres 2020&#8221;","datePublished":"2020-04-30T07:55:11+00:00","dateModified":"2023-09-28T07:47:31+00:00","mainEntityOfPage":{"@id":"https:\/\/www.holstein.ch\/de\/5-huebsche-kandidaten-holstein-switzerland-kuh-des-jahres-2020\/"},"wordCount":1321,"commentCount":0,"publisher":{"@id":"https:\/\/www.holstein.ch\/de\/#organization"},"image":{"@id":"https:\/\/www.holstein.ch\/de\/5-huebsche-kandidaten-holstein-switzerland-kuh-des-jahres-2020\/#primaryimage"},"thumbnailUrl":"https:\/\/www.holstein.ch\/wp-content\/uploads\/AdobeStock_270873126-Converti.jpg","articleSection":["Weitere Nachrichten"],"inLanguage":"de"},{"@type":"WebPage","@id":"https:\/\/www.holstein.ch\/de\/5-huebsche-kandidaten-holstein-switzerland-kuh-des-jahres-2020\/","url":"https:\/\/www.holstein.ch\/de\/5-huebsche-kandidaten-holstein-switzerland-kuh-des-jahres-2020\/","name":"5 h\u00fcbsche Kandidaten \"Holstein Switzerland Kuh des Jahres 2020\" - Holstein Switzerland","isPartOf":{"@id":"https:\/\/www.holstein.ch\/de\/#website"},"primaryImageOfPage":{"@id":"https:\/\/www.holstein.ch\/de\/5-huebsche-kandidaten-holstein-switzerland-kuh-des-jahres-2020\/#primaryimage"},"image":{"@id":"https:\/\/www.holstein.ch\/de\/5-huebsche-kandidaten-holstein-switzerland-kuh-des-jahres-2020\/#primaryimage"},"thumbnailUrl":"https:\/\/www.holstein.ch\/wp-content\/uploads\/AdobeStock_270873126-Converti.jpg","datePublished":"2020-04-30T07:55:11+00:00","dateModified":"2023-09-28T07:47:31+00:00","breadcrumb":{"@id":"https:\/\/www.holstein.ch\/de\/5-huebsche-kandidaten-holstein-switzerland-kuh-des-jahres-2020\/#breadcrumb"},"inLanguage":"de","potentialAction":[{"@type":"ReadAction","target":["https:\/\/www.holstein.ch\/de\/5-huebsche-kandidaten-holstein-switzerland-kuh-des-jahres-2020\/"]}]},{"@type":"ImageObject","inLanguage":"de","@id":"https:\/\/www.holstein.ch\/de\/5-huebsche-kandidaten-holstein-switzerland-kuh-des-jahres-2020\/#primaryimage","url":"https:\/\/www.holstein.ch\/wp-content\/uploads\/AdobeStock_270873126-Converti.jpg","contentUrl":"https:\/\/www.holstein.ch\/wp-content\/uploads\/AdobeStock_270873126-Converti.jpg","width":453,"height":446},{"@type":"BreadcrumbList","@id":"https:\/\/www.holstein.ch\/de\/5-huebsche-kandidaten-holstein-switzerland-kuh-des-jahres-2020\/#breadcrumb","itemListElement":[{"@type":"ListItem","position":1,"name":"Weitere Nachrichten","item":"https:\/\/www.holstein.ch\/de\/publikationen\/weitere-nachrichten\/"},{"@type":"ListItem","position":2,"name":"5 h\u00fcbsche Kandidaten &#8220;Holstein Switzerland Kuh des Jahres 2020&#8221;"}]},{"@type":"WebSite","@id":"https:\/\/www.holstein.ch\/de\/#website","url":"https:\/\/www.holstein.ch\/de\/","name":"Holstein Switzerland","description":"Holstein Switzerland","publisher":{"@id":"https:\/\/www.holstein.ch\/de\/#organization"},"potentialAction":[{"@type":"SearchAction","target":{"@type":"EntryPoint","urlTemplate":"https:\/\/www.holstein.ch\/de\/?s={search_term_string}"},"query-input":{"@type":"PropertyValueSpecification","valueRequired":true,"valueName":"search_term_string"}}],"inLanguage":"de"},{"@type":"Organization","@id":"https:\/\/www.holstein.ch\/de\/#organization","name":"Holstein Switzerland","url":"https:\/\/www.holstein.ch\/de\/","logo":{"@type":"ImageObject","inLanguage":"de","@id":"https:\/\/www.holstein.ch\/de\/#\/schema\/logo\/image\/","url":"https:\/\/www.holstein.ch\/wp-content\/uploads\/2023\/09\/holstein_switzerland_logo.png","contentUrl":"https:\/\/www.holstein.ch\/wp-content\/uploads\/2023\/09\/holstein_switzerland_logo.png","width":800,"height":621,"caption":"Holstein Switzerland"},"image":{"@id":"https:\/\/www.holstein.ch\/de\/#\/schema\/logo\/image\/"},"sameAs":["https:\/\/www.facebook.com\/HolSwi","https:\/\/www.youtube.com\/@holsteinswitzerland","https:\/\/www.instagram.com\/holstein_switzerland"]},{"@type":"Person","@id":"https:\/\/www.holstein.ch\/de\/#\/schema\/person\/91e83d490a3dfd0906e65d37ecbcbfb6","name":"Marie-Jos\u00e9 Rossier","image":{"@type":"ImageObject","inLanguage":"de","@id":"https:\/\/www.holstein.ch\/de\/#\/schema\/person\/image\/","url":"https:\/\/secure.gravatar.com\/avatar\/68ae16187ec4e6b8556e0e811e57dcb7c21c138f955e02087102f283ee2b3bb6?s=96&d=mm&r=g","contentUrl":"https:\/\/secure.gravatar.com\/avatar\/68ae16187ec4e6b8556e0e811e57dcb7c21c138f955e02087102f283ee2b3bb6?s=96&d=mm&r=g","caption":"Marie-Jos\u00e9 Rossier"}}]}},"_links":{"self":[{"href":"https:\/\/www.holstein.ch\/de\/wp-json\/wp\/v2\/posts\/14269","targetHints":{"allow":["GET"]}}],"collection":[{"href":"https:\/\/www.holstein.ch\/de\/wp-json\/wp\/v2\/posts"}],"about":[{"href":"https:\/\/www.holstein.ch\/de\/wp-json\/wp\/v2\/types\/post"}],"author":[{"embeddable":true,"href":"https:\/\/www.holstein.ch\/de\/wp-json\/wp\/v2\/users\/42"}],"replies":[{"embeddable":true,"href":"https:\/\/www.holstein.ch\/de\/wp-json\/wp\/v2\/comments?post=14269"}],"version-history":[{"count":1,"href":"https:\/\/www.holstein.ch\/de\/wp-json\/wp\/v2\/posts\/14269\/revisions"}],"predecessor-version":[{"id":25004,"href":"https:\/\/www.holstein.ch\/de\/wp-json\/wp\/v2\/posts\/14269\/revisions\/25004"}],"wp:featuredmedia":[{"embeddable":true,"href":"https:\/\/www.holstein.ch\/de\/wp-json\/wp\/v2\/media\/14273"}],"wp:attachment":[{"href":"https:\/\/www.holstein.ch\/de\/wp-json\/wp\/v2\/media?parent=14269"}],"wp:term":[{"taxonomy":"category","embeddable":true,"href":"https:\/\/www.holstein.ch\/de\/wp-json\/wp\/v2\/categories?post=14269"},{"taxonomy":"post_tag","embeddable":true,"href":"https:\/\/www.holstein.ch\/de\/wp-json\/wp\/v2\/tags?post=14269"}],"curies":[{"name":"wp","href":"https:\/\/api.w.org\/{rel}","templated":true}]}}