{"id":15018,"date":"2020-08-14T09:50:56","date_gmt":"2020-08-14T07:50:56","guid":{"rendered":"https:\/\/www.holstein.ch\/merkblatt-fuer-die-durchfuehrung-von-viehausstellungen-im-herbst-2020\/"},"modified":"2023-09-28T09:47:24","modified_gmt":"2023-09-28T07:47:24","slug":"merkblatt-fuer-die-durchfuehrung-von-viehausstellungen-im-herbst-2020","status":"publish","type":"post","link":"https:\/\/www.holstein.ch\/de\/merkblatt-fuer-die-durchfuehrung-von-viehausstellungen-im-herbst-2020\/","title":{"rendered":"Merkblatt f\u00fcr die  Durchf\u00fchrung von Viehausstellungen im Herbst 2020"},"content":{"rendered":"<p>[vc_row][vc_column][vc_column_text]Nachdem die Viehausstellungen im Fr\u00fchling nicht durchgef\u00fchrt werden konnten, ist es den Zuchtverb\u00e4nden wichtig, die Ausstellungen unter den COVID-19 bedingten Auflagen durch\u00adf\u00fchren zu k\u00f6nnen. Die allgemein geltenden Corona-Schutz- und Hygienemassnahmen gel\u00adten insbesondere auch f\u00fcr Ausstellungen und m\u00fcssen zwingend eingehalten werden.<\/p>\n<p>Im Vordergrund steht die Beurteilung der K\u00fche, hingegen gelten f\u00fcr Teilnehmer und Besu\u00adcher strikte Regeln um die Gesundheit der Besucher, Z\u00fcchterfamilien und der Experten nicht zu gef\u00e4hrden. Bei zu erwartenden gr\u00f6sseren Besucheraufm\u00e4rschen sind besondere Vorkehrungen zu treffen.<\/p>\n<p>Die Veranstalter sind verantwortlich f\u00fcr das Einhalten der Schutzmassnahmen. F\u00fcr alle \u00f6f\u00adfentlich zug\u00e4nglichen Einrichtungen und Betriebe sowie f\u00fcr Veranstaltungen braucht es zu\u00addem ein Schutzkonzept, das vom Veranstalter durchgesetzt werden muss (Vorlage auf den Webseiten der Zuchtverb\u00e4nde und der ASR).<\/p>\n<p>Folgende allgemeine Richtlinien gelten:<\/p>\n<ul>\n<li>Das Schutzkonzept muss Massnahmen zur Hygiene (z. B. M\u00f6glichkeit zum H\u00e4nde\u00adwa\u00adschen oder H\u00e4ndedesinfektion, regelm\u00e4ssige Reinigung von Oberfl\u00e4chen) und zur Ein\u00adhaltung eines Abstands von mindestens 1.5 Metern vorsehen.<\/li>\n<li>Falls dieser Abstand nicht eingehalten werden kann, m\u00fcssen geeignete Schutz\u00admassnahmen (z.B. Tragen einer Hygienemaske) umgesetzt werden. Es wird empfohlen, Hygienemasken vor Ort abzugeben.<\/li>\n<li>Falls sowohl der Abstand wie auch die Schutzmassnahmen nicht eingehalten werden k\u00f6nnen, m\u00fcssen die Veranstalter Kontaktdaten der anwesenden Personen aufnehmen und verifizieren (Name, Adresse, Telefonnummer).<br \/>\nBei mehr als 300 Besuchern muss bei Aufnahme der Kontaktdaten eine Unterteilung in Steh- oder Sitzplatzsektoren mit maximal 300 Personen vorgenommen werden.<br \/>\nEin Wechsel der Personen von einem Sektor in den anderen ist verboten.<br \/>\n<span style=\"color: #ff0000;\">Bitte auf die jeweiligen spezifischen kantonalen Vorschriften achten!<\/span><\/li>\n<li>Grossveranstaltungen mit \u00fcber 1&#8217;000 Personen sind z.Z. nicht m\u00f6glich.<\/li>\n<li>Im Schutzkonzept wird eine Person bezeichnet, die f\u00fcr die Umsetzung des Konzepts verantwortlich ist und den Kontakt zu den kantonalen Beh\u00f6rden pflegt.<\/li>\n<\/ul>\n<p>Bzgl. Verpflegung\/Festwirtschaft wird empfohlen, diese dezentral (Verpflegungsst\u00e4nde) zu organisieren. Damit k\u00f6nnen gr\u00f6ssere Personenansammlungen vermieden werden. F\u00fcr Fest\u00adwirtschaften (Festzelt etc.) muss zwingend das Branchen-Schutzkonzept von GastroSuisse umgesetzt werden (<a href=\"https:\/\/www.gastrosuisse.ch\/de\/angebot\/branchenwissen\/informationen-covid-19\/branchen-schutzkonzept-unter-covid-19\/\">https:\/\/www.gastrosuisse.ch\/de\/angebot\/branchenwissen\/informationen-covid-19\/branchen-schutzkonzept-unter-covid-19\/<\/a>.<\/p>\n<p>Die Vorgaben des BAG und weitergehende Vorschriften der Kantone k\u00f6nnen jederzeit \u00e4n\u00addern. Deshalb wird dringend empfohlen, das Schutzkonzept mit der zust\u00e4ndigen kantonalen Beh\u00f6rde abzusprechen.<\/p>\n<p>Gegenw\u00e4rtig gelten folgende kantonale Zusatzbestimmungen (Stand 11. August 2020):<\/p>\n<table>\n<tbody>\n<tr>\n<td width=\"104\"><strong>Kanton<\/strong><\/td>\n<td width=\"514\"><strong>Massnahmen<\/strong><\/td>\n<\/tr>\n<tr>\n<td width=\"104\">AG, BL, BS, LU, SO<\/td>\n<td width=\"514\">Bei Veranstaltungen \u00fcber 100 Besuchern, an denen der Mindestabstand oder Schutzmassnahmen nicht eingehalten werden k\u00f6nnen, muss eine Unterteilung in Sektoren \u00e0 maximal 100 Personen vorgenommen werden.<\/td>\n<\/tr>\n<tr>\n<td width=\"104\">FR<\/td>\n<td width=\"514\">Die Teilnehmerzahl bei Veranstaltungen ist auf maximal 300 Personen begrenzt.<\/td>\n<\/tr>\n<tr>\n<td width=\"104\">GE<\/td>\n<td width=\"514\">Besondere Anordnungen (Maskenpflicht etc.) beachten.<\/td>\n<\/tr>\n<tr>\n<td width=\"104\">GL<\/td>\n<td width=\"514\">Erfassen Kontaktdaten aller G\u00e4ste, wenn Mindestabst\u00e4nde nicht einge\u00adhalten werden k\u00f6nnen.<\/td>\n<\/tr>\n<tr>\n<td width=\"104\">GR<\/td>\n<td width=\"514\">Erhobene Kontaktdaten m\u00fcssen auf Richtigkeit \u00fcberpr\u00fcft werden.<\/td>\n<\/tr>\n<tr>\n<td width=\"104\">TI<\/td>\n<td width=\"514\">Menschenansammlungen von mehr als 30 Personen sind verboten.<\/td>\n<\/tr>\n<\/tbody>\n<\/table>\n<p>&nbsp;<\/p>\n<p>Ohne Gew\u00e4hr und Anspruch auf Vollst\u00e4ndigkeit, immer aktuelle kantonale Bestimmungen \u00fcberpr\u00fcfen!<\/p>\n<p>Weitere Informationen auf den untenstehenden Link:[\/vc_column_text][\/vc_column][\/vc_row][vc_row][vc_column][vc_btn title=&#8221;Schutzkonzept Viehschauen COVID-19&#8243; color=&#8221;turquoise&#8221; align=&#8221;center&#8221; link=&#8221;url:https%3A%2F%2Fwww.holstein.ch%2Fwp-content%2Fuploads%2Fchbv_ho_shb_Schutzkonzept_Viehschauen_2020.pdf|target:%20_blank|&#8221;][\/vc_column][\/vc_row]<\/p>\n","protected":false},"excerpt":{"rendered":"<p>[vc_row][vc_column][vc_column_text]Nachdem die Viehausstellungen im Fr\u00fchling nicht durchgef\u00fchrt werden konnten, ist es den Zuchtverb\u00e4nden wichtig, die Ausstellungen unter den COVID-19 bedingten Auflagen durch\u00adf\u00fchren zu k\u00f6nnen. Die allgemein geltenden Corona-Schutz- und Hygienemassnahmen gel\u00adten insbesondere auch f\u00fcr Ausstellungen und m\u00fcssen zwingend eingehalten werden. Im Vordergrund steht die Beurteilung der K\u00fche, hingegen gelten f\u00fcr Teilnehmer und Besu\u00adcher strikte Regeln [&hellip;]<\/p>\n","protected":false},"author":2,"featured_media":0,"comment_status":"open","ping_status":"open","sticky":false,"template":"","format":"standard","meta":{"_acf_changed":false,"_monsterinsights_skip_tracking":false,"_monsterinsights_sitenote_active":false,"_monsterinsights_sitenote_note":"","_monsterinsights_sitenote_category":0,"footnotes":""},"categories":[600],"tags":[],"class_list":["post-15018","post","type-post","status-publish","format-standard","hentry","category-weitere-nachrichten"],"acf":[],"yoast_head":"<!-- This site is optimized with the Yoast SEO plugin v26.9 - https:\/\/yoast.com\/product\/yoast-seo-wordpress\/ -->\n<title>Merkblatt f\u00fcr die Durchf\u00fchrung von Viehausstellungen im Herbst 2020 - Holstein Switzerland<\/title>\n<meta name=\"robots\" content=\"index, follow, max-snippet:-1, max-image-preview:large, max-video-preview:-1\" \/>\n<link rel=\"canonical\" href=\"https:\/\/www.holstein.ch\/de\/merkblatt-fuer-die-durchfuehrung-von-viehausstellungen-im-herbst-2020\/\" \/>\n<meta property=\"og:locale\" content=\"de_DE\" \/>\n<meta property=\"og:type\" content=\"article\" \/>\n<meta property=\"og:title\" content=\"Merkblatt f\u00fcr die Durchf\u00fchrung von Viehausstellungen im Herbst 2020 - Holstein Switzerland\" \/>\n<meta property=\"og:description\" content=\"[vc_row][vc_column][vc_column_text]Nachdem die Viehausstellungen im Fr\u00fchling nicht durchgef\u00fchrt werden konnten, ist es den Zuchtverb\u00e4nden wichtig, die Ausstellungen unter den COVID-19 bedingten Auflagen durch\u00adf\u00fchren zu k\u00f6nnen. Die allgemein geltenden Corona-Schutz- und Hygienemassnahmen gel\u00adten insbesondere auch f\u00fcr Ausstellungen und m\u00fcssen zwingend eingehalten werden. Im Vordergrund steht die Beurteilung der K\u00fche, hingegen gelten f\u00fcr Teilnehmer und Besu\u00adcher strikte Regeln [&hellip;]\" \/>\n<meta property=\"og:url\" content=\"https:\/\/www.holstein.ch\/de\/merkblatt-fuer-die-durchfuehrung-von-viehausstellungen-im-herbst-2020\/\" \/>\n<meta property=\"og:site_name\" content=\"Holstein Switzerland\" \/>\n<meta property=\"article:publisher\" content=\"https:\/\/www.facebook.com\/HolSwi\" \/>\n<meta property=\"article:published_time\" content=\"2020-08-14T07:50:56+00:00\" \/>\n<meta property=\"article:modified_time\" content=\"2023-09-28T07:47:24+00:00\" \/>\n<meta name=\"author\" content=\"Patrick Monod\" \/>\n<meta name=\"twitter:card\" content=\"summary_large_image\" \/>\n<meta name=\"twitter:label1\" content=\"Verfasst von\" \/>\n\t<meta name=\"twitter:data1\" content=\"Patrick Monod\" \/>\n\t<meta name=\"twitter:label2\" content=\"Gesch\u00e4tzte Lesezeit\" \/>\n\t<meta name=\"twitter:data2\" content=\"3\u00a0Minuten\" \/>\n<script type=\"application\/ld+json\" class=\"yoast-schema-graph\">{\"@context\":\"https:\/\/schema.org\",\"@graph\":[{\"@type\":\"NewsArticle\",\"@id\":\"https:\/\/www.holstein.ch\/de\/merkblatt-fuer-die-durchfuehrung-von-viehausstellungen-im-herbst-2020\/#article\",\"isPartOf\":{\"@id\":\"https:\/\/www.holstein.ch\/de\/merkblatt-fuer-die-durchfuehrung-von-viehausstellungen-im-herbst-2020\/\"},\"author\":{\"name\":\"Patrick Monod\",\"@id\":\"https:\/\/www.holstein.ch\/de\/#\/schema\/person\/a2ace477ff3383343477ba270f4888d4\"},\"headline\":\"Merkblatt f\u00fcr die Durchf\u00fchrung von Viehausstellungen im Herbst 2020\",\"datePublished\":\"2020-08-14T07:50:56+00:00\",\"dateModified\":\"2023-09-28T07:47:24+00:00\",\"mainEntityOfPage\":{\"@id\":\"https:\/\/www.holstein.ch\/de\/merkblatt-fuer-die-durchfuehrung-von-viehausstellungen-im-herbst-2020\/\"},\"wordCount\":543,\"commentCount\":0,\"publisher\":{\"@id\":\"https:\/\/www.holstein.ch\/de\/#organization\"},\"articleSection\":[\"Weitere Nachrichten\"],\"inLanguage\":\"de\"},{\"@type\":\"WebPage\",\"@id\":\"https:\/\/www.holstein.ch\/de\/merkblatt-fuer-die-durchfuehrung-von-viehausstellungen-im-herbst-2020\/\",\"url\":\"https:\/\/www.holstein.ch\/de\/merkblatt-fuer-die-durchfuehrung-von-viehausstellungen-im-herbst-2020\/\",\"name\":\"Merkblatt f\u00fcr die Durchf\u00fchrung von Viehausstellungen im Herbst 2020 - Holstein Switzerland\",\"isPartOf\":{\"@id\":\"https:\/\/www.holstein.ch\/de\/#website\"},\"datePublished\":\"2020-08-14T07:50:56+00:00\",\"dateModified\":\"2023-09-28T07:47:24+00:00\",\"breadcrumb\":{\"@id\":\"https:\/\/www.holstein.ch\/de\/merkblatt-fuer-die-durchfuehrung-von-viehausstellungen-im-herbst-2020\/#breadcrumb\"},\"inLanguage\":\"de\",\"potentialAction\":[{\"@type\":\"ReadAction\",\"target\":[\"https:\/\/www.holstein.ch\/de\/merkblatt-fuer-die-durchfuehrung-von-viehausstellungen-im-herbst-2020\/\"]}]},{\"@type\":\"BreadcrumbList\",\"@id\":\"https:\/\/www.holstein.ch\/de\/merkblatt-fuer-die-durchfuehrung-von-viehausstellungen-im-herbst-2020\/#breadcrumb\",\"itemListElement\":[{\"@type\":\"ListItem\",\"position\":1,\"name\":\"Weitere Nachrichten\",\"item\":\"https:\/\/www.holstein.ch\/de\/publikationen\/weitere-nachrichten\/\"},{\"@type\":\"ListItem\",\"position\":2,\"name\":\"Merkblatt f\u00fcr die Durchf\u00fchrung von Viehausstellungen im Herbst 2020\"}]},{\"@type\":\"WebSite\",\"@id\":\"https:\/\/www.holstein.ch\/de\/#website\",\"url\":\"https:\/\/www.holstein.ch\/de\/\",\"name\":\"Holstein Switzerland\",\"description\":\"Holstein Switzerland\",\"publisher\":{\"@id\":\"https:\/\/www.holstein.ch\/de\/#organization\"},\"potentialAction\":[{\"@type\":\"SearchAction\",\"target\":{\"@type\":\"EntryPoint\",\"urlTemplate\":\"https:\/\/www.holstein.ch\/de\/?s={search_term_string}\"},\"query-input\":{\"@type\":\"PropertyValueSpecification\",\"valueRequired\":true,\"valueName\":\"search_term_string\"}}],\"inLanguage\":\"de\"},{\"@type\":\"Organization\",\"@id\":\"https:\/\/www.holstein.ch\/de\/#organization\",\"name\":\"Holstein Switzerland\",\"url\":\"https:\/\/www.holstein.ch\/de\/\",\"logo\":{\"@type\":\"ImageObject\",\"inLanguage\":\"de\",\"@id\":\"https:\/\/www.holstein.ch\/de\/#\/schema\/logo\/image\/\",\"url\":\"https:\/\/www.holstein.ch\/wp-content\/uploads\/2023\/09\/holstein_switzerland_logo.png\",\"contentUrl\":\"https:\/\/www.holstein.ch\/wp-content\/uploads\/2023\/09\/holstein_switzerland_logo.png\",\"width\":800,\"height\":621,\"caption\":\"Holstein Switzerland\"},\"image\":{\"@id\":\"https:\/\/www.holstein.ch\/de\/#\/schema\/logo\/image\/\"},\"sameAs\":[\"https:\/\/www.facebook.com\/HolSwi\",\"https:\/\/www.youtube.com\/@holsteinswitzerland\",\"https:\/\/www.instagram.com\/holstein_switzerland\"]},{\"@type\":\"Person\",\"@id\":\"https:\/\/www.holstein.ch\/de\/#\/schema\/person\/a2ace477ff3383343477ba270f4888d4\",\"name\":\"Patrick Monod\",\"image\":{\"@type\":\"ImageObject\",\"inLanguage\":\"de\",\"@id\":\"https:\/\/www.holstein.ch\/de\/#\/schema\/person\/image\/\",\"url\":\"https:\/\/secure.gravatar.com\/avatar\/07a4bcc52c1860dda0c210cc06a14fb51c110e3cb89aa716a61b79b9e9bf5efd?s=96&d=mm&r=g\",\"contentUrl\":\"https:\/\/secure.gravatar.com\/avatar\/07a4bcc52c1860dda0c210cc06a14fb51c110e3cb89aa716a61b79b9e9bf5efd?s=96&d=mm&r=g\",\"caption\":\"Patrick Monod\"}}]}<\/script>\n<!-- \/ Yoast SEO plugin. -->","yoast_head_json":{"title":"Merkblatt f\u00fcr die Durchf\u00fchrung von Viehausstellungen im Herbst 2020 - Holstein Switzerland","robots":{"index":"index","follow":"follow","max-snippet":"max-snippet:-1","max-image-preview":"max-image-preview:large","max-video-preview":"max-video-preview:-1"},"canonical":"https:\/\/www.holstein.ch\/de\/merkblatt-fuer-die-durchfuehrung-von-viehausstellungen-im-herbst-2020\/","og_locale":"de_DE","og_type":"article","og_title":"Merkblatt f\u00fcr die Durchf\u00fchrung von Viehausstellungen im Herbst 2020 - Holstein Switzerland","og_description":"[vc_row][vc_column][vc_column_text]Nachdem die Viehausstellungen im Fr\u00fchling nicht durchgef\u00fchrt werden konnten, ist es den Zuchtverb\u00e4nden wichtig, die Ausstellungen unter den COVID-19 bedingten Auflagen durch\u00adf\u00fchren zu k\u00f6nnen. Die allgemein geltenden Corona-Schutz- und Hygienemassnahmen gel\u00adten insbesondere auch f\u00fcr Ausstellungen und m\u00fcssen zwingend eingehalten werden. Im Vordergrund steht die Beurteilung der K\u00fche, hingegen gelten f\u00fcr Teilnehmer und Besu\u00adcher strikte Regeln [&hellip;]","og_url":"https:\/\/www.holstein.ch\/de\/merkblatt-fuer-die-durchfuehrung-von-viehausstellungen-im-herbst-2020\/","og_site_name":"Holstein Switzerland","article_publisher":"https:\/\/www.facebook.com\/HolSwi","article_published_time":"2020-08-14T07:50:56+00:00","article_modified_time":"2023-09-28T07:47:24+00:00","author":"Patrick Monod","twitter_card":"summary_large_image","twitter_misc":{"Verfasst von":"Patrick Monod","Gesch\u00e4tzte Lesezeit":"3\u00a0Minuten"},"schema":{"@context":"https:\/\/schema.org","@graph":[{"@type":"NewsArticle","@id":"https:\/\/www.holstein.ch\/de\/merkblatt-fuer-die-durchfuehrung-von-viehausstellungen-im-herbst-2020\/#article","isPartOf":{"@id":"https:\/\/www.holstein.ch\/de\/merkblatt-fuer-die-durchfuehrung-von-viehausstellungen-im-herbst-2020\/"},"author":{"name":"Patrick Monod","@id":"https:\/\/www.holstein.ch\/de\/#\/schema\/person\/a2ace477ff3383343477ba270f4888d4"},"headline":"Merkblatt f\u00fcr die Durchf\u00fchrung von Viehausstellungen im Herbst 2020","datePublished":"2020-08-14T07:50:56+00:00","dateModified":"2023-09-28T07:47:24+00:00","mainEntityOfPage":{"@id":"https:\/\/www.holstein.ch\/de\/merkblatt-fuer-die-durchfuehrung-von-viehausstellungen-im-herbst-2020\/"},"wordCount":543,"commentCount":0,"publisher":{"@id":"https:\/\/www.holstein.ch\/de\/#organization"},"articleSection":["Weitere Nachrichten"],"inLanguage":"de"},{"@type":"WebPage","@id":"https:\/\/www.holstein.ch\/de\/merkblatt-fuer-die-durchfuehrung-von-viehausstellungen-im-herbst-2020\/","url":"https:\/\/www.holstein.ch\/de\/merkblatt-fuer-die-durchfuehrung-von-viehausstellungen-im-herbst-2020\/","name":"Merkblatt f\u00fcr die Durchf\u00fchrung von Viehausstellungen im Herbst 2020 - Holstein Switzerland","isPartOf":{"@id":"https:\/\/www.holstein.ch\/de\/#website"},"datePublished":"2020-08-14T07:50:56+00:00","dateModified":"2023-09-28T07:47:24+00:00","breadcrumb":{"@id":"https:\/\/www.holstein.ch\/de\/merkblatt-fuer-die-durchfuehrung-von-viehausstellungen-im-herbst-2020\/#breadcrumb"},"inLanguage":"de","potentialAction":[{"@type":"ReadAction","target":["https:\/\/www.holstein.ch\/de\/merkblatt-fuer-die-durchfuehrung-von-viehausstellungen-im-herbst-2020\/"]}]},{"@type":"BreadcrumbList","@id":"https:\/\/www.holstein.ch\/de\/merkblatt-fuer-die-durchfuehrung-von-viehausstellungen-im-herbst-2020\/#breadcrumb","itemListElement":[{"@type":"ListItem","position":1,"name":"Weitere Nachrichten","item":"https:\/\/www.holstein.ch\/de\/publikationen\/weitere-nachrichten\/"},{"@type":"ListItem","position":2,"name":"Merkblatt f\u00fcr die Durchf\u00fchrung von Viehausstellungen im Herbst 2020"}]},{"@type":"WebSite","@id":"https:\/\/www.holstein.ch\/de\/#website","url":"https:\/\/www.holstein.ch\/de\/","name":"Holstein Switzerland","description":"Holstein Switzerland","publisher":{"@id":"https:\/\/www.holstein.ch\/de\/#organization"},"potentialAction":[{"@type":"SearchAction","target":{"@type":"EntryPoint","urlTemplate":"https:\/\/www.holstein.ch\/de\/?s={search_term_string}"},"query-input":{"@type":"PropertyValueSpecification","valueRequired":true,"valueName":"search_term_string"}}],"inLanguage":"de"},{"@type":"Organization","@id":"https:\/\/www.holstein.ch\/de\/#organization","name":"Holstein Switzerland","url":"https:\/\/www.holstein.ch\/de\/","logo":{"@type":"ImageObject","inLanguage":"de","@id":"https:\/\/www.holstein.ch\/de\/#\/schema\/logo\/image\/","url":"https:\/\/www.holstein.ch\/wp-content\/uploads\/2023\/09\/holstein_switzerland_logo.png","contentUrl":"https:\/\/www.holstein.ch\/wp-content\/uploads\/2023\/09\/holstein_switzerland_logo.png","width":800,"height":621,"caption":"Holstein Switzerland"},"image":{"@id":"https:\/\/www.holstein.ch\/de\/#\/schema\/logo\/image\/"},"sameAs":["https:\/\/www.facebook.com\/HolSwi","https:\/\/www.youtube.com\/@holsteinswitzerland","https:\/\/www.instagram.com\/holstein_switzerland"]},{"@type":"Person","@id":"https:\/\/www.holstein.ch\/de\/#\/schema\/person\/a2ace477ff3383343477ba270f4888d4","name":"Patrick Monod","image":{"@type":"ImageObject","inLanguage":"de","@id":"https:\/\/www.holstein.ch\/de\/#\/schema\/person\/image\/","url":"https:\/\/secure.gravatar.com\/avatar\/07a4bcc52c1860dda0c210cc06a14fb51c110e3cb89aa716a61b79b9e9bf5efd?s=96&d=mm&r=g","contentUrl":"https:\/\/secure.gravatar.com\/avatar\/07a4bcc52c1860dda0c210cc06a14fb51c110e3cb89aa716a61b79b9e9bf5efd?s=96&d=mm&r=g","caption":"Patrick Monod"}}]}},"_links":{"self":[{"href":"https:\/\/www.holstein.ch\/de\/wp-json\/wp\/v2\/posts\/15018","targetHints":{"allow":["GET"]}}],"collection":[{"href":"https:\/\/www.holstein.ch\/de\/wp-json\/wp\/v2\/posts"}],"about":[{"href":"https:\/\/www.holstein.ch\/de\/wp-json\/wp\/v2\/types\/post"}],"author":[{"embeddable":true,"href":"https:\/\/www.holstein.ch\/de\/wp-json\/wp\/v2\/users\/2"}],"replies":[{"embeddable":true,"href":"https:\/\/www.holstein.ch\/de\/wp-json\/wp\/v2\/comments?post=15018"}],"version-history":[{"count":1,"href":"https:\/\/www.holstein.ch\/de\/wp-json\/wp\/v2\/posts\/15018\/revisions"}],"predecessor-version":[{"id":25002,"href":"https:\/\/www.holstein.ch\/de\/wp-json\/wp\/v2\/posts\/15018\/revisions\/25002"}],"wp:attachment":[{"href":"https:\/\/www.holstein.ch\/de\/wp-json\/wp\/v2\/media?parent=15018"}],"wp:term":[{"taxonomy":"category","embeddable":true,"href":"https:\/\/www.holstein.ch\/de\/wp-json\/wp\/v2\/categories?post=15018"},{"taxonomy":"post_tag","embeddable":true,"href":"https:\/\/www.holstein.ch\/de\/wp-json\/wp\/v2\/tags?post=15018"}],"curies":[{"name":"wp","href":"https:\/\/api.w.org\/{rel}","templated":true}]}}