{"id":15140,"date":"2020-09-07T15:14:59","date_gmt":"2020-09-07T13:14:59","guid":{"rendered":"https:\/\/www.holstein.ch\/corona-beeinflusst-anlaesse-von-swissgenetics\/"},"modified":"2023-09-28T09:47:24","modified_gmt":"2023-09-28T07:47:24","slug":"corona-beeinflusst-anlaesse-von-swissgenetics","status":"publish","type":"post","link":"https:\/\/www.holstein.ch\/de\/corona-beeinflusst-anlaesse-von-swissgenetics\/","title":{"rendered":"Corona beeinflusst Anl\u00e4sse von Swissgenetics"},"content":{"rendered":"<p>[vc_row][vc_column][vc_column_text]<\/p>\n<p class=\"p2\"><span style=\"color: #000000;\">Corona bedingte Einschr\u00e4nkungen erfordern die Absage, bzw. die Neuorganisation von Veranstaltungen durch Swissgenetics. Die Gesundheit der Teilnehmenden steht hierbei an erster Stelle. Aufgrund der nachvollziehbaren beh\u00f6rdlichen Vorschriften und Empfehlungen wird eine Durchf\u00fchrung mit einem vertretbaren Aufwand sehr schwierig.<\/span><\/p>\n<p class=\"p2\"><span style=\"color: #000000;\">Die Gesch\u00e4ftsleitung und der Vorstand von Swissgenetics haben sich zu folgendem Vorgehen entschieden:<\/span><\/p>\n<ul>\n<li class=\"p2\"><span style=\"color: #000000;\">Die f\u00fcr den 25.\/26. November 2020 im Rahmen der <b>EXPO Swissgenetics <\/b>geplante Nachzuchtschau in der VIANCO Arena <b>findet nicht statt. <\/b>Die beh\u00f6rdlichen Auflagen sind mit vertretbarem Aufwand kaum umzusetzen und das Ziel eines gem\u00fctlichen Z\u00fcchtertreffs erscheint uns eher unrealistisch zu sein.<\/span><\/li>\n<li class=\"p2\"><span style=\"color: #000000;\"><b>Die Auktion \u00abTop Sale\u00bb <\/b>vom 25. \u2013 27. November 2020 <b>findet statt, <\/b>allerdings mit einem angepassten Konzept. Swissgenetics wird die neue Form rechtzeitig kommunizieren.<\/span><\/li>\n<li class=\"p2\"><span style=\"color: #000000;\"><b>Swissgenetics organisiert im 2020 keine Z\u00fcchterinfo-Abende. <\/b>Bei Bedarf stehen allerdings Referenten f\u00fcr Swissgenetics-externe Anl\u00e4sse zur Verf\u00fcgung.<\/span><\/li>\n<li class=\"p2\"><span style=\"color: #000000;\">Der Entscheid zur Durchf\u00fchrung des <b>Jungkuh-Championnat in Thun <\/b>(21.01.21) wird bis Ende September 2020 gef\u00e4llt.<\/span><\/li>\n<\/ul>\n<p class=\"p2\"><span style=\"color: #000000;\">Weitere Informationen:<\/span><\/p>\n<p>[\/vc_column_text][\/vc_column][\/vc_row][vc_row][vc_column][vc_btn title=&#8221;Swissgenetics Medienmitteilung&#8221; color=&#8221;turquoise&#8221; align=&#8221;center&#8221; link=&#8221;url:https%3A%2F%2Fwww.holstein.ch%2Fwp-content%2Fuploads%2FMM-Grossanla%CC%88sse-2020_200907.pdf|target:%20_blank|&#8221;][\/vc_column][\/vc_row]<\/p>\n","protected":false},"excerpt":{"rendered":"<p>[vc_row][vc_column][vc_column_text] Corona bedingte Einschr\u00e4nkungen erfordern die Absage, bzw. die Neuorganisation von Veranstaltungen durch Swissgenetics. Die Gesundheit der Teilnehmenden steht hierbei an erster Stelle. Aufgrund der nachvollziehbaren beh\u00f6rdlichen Vorschriften und Empfehlungen wird eine Durchf\u00fchrung mit einem vertretbaren Aufwand sehr schwierig. Die Gesch\u00e4ftsleitung und der Vorstand von Swissgenetics haben sich zu folgendem Vorgehen entschieden: Die f\u00fcr den [&hellip;]<\/p>\n","protected":false},"author":2,"featured_media":0,"comment_status":"open","ping_status":"open","sticky":false,"template":"","format":"standard","meta":{"_acf_changed":false,"_monsterinsights_skip_tracking":false,"_monsterinsights_sitenote_active":false,"_monsterinsights_sitenote_note":"","_monsterinsights_sitenote_category":0,"footnotes":""},"categories":[600],"tags":[],"class_list":["post-15140","post","type-post","status-publish","format-standard","hentry","category-weitere-nachrichten"],"acf":[],"yoast_head":"<!-- This site is optimized with the Yoast SEO plugin v26.9 - https:\/\/yoast.com\/product\/yoast-seo-wordpress\/ -->\n<title>Corona beeinflusst Anl\u00e4sse von Swissgenetics - Holstein Switzerland<\/title>\n<meta name=\"robots\" content=\"index, follow, max-snippet:-1, max-image-preview:large, max-video-preview:-1\" \/>\n<link rel=\"canonical\" href=\"https:\/\/www.holstein.ch\/de\/corona-beeinflusst-anlaesse-von-swissgenetics\/\" \/>\n<meta property=\"og:locale\" content=\"de_DE\" \/>\n<meta property=\"og:type\" content=\"article\" \/>\n<meta property=\"og:title\" content=\"Corona beeinflusst Anl\u00e4sse von Swissgenetics - Holstein Switzerland\" \/>\n<meta property=\"og:description\" content=\"[vc_row][vc_column][vc_column_text] Corona bedingte Einschr\u00e4nkungen erfordern die Absage, bzw. die Neuorganisation von Veranstaltungen durch Swissgenetics. Die Gesundheit der Teilnehmenden steht hierbei an erster Stelle. Aufgrund der nachvollziehbaren beh\u00f6rdlichen Vorschriften und Empfehlungen wird eine Durchf\u00fchrung mit einem vertretbaren Aufwand sehr schwierig. Die Gesch\u00e4ftsleitung und der Vorstand von Swissgenetics haben sich zu folgendem Vorgehen entschieden: Die f\u00fcr den [&hellip;]\" \/>\n<meta property=\"og:url\" content=\"https:\/\/www.holstein.ch\/de\/corona-beeinflusst-anlaesse-von-swissgenetics\/\" \/>\n<meta property=\"og:site_name\" content=\"Holstein Switzerland\" \/>\n<meta property=\"article:publisher\" content=\"https:\/\/www.facebook.com\/HolSwi\" \/>\n<meta property=\"article:published_time\" content=\"2020-09-07T13:14:59+00:00\" \/>\n<meta property=\"article:modified_time\" content=\"2023-09-28T07:47:24+00:00\" \/>\n<meta name=\"author\" content=\"Patrick Monod\" \/>\n<meta name=\"twitter:card\" content=\"summary_large_image\" \/>\n<meta name=\"twitter:label1\" content=\"Verfasst von\" \/>\n\t<meta name=\"twitter:data1\" content=\"Patrick Monod\" \/>\n\t<meta name=\"twitter:label2\" content=\"Gesch\u00e4tzte Lesezeit\" \/>\n\t<meta name=\"twitter:data2\" content=\"1\u00a0Minute\" \/>\n<script type=\"application\/ld+json\" class=\"yoast-schema-graph\">{\"@context\":\"https:\/\/schema.org\",\"@graph\":[{\"@type\":\"NewsArticle\",\"@id\":\"https:\/\/www.holstein.ch\/de\/corona-beeinflusst-anlaesse-von-swissgenetics\/#article\",\"isPartOf\":{\"@id\":\"https:\/\/www.holstein.ch\/de\/corona-beeinflusst-anlaesse-von-swissgenetics\/\"},\"author\":{\"name\":\"Patrick Monod\",\"@id\":\"https:\/\/www.holstein.ch\/de\/#\/schema\/person\/a2ace477ff3383343477ba270f4888d4\"},\"headline\":\"Corona beeinflusst Anl\u00e4sse von Swissgenetics\",\"datePublished\":\"2020-09-07T13:14:59+00:00\",\"dateModified\":\"2023-09-28T07:47:24+00:00\",\"mainEntityOfPage\":{\"@id\":\"https:\/\/www.holstein.ch\/de\/corona-beeinflusst-anlaesse-von-swissgenetics\/\"},\"wordCount\":207,\"commentCount\":0,\"publisher\":{\"@id\":\"https:\/\/www.holstein.ch\/de\/#organization\"},\"articleSection\":[\"Weitere Nachrichten\"],\"inLanguage\":\"de\"},{\"@type\":\"WebPage\",\"@id\":\"https:\/\/www.holstein.ch\/de\/corona-beeinflusst-anlaesse-von-swissgenetics\/\",\"url\":\"https:\/\/www.holstein.ch\/de\/corona-beeinflusst-anlaesse-von-swissgenetics\/\",\"name\":\"Corona beeinflusst Anl\u00e4sse von Swissgenetics - Holstein Switzerland\",\"isPartOf\":{\"@id\":\"https:\/\/www.holstein.ch\/de\/#website\"},\"datePublished\":\"2020-09-07T13:14:59+00:00\",\"dateModified\":\"2023-09-28T07:47:24+00:00\",\"breadcrumb\":{\"@id\":\"https:\/\/www.holstein.ch\/de\/corona-beeinflusst-anlaesse-von-swissgenetics\/#breadcrumb\"},\"inLanguage\":\"de\",\"potentialAction\":[{\"@type\":\"ReadAction\",\"target\":[\"https:\/\/www.holstein.ch\/de\/corona-beeinflusst-anlaesse-von-swissgenetics\/\"]}]},{\"@type\":\"BreadcrumbList\",\"@id\":\"https:\/\/www.holstein.ch\/de\/corona-beeinflusst-anlaesse-von-swissgenetics\/#breadcrumb\",\"itemListElement\":[{\"@type\":\"ListItem\",\"position\":1,\"name\":\"Weitere Nachrichten\",\"item\":\"https:\/\/www.holstein.ch\/de\/publikationen\/weitere-nachrichten\/\"},{\"@type\":\"ListItem\",\"position\":2,\"name\":\"Corona beeinflusst Anl\u00e4sse von Swissgenetics\"}]},{\"@type\":\"WebSite\",\"@id\":\"https:\/\/www.holstein.ch\/de\/#website\",\"url\":\"https:\/\/www.holstein.ch\/de\/\",\"name\":\"Holstein Switzerland\",\"description\":\"Holstein Switzerland\",\"publisher\":{\"@id\":\"https:\/\/www.holstein.ch\/de\/#organization\"},\"potentialAction\":[{\"@type\":\"SearchAction\",\"target\":{\"@type\":\"EntryPoint\",\"urlTemplate\":\"https:\/\/www.holstein.ch\/de\/?s={search_term_string}\"},\"query-input\":{\"@type\":\"PropertyValueSpecification\",\"valueRequired\":true,\"valueName\":\"search_term_string\"}}],\"inLanguage\":\"de\"},{\"@type\":\"Organization\",\"@id\":\"https:\/\/www.holstein.ch\/de\/#organization\",\"name\":\"Holstein Switzerland\",\"url\":\"https:\/\/www.holstein.ch\/de\/\",\"logo\":{\"@type\":\"ImageObject\",\"inLanguage\":\"de\",\"@id\":\"https:\/\/www.holstein.ch\/de\/#\/schema\/logo\/image\/\",\"url\":\"https:\/\/www.holstein.ch\/wp-content\/uploads\/2023\/09\/holstein_switzerland_logo.png\",\"contentUrl\":\"https:\/\/www.holstein.ch\/wp-content\/uploads\/2023\/09\/holstein_switzerland_logo.png\",\"width\":800,\"height\":621,\"caption\":\"Holstein Switzerland\"},\"image\":{\"@id\":\"https:\/\/www.holstein.ch\/de\/#\/schema\/logo\/image\/\"},\"sameAs\":[\"https:\/\/www.facebook.com\/HolSwi\",\"https:\/\/www.youtube.com\/@holsteinswitzerland\",\"https:\/\/www.instagram.com\/holstein_switzerland\"]},{\"@type\":\"Person\",\"@id\":\"https:\/\/www.holstein.ch\/de\/#\/schema\/person\/a2ace477ff3383343477ba270f4888d4\",\"name\":\"Patrick Monod\",\"image\":{\"@type\":\"ImageObject\",\"inLanguage\":\"de\",\"@id\":\"https:\/\/www.holstein.ch\/de\/#\/schema\/person\/image\/\",\"url\":\"https:\/\/secure.gravatar.com\/avatar\/07a4bcc52c1860dda0c210cc06a14fb51c110e3cb89aa716a61b79b9e9bf5efd?s=96&d=mm&r=g\",\"contentUrl\":\"https:\/\/secure.gravatar.com\/avatar\/07a4bcc52c1860dda0c210cc06a14fb51c110e3cb89aa716a61b79b9e9bf5efd?s=96&d=mm&r=g\",\"caption\":\"Patrick Monod\"}}]}<\/script>\n<!-- \/ Yoast SEO plugin. -->","yoast_head_json":{"title":"Corona beeinflusst Anl\u00e4sse von Swissgenetics - Holstein Switzerland","robots":{"index":"index","follow":"follow","max-snippet":"max-snippet:-1","max-image-preview":"max-image-preview:large","max-video-preview":"max-video-preview:-1"},"canonical":"https:\/\/www.holstein.ch\/de\/corona-beeinflusst-anlaesse-von-swissgenetics\/","og_locale":"de_DE","og_type":"article","og_title":"Corona beeinflusst Anl\u00e4sse von Swissgenetics - Holstein Switzerland","og_description":"[vc_row][vc_column][vc_column_text] Corona bedingte Einschr\u00e4nkungen erfordern die Absage, bzw. die Neuorganisation von Veranstaltungen durch Swissgenetics. Die Gesundheit der Teilnehmenden steht hierbei an erster Stelle. Aufgrund der nachvollziehbaren beh\u00f6rdlichen Vorschriften und Empfehlungen wird eine Durchf\u00fchrung mit einem vertretbaren Aufwand sehr schwierig. Die Gesch\u00e4ftsleitung und der Vorstand von Swissgenetics haben sich zu folgendem Vorgehen entschieden: Die f\u00fcr den [&hellip;]","og_url":"https:\/\/www.holstein.ch\/de\/corona-beeinflusst-anlaesse-von-swissgenetics\/","og_site_name":"Holstein Switzerland","article_publisher":"https:\/\/www.facebook.com\/HolSwi","article_published_time":"2020-09-07T13:14:59+00:00","article_modified_time":"2023-09-28T07:47:24+00:00","author":"Patrick Monod","twitter_card":"summary_large_image","twitter_misc":{"Verfasst von":"Patrick Monod","Gesch\u00e4tzte Lesezeit":"1\u00a0Minute"},"schema":{"@context":"https:\/\/schema.org","@graph":[{"@type":"NewsArticle","@id":"https:\/\/www.holstein.ch\/de\/corona-beeinflusst-anlaesse-von-swissgenetics\/#article","isPartOf":{"@id":"https:\/\/www.holstein.ch\/de\/corona-beeinflusst-anlaesse-von-swissgenetics\/"},"author":{"name":"Patrick Monod","@id":"https:\/\/www.holstein.ch\/de\/#\/schema\/person\/a2ace477ff3383343477ba270f4888d4"},"headline":"Corona beeinflusst Anl\u00e4sse von Swissgenetics","datePublished":"2020-09-07T13:14:59+00:00","dateModified":"2023-09-28T07:47:24+00:00","mainEntityOfPage":{"@id":"https:\/\/www.holstein.ch\/de\/corona-beeinflusst-anlaesse-von-swissgenetics\/"},"wordCount":207,"commentCount":0,"publisher":{"@id":"https:\/\/www.holstein.ch\/de\/#organization"},"articleSection":["Weitere Nachrichten"],"inLanguage":"de"},{"@type":"WebPage","@id":"https:\/\/www.holstein.ch\/de\/corona-beeinflusst-anlaesse-von-swissgenetics\/","url":"https:\/\/www.holstein.ch\/de\/corona-beeinflusst-anlaesse-von-swissgenetics\/","name":"Corona beeinflusst Anl\u00e4sse von Swissgenetics - Holstein Switzerland","isPartOf":{"@id":"https:\/\/www.holstein.ch\/de\/#website"},"datePublished":"2020-09-07T13:14:59+00:00","dateModified":"2023-09-28T07:47:24+00:00","breadcrumb":{"@id":"https:\/\/www.holstein.ch\/de\/corona-beeinflusst-anlaesse-von-swissgenetics\/#breadcrumb"},"inLanguage":"de","potentialAction":[{"@type":"ReadAction","target":["https:\/\/www.holstein.ch\/de\/corona-beeinflusst-anlaesse-von-swissgenetics\/"]}]},{"@type":"BreadcrumbList","@id":"https:\/\/www.holstein.ch\/de\/corona-beeinflusst-anlaesse-von-swissgenetics\/#breadcrumb","itemListElement":[{"@type":"ListItem","position":1,"name":"Weitere Nachrichten","item":"https:\/\/www.holstein.ch\/de\/publikationen\/weitere-nachrichten\/"},{"@type":"ListItem","position":2,"name":"Corona beeinflusst Anl\u00e4sse von Swissgenetics"}]},{"@type":"WebSite","@id":"https:\/\/www.holstein.ch\/de\/#website","url":"https:\/\/www.holstein.ch\/de\/","name":"Holstein Switzerland","description":"Holstein Switzerland","publisher":{"@id":"https:\/\/www.holstein.ch\/de\/#organization"},"potentialAction":[{"@type":"SearchAction","target":{"@type":"EntryPoint","urlTemplate":"https:\/\/www.holstein.ch\/de\/?s={search_term_string}"},"query-input":{"@type":"PropertyValueSpecification","valueRequired":true,"valueName":"search_term_string"}}],"inLanguage":"de"},{"@type":"Organization","@id":"https:\/\/www.holstein.ch\/de\/#organization","name":"Holstein Switzerland","url":"https:\/\/www.holstein.ch\/de\/","logo":{"@type":"ImageObject","inLanguage":"de","@id":"https:\/\/www.holstein.ch\/de\/#\/schema\/logo\/image\/","url":"https:\/\/www.holstein.ch\/wp-content\/uploads\/2023\/09\/holstein_switzerland_logo.png","contentUrl":"https:\/\/www.holstein.ch\/wp-content\/uploads\/2023\/09\/holstein_switzerland_logo.png","width":800,"height":621,"caption":"Holstein Switzerland"},"image":{"@id":"https:\/\/www.holstein.ch\/de\/#\/schema\/logo\/image\/"},"sameAs":["https:\/\/www.facebook.com\/HolSwi","https:\/\/www.youtube.com\/@holsteinswitzerland","https:\/\/www.instagram.com\/holstein_switzerland"]},{"@type":"Person","@id":"https:\/\/www.holstein.ch\/de\/#\/schema\/person\/a2ace477ff3383343477ba270f4888d4","name":"Patrick Monod","image":{"@type":"ImageObject","inLanguage":"de","@id":"https:\/\/www.holstein.ch\/de\/#\/schema\/person\/image\/","url":"https:\/\/secure.gravatar.com\/avatar\/07a4bcc52c1860dda0c210cc06a14fb51c110e3cb89aa716a61b79b9e9bf5efd?s=96&d=mm&r=g","contentUrl":"https:\/\/secure.gravatar.com\/avatar\/07a4bcc52c1860dda0c210cc06a14fb51c110e3cb89aa716a61b79b9e9bf5efd?s=96&d=mm&r=g","caption":"Patrick Monod"}}]}},"_links":{"self":[{"href":"https:\/\/www.holstein.ch\/de\/wp-json\/wp\/v2\/posts\/15140","targetHints":{"allow":["GET"]}}],"collection":[{"href":"https:\/\/www.holstein.ch\/de\/wp-json\/wp\/v2\/posts"}],"about":[{"href":"https:\/\/www.holstein.ch\/de\/wp-json\/wp\/v2\/types\/post"}],"author":[{"embeddable":true,"href":"https:\/\/www.holstein.ch\/de\/wp-json\/wp\/v2\/users\/2"}],"replies":[{"embeddable":true,"href":"https:\/\/www.holstein.ch\/de\/wp-json\/wp\/v2\/comments?post=15140"}],"version-history":[{"count":1,"href":"https:\/\/www.holstein.ch\/de\/wp-json\/wp\/v2\/posts\/15140\/revisions"}],"predecessor-version":[{"id":25000,"href":"https:\/\/www.holstein.ch\/de\/wp-json\/wp\/v2\/posts\/15140\/revisions\/25000"}],"wp:attachment":[{"href":"https:\/\/www.holstein.ch\/de\/wp-json\/wp\/v2\/media?parent=15140"}],"wp:term":[{"taxonomy":"category","embeddable":true,"href":"https:\/\/www.holstein.ch\/de\/wp-json\/wp\/v2\/categories?post=15140"},{"taxonomy":"post_tag","embeddable":true,"href":"https:\/\/www.holstein.ch\/de\/wp-json\/wp\/v2\/tags?post=15140"}],"curies":[{"name":"wp","href":"https:\/\/api.w.org\/{rel}","templated":true}]}}