{"id":15262,"date":"2020-09-29T09:05:24","date_gmt":"2020-09-29T07:05:24","guid":{"rendered":"https:\/\/www.holstein.ch\/absage-junior-bulle-expo-2020\/"},"modified":"2023-09-28T09:47:23","modified_gmt":"2023-09-28T07:47:23","slug":"absage-junior-bulle-expo-2020","status":"publish","type":"post","link":"https:\/\/www.holstein.ch\/de\/absage-junior-bulle-expo-2020\/","title":{"rendered":"Absage Junior Bulle Expo 2020"},"content":{"rendered":"<p>[vc_row][vc_column][vc_column_text]<\/p>\n<p>Schweren Herzens und mit grossem Bedauern muss der Vorstand der Freiburger Jungz\u00fcchter, in Absprache mit den zust\u00e4ndigen Beh\u00f6rden, die Durchf\u00fchrung der 31. Ausgabe der Junior Bulle Expo vom 3. bis 5. Dezember 2020 absagen.<\/p>\n<p>mehr Informationen in der Pressemitteilung<\/p>\n<p>[\/vc_column_text][\/vc_column][\/vc_row][vc_row][vc_column][vc_btn title=&#8221;Pressemitteilung &#8221; color=&#8221;info&#8221; align=&#8221;center&#8221; link=&#8221;url:https%3A%2F%2Fwww.holstein.ch%2Fwp-content%2Fuploads%2FCp_annulation_junior_bulle_expo_2020_D.pdf|target:%20_blank|&#8221;][\/vc_column][\/vc_row]<\/p>\n","protected":false},"excerpt":{"rendered":"<p>[vc_row][vc_column][vc_column_text] Schweren Herzens und mit grossem Bedauern muss der Vorstand der Freiburger Jungz\u00fcchter, in Absprache mit den zust\u00e4ndigen Beh\u00f6rden, die Durchf\u00fchrung der 31. Ausgabe der Junior Bulle Expo vom 3. bis 5. Dezember 2020 absagen. mehr Informationen in der Pressemitteilung [\/vc_column_text][\/vc_column][\/vc_row][vc_row][vc_column][vc_btn title=&#8221;Pressemitteilung &#8221; color=&#8221;info&#8221; align=&#8221;center&#8221; link=&#8221;url:https%3A%2F%2Fwww.holstein.ch%2Fwp-content%2Fuploads%2FCp_annulation_junior_bulle_expo_2020_D.pdf|target:%20_blank|&#8221;][\/vc_column][\/vc_row]<\/p>\n","protected":false},"author":2,"featured_media":0,"comment_status":"open","ping_status":"open","sticky":false,"template":"","format":"standard","meta":{"_acf_changed":false,"_monsterinsights_skip_tracking":false,"_monsterinsights_sitenote_active":false,"_monsterinsights_sitenote_note":"","_monsterinsights_sitenote_category":0,"footnotes":""},"categories":[600],"tags":[],"class_list":["post-15262","post","type-post","status-publish","format-standard","hentry","category-weitere-nachrichten"],"acf":[],"yoast_head":"<!-- This site is optimized with the Yoast SEO plugin v26.9 - https:\/\/yoast.com\/product\/yoast-seo-wordpress\/ -->\n<title>Absage Junior Bulle Expo 2020 - Holstein Switzerland<\/title>\n<meta name=\"robots\" content=\"index, follow, max-snippet:-1, max-image-preview:large, max-video-preview:-1\" \/>\n<link rel=\"canonical\" href=\"https:\/\/www.holstein.ch\/de\/absage-junior-bulle-expo-2020\/\" \/>\n<meta property=\"og:locale\" content=\"de_DE\" \/>\n<meta property=\"og:type\" content=\"article\" \/>\n<meta property=\"og:title\" content=\"Absage Junior Bulle Expo 2020 - Holstein Switzerland\" \/>\n<meta property=\"og:description\" content=\"[vc_row][vc_column][vc_column_text] Schweren Herzens und mit grossem Bedauern muss der Vorstand der Freiburger Jungz\u00fcchter, in Absprache mit den zust\u00e4ndigen Beh\u00f6rden, die Durchf\u00fchrung der 31. Ausgabe der Junior Bulle Expo vom 3. bis 5. Dezember 2020 absagen. mehr Informationen in der Pressemitteilung [\/vc_column_text][\/vc_column][\/vc_row][vc_row][vc_column][vc_btn title=&#8221;Pressemitteilung &#8221; color=&#8221;info&#8221; align=&#8221;center&#8221; link=&#8221;url:https%3A%2F%2Fwww.holstein.ch%2Fwp-content%2Fuploads%2FCp_annulation_junior_bulle_expo_2020_D.pdf|target:%20_blank|&#8221;][\/vc_column][\/vc_row]\" \/>\n<meta property=\"og:url\" content=\"https:\/\/www.holstein.ch\/de\/absage-junior-bulle-expo-2020\/\" \/>\n<meta property=\"og:site_name\" content=\"Holstein Switzerland\" \/>\n<meta property=\"article:publisher\" content=\"https:\/\/www.facebook.com\/HolSwi\" \/>\n<meta property=\"article:published_time\" content=\"2020-09-29T07:05:24+00:00\" \/>\n<meta property=\"article:modified_time\" content=\"2023-09-28T07:47:23+00:00\" \/>\n<meta property=\"og:image\" content=\"https:\/\/www.holstein.ch\/wp-content\/uploads\/Junior_EXPO_Bulle_annule.jpg\" \/>\n\t<meta property=\"og:image:width\" content=\"1333\" \/>\n\t<meta property=\"og:image:height\" content=\"583\" \/>\n\t<meta property=\"og:image:type\" content=\"image\/jpeg\" \/>\n<meta name=\"author\" content=\"Patrick Monod\" \/>\n<meta name=\"twitter:card\" content=\"summary_large_image\" \/>\n<meta name=\"twitter:label1\" content=\"Verfasst von\" \/>\n\t<meta name=\"twitter:data1\" content=\"Patrick Monod\" \/>\n<script type=\"application\/ld+json\" class=\"yoast-schema-graph\">{\"@context\":\"https:\/\/schema.org\",\"@graph\":[{\"@type\":\"NewsArticle\",\"@id\":\"https:\/\/www.holstein.ch\/de\/absage-junior-bulle-expo-2020\/#article\",\"isPartOf\":{\"@id\":\"https:\/\/www.holstein.ch\/de\/absage-junior-bulle-expo-2020\/\"},\"author\":{\"name\":\"Patrick Monod\",\"@id\":\"https:\/\/www.holstein.ch\/de\/#\/schema\/person\/a2ace477ff3383343477ba270f4888d4\"},\"headline\":\"Absage Junior Bulle Expo 2020\",\"datePublished\":\"2020-09-29T07:05:24+00:00\",\"dateModified\":\"2023-09-28T07:47:23+00:00\",\"mainEntityOfPage\":{\"@id\":\"https:\/\/www.holstein.ch\/de\/absage-junior-bulle-expo-2020\/\"},\"wordCount\":92,\"commentCount\":0,\"publisher\":{\"@id\":\"https:\/\/www.holstein.ch\/de\/#organization\"},\"articleSection\":[\"Weitere Nachrichten\"],\"inLanguage\":\"de\"},{\"@type\":\"WebPage\",\"@id\":\"https:\/\/www.holstein.ch\/de\/absage-junior-bulle-expo-2020\/\",\"url\":\"https:\/\/www.holstein.ch\/de\/absage-junior-bulle-expo-2020\/\",\"name\":\"Absage Junior Bulle Expo 2020 - Holstein Switzerland\",\"isPartOf\":{\"@id\":\"https:\/\/www.holstein.ch\/de\/#website\"},\"datePublished\":\"2020-09-29T07:05:24+00:00\",\"dateModified\":\"2023-09-28T07:47:23+00:00\",\"breadcrumb\":{\"@id\":\"https:\/\/www.holstein.ch\/de\/absage-junior-bulle-expo-2020\/#breadcrumb\"},\"inLanguage\":\"de\",\"potentialAction\":[{\"@type\":\"ReadAction\",\"target\":[\"https:\/\/www.holstein.ch\/de\/absage-junior-bulle-expo-2020\/\"]}]},{\"@type\":\"BreadcrumbList\",\"@id\":\"https:\/\/www.holstein.ch\/de\/absage-junior-bulle-expo-2020\/#breadcrumb\",\"itemListElement\":[{\"@type\":\"ListItem\",\"position\":1,\"name\":\"Weitere Nachrichten\",\"item\":\"https:\/\/www.holstein.ch\/de\/publikationen\/weitere-nachrichten\/\"},{\"@type\":\"ListItem\",\"position\":2,\"name\":\"Absage Junior Bulle Expo 2020\"}]},{\"@type\":\"WebSite\",\"@id\":\"https:\/\/www.holstein.ch\/de\/#website\",\"url\":\"https:\/\/www.holstein.ch\/de\/\",\"name\":\"Holstein Switzerland\",\"description\":\"Holstein Switzerland\",\"publisher\":{\"@id\":\"https:\/\/www.holstein.ch\/de\/#organization\"},\"potentialAction\":[{\"@type\":\"SearchAction\",\"target\":{\"@type\":\"EntryPoint\",\"urlTemplate\":\"https:\/\/www.holstein.ch\/de\/?s={search_term_string}\"},\"query-input\":{\"@type\":\"PropertyValueSpecification\",\"valueRequired\":true,\"valueName\":\"search_term_string\"}}],\"inLanguage\":\"de\"},{\"@type\":\"Organization\",\"@id\":\"https:\/\/www.holstein.ch\/de\/#organization\",\"name\":\"Holstein Switzerland\",\"url\":\"https:\/\/www.holstein.ch\/de\/\",\"logo\":{\"@type\":\"ImageObject\",\"inLanguage\":\"de\",\"@id\":\"https:\/\/www.holstein.ch\/de\/#\/schema\/logo\/image\/\",\"url\":\"https:\/\/www.holstein.ch\/wp-content\/uploads\/2023\/09\/holstein_switzerland_logo.png\",\"contentUrl\":\"https:\/\/www.holstein.ch\/wp-content\/uploads\/2023\/09\/holstein_switzerland_logo.png\",\"width\":800,\"height\":621,\"caption\":\"Holstein Switzerland\"},\"image\":{\"@id\":\"https:\/\/www.holstein.ch\/de\/#\/schema\/logo\/image\/\"},\"sameAs\":[\"https:\/\/www.facebook.com\/HolSwi\",\"https:\/\/www.youtube.com\/@holsteinswitzerland\",\"https:\/\/www.instagram.com\/holstein_switzerland\"]},{\"@type\":\"Person\",\"@id\":\"https:\/\/www.holstein.ch\/de\/#\/schema\/person\/a2ace477ff3383343477ba270f4888d4\",\"name\":\"Patrick Monod\",\"image\":{\"@type\":\"ImageObject\",\"inLanguage\":\"de\",\"@id\":\"https:\/\/www.holstein.ch\/de\/#\/schema\/person\/image\/\",\"url\":\"https:\/\/secure.gravatar.com\/avatar\/07a4bcc52c1860dda0c210cc06a14fb51c110e3cb89aa716a61b79b9e9bf5efd?s=96&d=mm&r=g\",\"contentUrl\":\"https:\/\/secure.gravatar.com\/avatar\/07a4bcc52c1860dda0c210cc06a14fb51c110e3cb89aa716a61b79b9e9bf5efd?s=96&d=mm&r=g\",\"caption\":\"Patrick Monod\"}}]}<\/script>\n<!-- \/ Yoast SEO plugin. -->","yoast_head_json":{"title":"Absage Junior Bulle Expo 2020 - Holstein Switzerland","robots":{"index":"index","follow":"follow","max-snippet":"max-snippet:-1","max-image-preview":"max-image-preview:large","max-video-preview":"max-video-preview:-1"},"canonical":"https:\/\/www.holstein.ch\/de\/absage-junior-bulle-expo-2020\/","og_locale":"de_DE","og_type":"article","og_title":"Absage Junior Bulle Expo 2020 - Holstein Switzerland","og_description":"[vc_row][vc_column][vc_column_text] Schweren Herzens und mit grossem Bedauern muss der Vorstand der Freiburger Jungz\u00fcchter, in Absprache mit den zust\u00e4ndigen Beh\u00f6rden, die Durchf\u00fchrung der 31. Ausgabe der Junior Bulle Expo vom 3. bis 5. Dezember 2020 absagen. mehr Informationen in der Pressemitteilung [\/vc_column_text][\/vc_column][\/vc_row][vc_row][vc_column][vc_btn title=&#8221;Pressemitteilung &#8221; color=&#8221;info&#8221; align=&#8221;center&#8221; link=&#8221;url:https%3A%2F%2Fwww.holstein.ch%2Fwp-content%2Fuploads%2FCp_annulation_junior_bulle_expo_2020_D.pdf|target:%20_blank|&#8221;][\/vc_column][\/vc_row]","og_url":"https:\/\/www.holstein.ch\/de\/absage-junior-bulle-expo-2020\/","og_site_name":"Holstein Switzerland","article_publisher":"https:\/\/www.facebook.com\/HolSwi","article_published_time":"2020-09-29T07:05:24+00:00","article_modified_time":"2023-09-28T07:47:23+00:00","og_image":[{"width":1333,"height":583,"url":"https:\/\/www.holstein.ch\/wp-content\/uploads\/Junior_EXPO_Bulle_annule.jpg","type":"image\/jpeg"}],"author":"Patrick Monod","twitter_card":"summary_large_image","twitter_misc":{"Verfasst von":"Patrick Monod"},"schema":{"@context":"https:\/\/schema.org","@graph":[{"@type":"NewsArticle","@id":"https:\/\/www.holstein.ch\/de\/absage-junior-bulle-expo-2020\/#article","isPartOf":{"@id":"https:\/\/www.holstein.ch\/de\/absage-junior-bulle-expo-2020\/"},"author":{"name":"Patrick Monod","@id":"https:\/\/www.holstein.ch\/de\/#\/schema\/person\/a2ace477ff3383343477ba270f4888d4"},"headline":"Absage Junior Bulle Expo 2020","datePublished":"2020-09-29T07:05:24+00:00","dateModified":"2023-09-28T07:47:23+00:00","mainEntityOfPage":{"@id":"https:\/\/www.holstein.ch\/de\/absage-junior-bulle-expo-2020\/"},"wordCount":92,"commentCount":0,"publisher":{"@id":"https:\/\/www.holstein.ch\/de\/#organization"},"articleSection":["Weitere Nachrichten"],"inLanguage":"de"},{"@type":"WebPage","@id":"https:\/\/www.holstein.ch\/de\/absage-junior-bulle-expo-2020\/","url":"https:\/\/www.holstein.ch\/de\/absage-junior-bulle-expo-2020\/","name":"Absage Junior Bulle Expo 2020 - Holstein Switzerland","isPartOf":{"@id":"https:\/\/www.holstein.ch\/de\/#website"},"datePublished":"2020-09-29T07:05:24+00:00","dateModified":"2023-09-28T07:47:23+00:00","breadcrumb":{"@id":"https:\/\/www.holstein.ch\/de\/absage-junior-bulle-expo-2020\/#breadcrumb"},"inLanguage":"de","potentialAction":[{"@type":"ReadAction","target":["https:\/\/www.holstein.ch\/de\/absage-junior-bulle-expo-2020\/"]}]},{"@type":"BreadcrumbList","@id":"https:\/\/www.holstein.ch\/de\/absage-junior-bulle-expo-2020\/#breadcrumb","itemListElement":[{"@type":"ListItem","position":1,"name":"Weitere Nachrichten","item":"https:\/\/www.holstein.ch\/de\/publikationen\/weitere-nachrichten\/"},{"@type":"ListItem","position":2,"name":"Absage Junior Bulle Expo 2020"}]},{"@type":"WebSite","@id":"https:\/\/www.holstein.ch\/de\/#website","url":"https:\/\/www.holstein.ch\/de\/","name":"Holstein Switzerland","description":"Holstein Switzerland","publisher":{"@id":"https:\/\/www.holstein.ch\/de\/#organization"},"potentialAction":[{"@type":"SearchAction","target":{"@type":"EntryPoint","urlTemplate":"https:\/\/www.holstein.ch\/de\/?s={search_term_string}"},"query-input":{"@type":"PropertyValueSpecification","valueRequired":true,"valueName":"search_term_string"}}],"inLanguage":"de"},{"@type":"Organization","@id":"https:\/\/www.holstein.ch\/de\/#organization","name":"Holstein Switzerland","url":"https:\/\/www.holstein.ch\/de\/","logo":{"@type":"ImageObject","inLanguage":"de","@id":"https:\/\/www.holstein.ch\/de\/#\/schema\/logo\/image\/","url":"https:\/\/www.holstein.ch\/wp-content\/uploads\/2023\/09\/holstein_switzerland_logo.png","contentUrl":"https:\/\/www.holstein.ch\/wp-content\/uploads\/2023\/09\/holstein_switzerland_logo.png","width":800,"height":621,"caption":"Holstein Switzerland"},"image":{"@id":"https:\/\/www.holstein.ch\/de\/#\/schema\/logo\/image\/"},"sameAs":["https:\/\/www.facebook.com\/HolSwi","https:\/\/www.youtube.com\/@holsteinswitzerland","https:\/\/www.instagram.com\/holstein_switzerland"]},{"@type":"Person","@id":"https:\/\/www.holstein.ch\/de\/#\/schema\/person\/a2ace477ff3383343477ba270f4888d4","name":"Patrick Monod","image":{"@type":"ImageObject","inLanguage":"de","@id":"https:\/\/www.holstein.ch\/de\/#\/schema\/person\/image\/","url":"https:\/\/secure.gravatar.com\/avatar\/07a4bcc52c1860dda0c210cc06a14fb51c110e3cb89aa716a61b79b9e9bf5efd?s=96&d=mm&r=g","contentUrl":"https:\/\/secure.gravatar.com\/avatar\/07a4bcc52c1860dda0c210cc06a14fb51c110e3cb89aa716a61b79b9e9bf5efd?s=96&d=mm&r=g","caption":"Patrick Monod"}}]}},"_links":{"self":[{"href":"https:\/\/www.holstein.ch\/de\/wp-json\/wp\/v2\/posts\/15262","targetHints":{"allow":["GET"]}}],"collection":[{"href":"https:\/\/www.holstein.ch\/de\/wp-json\/wp\/v2\/posts"}],"about":[{"href":"https:\/\/www.holstein.ch\/de\/wp-json\/wp\/v2\/types\/post"}],"author":[{"embeddable":true,"href":"https:\/\/www.holstein.ch\/de\/wp-json\/wp\/v2\/users\/2"}],"replies":[{"embeddable":true,"href":"https:\/\/www.holstein.ch\/de\/wp-json\/wp\/v2\/comments?post=15262"}],"version-history":[{"count":1,"href":"https:\/\/www.holstein.ch\/de\/wp-json\/wp\/v2\/posts\/15262\/revisions"}],"predecessor-version":[{"id":24999,"href":"https:\/\/www.holstein.ch\/de\/wp-json\/wp\/v2\/posts\/15262\/revisions\/24999"}],"wp:attachment":[{"href":"https:\/\/www.holstein.ch\/de\/wp-json\/wp\/v2\/media?parent=15262"}],"wp:term":[{"taxonomy":"category","embeddable":true,"href":"https:\/\/www.holstein.ch\/de\/wp-json\/wp\/v2\/categories?post=15262"},{"taxonomy":"post_tag","embeddable":true,"href":"https:\/\/www.holstein.ch\/de\/wp-json\/wp\/v2\/tags?post=15262"}],"curies":[{"name":"wp","href":"https:\/\/api.w.org\/{rel}","templated":true}]}}