{"id":16991,"date":"2021-01-22T09:12:55","date_gmt":"2021-01-22T08:12:55","guid":{"rendered":"https:\/\/www.holstein.ch\/expo-bulle-2021-findet-nicht-im-maerz-statt\/"},"modified":"2023-09-28T09:47:22","modified_gmt":"2023-09-28T07:47:22","slug":"expo-bulle-2021-findet-nicht-im-maerz-statt","status":"publish","type":"post","link":"https:\/\/www.holstein.ch\/de\/expo-bulle-2021-findet-nicht-im-maerz-statt\/","title":{"rendered":"EXPO Bulle 2021 findet nicht im M\u00e4rz statt"},"content":{"rendered":"<p>[vc_row][vc_column][vc_column_text]<strong>Die Ausgabe 2021 von EXPO Bulle kann nicht wie urspr\u00fcnglich festgelegt am 26. und 27. M\u00e4rz stattfinden. Die Organisatoren pr\u00fcfen m\u00f6gliche Alternativen.<\/strong><\/p>\n<p>EXPO Bulle, der Treffpunkt der Schweizer Holstein- und Red-Holsteinzucht, muss leider die urspr\u00fcnglich f\u00fcr Ende M\u00e4rz 2021 geplante Ausstellung im Espace Gruy\u00e8re absagen. Das Organisationskomitee hat in Anbetracht der aktuellen Lageentwicklung in Bezug auf COVID-19 beschlossen, die Veranstaltung nicht gem\u00e4ss der urspr\u00fcnglichen Terminplanung durchzuf\u00fchren.<\/p>\n<p>Gleichzeitig ist es dem Organisationskomitee ein grosses Anliegen, den Z\u00fcchtern dennoch eine M\u00f6glichkeit bieten zu k\u00f6nnen, ihre besten K\u00fche zu pr\u00e4sentieren. Deshalb werden verschiedene Optionen gepr\u00fcft, um &#8211; sofern es die Bedingungen zulassen &#8211; die Durchf\u00fchrung zu einem sp\u00e4teren Zeitpunkt zu erm\u00f6glichen, voraussichtlich in einem besonderen Format als Livestreaming-Event, ohne Publikum vor Ort und ohne Begleitprogramm.[\/vc_column_text][\/vc_column][\/vc_row]<\/p>\n","protected":false},"excerpt":{"rendered":"<p>[vc_row][vc_column][vc_column_text]Die Ausgabe 2021 von EXPO Bulle kann nicht wie urspr\u00fcnglich festgelegt am 26. und 27. M\u00e4rz stattfinden. Die Organisatoren pr\u00fcfen m\u00f6gliche Alternativen. EXPO Bulle, der Treffpunkt der Schweizer Holstein- und Red-Holsteinzucht, muss leider die urspr\u00fcnglich f\u00fcr Ende M\u00e4rz 2021 geplante Ausstellung im Espace Gruy\u00e8re absagen. Das Organisationskomitee hat in Anbetracht der aktuellen Lageentwicklung in Bezug [&hellip;]<\/p>\n","protected":false},"author":42,"featured_media":0,"comment_status":"open","ping_status":"open","sticky":false,"template":"","format":"standard","meta":{"_acf_changed":false,"_monsterinsights_skip_tracking":false,"_monsterinsights_sitenote_active":false,"_monsterinsights_sitenote_note":"","_monsterinsights_sitenote_category":0,"footnotes":""},"categories":[600],"tags":[],"class_list":["post-16991","post","type-post","status-publish","format-standard","hentry","category-weitere-nachrichten"],"acf":[],"yoast_head":"<!-- This site is optimized with the Yoast SEO plugin v26.9 - https:\/\/yoast.com\/product\/yoast-seo-wordpress\/ -->\n<title>EXPO Bulle 2021 findet nicht im M\u00e4rz statt - Holstein Switzerland<\/title>\n<meta name=\"robots\" content=\"index, follow, max-snippet:-1, max-image-preview:large, max-video-preview:-1\" \/>\n<link rel=\"canonical\" href=\"https:\/\/www.holstein.ch\/de\/expo-bulle-2021-findet-nicht-im-maerz-statt\/\" \/>\n<meta property=\"og:locale\" content=\"de_DE\" \/>\n<meta property=\"og:type\" content=\"article\" \/>\n<meta property=\"og:title\" content=\"EXPO Bulle 2021 findet nicht im M\u00e4rz statt - Holstein Switzerland\" \/>\n<meta property=\"og:description\" content=\"[vc_row][vc_column][vc_column_text]Die Ausgabe 2021 von EXPO Bulle kann nicht wie urspr\u00fcnglich festgelegt am 26. und 27. M\u00e4rz stattfinden. Die Organisatoren pr\u00fcfen m\u00f6gliche Alternativen. EXPO Bulle, der Treffpunkt der Schweizer Holstein- und Red-Holsteinzucht, muss leider die urspr\u00fcnglich f\u00fcr Ende M\u00e4rz 2021 geplante Ausstellung im Espace Gruy\u00e8re absagen. Das Organisationskomitee hat in Anbetracht der aktuellen Lageentwicklung in Bezug [&hellip;]\" \/>\n<meta property=\"og:url\" content=\"https:\/\/www.holstein.ch\/de\/expo-bulle-2021-findet-nicht-im-maerz-statt\/\" \/>\n<meta property=\"og:site_name\" content=\"Holstein Switzerland\" \/>\n<meta property=\"article:publisher\" content=\"https:\/\/www.facebook.com\/HolSwi\" \/>\n<meta property=\"article:published_time\" content=\"2021-01-22T08:12:55+00:00\" \/>\n<meta property=\"article:modified_time\" content=\"2023-09-28T07:47:22+00:00\" \/>\n<meta property=\"og:image\" content=\"https:\/\/www.holstein.ch\/wp-content\/uploads\/ExpoBulle_fond-rouge-2020.png\" \/>\n\t<meta property=\"og:image:width\" content=\"600\" \/>\n\t<meta property=\"og:image:height\" content=\"600\" \/>\n\t<meta property=\"og:image:type\" content=\"image\/png\" \/>\n<meta name=\"author\" content=\"Marie-Jos\u00e9 Rossier\" \/>\n<meta name=\"twitter:card\" content=\"summary_large_image\" \/>\n<meta name=\"twitter:label1\" content=\"Verfasst von\" \/>\n\t<meta name=\"twitter:data1\" content=\"Marie-Jos\u00e9 Rossier\" \/>\n\t<meta name=\"twitter:label2\" content=\"Gesch\u00e4tzte Lesezeit\" \/>\n\t<meta name=\"twitter:data2\" content=\"1\u00a0Minute\" \/>\n<script type=\"application\/ld+json\" class=\"yoast-schema-graph\">{\"@context\":\"https:\/\/schema.org\",\"@graph\":[{\"@type\":\"NewsArticle\",\"@id\":\"https:\/\/www.holstein.ch\/de\/expo-bulle-2021-findet-nicht-im-maerz-statt\/#article\",\"isPartOf\":{\"@id\":\"https:\/\/www.holstein.ch\/de\/expo-bulle-2021-findet-nicht-im-maerz-statt\/\"},\"author\":{\"name\":\"Marie-Jos\u00e9 Rossier\",\"@id\":\"https:\/\/www.holstein.ch\/de\/#\/schema\/person\/91e83d490a3dfd0906e65d37ecbcbfb6\"},\"headline\":\"EXPO Bulle 2021 findet nicht im M\u00e4rz statt\",\"datePublished\":\"2021-01-22T08:12:55+00:00\",\"dateModified\":\"2023-09-28T07:47:22+00:00\",\"mainEntityOfPage\":{\"@id\":\"https:\/\/www.holstein.ch\/de\/expo-bulle-2021-findet-nicht-im-maerz-statt\/\"},\"wordCount\":160,\"commentCount\":0,\"publisher\":{\"@id\":\"https:\/\/www.holstein.ch\/de\/#organization\"},\"articleSection\":[\"Weitere Nachrichten\"],\"inLanguage\":\"de\"},{\"@type\":\"WebPage\",\"@id\":\"https:\/\/www.holstein.ch\/de\/expo-bulle-2021-findet-nicht-im-maerz-statt\/\",\"url\":\"https:\/\/www.holstein.ch\/de\/expo-bulle-2021-findet-nicht-im-maerz-statt\/\",\"name\":\"EXPO Bulle 2021 findet nicht im M\u00e4rz statt - Holstein Switzerland\",\"isPartOf\":{\"@id\":\"https:\/\/www.holstein.ch\/de\/#website\"},\"datePublished\":\"2021-01-22T08:12:55+00:00\",\"dateModified\":\"2023-09-28T07:47:22+00:00\",\"breadcrumb\":{\"@id\":\"https:\/\/www.holstein.ch\/de\/expo-bulle-2021-findet-nicht-im-maerz-statt\/#breadcrumb\"},\"inLanguage\":\"de\",\"potentialAction\":[{\"@type\":\"ReadAction\",\"target\":[\"https:\/\/www.holstein.ch\/de\/expo-bulle-2021-findet-nicht-im-maerz-statt\/\"]}]},{\"@type\":\"BreadcrumbList\",\"@id\":\"https:\/\/www.holstein.ch\/de\/expo-bulle-2021-findet-nicht-im-maerz-statt\/#breadcrumb\",\"itemListElement\":[{\"@type\":\"ListItem\",\"position\":1,\"name\":\"Weitere Nachrichten\",\"item\":\"https:\/\/www.holstein.ch\/de\/publikationen\/weitere-nachrichten\/\"},{\"@type\":\"ListItem\",\"position\":2,\"name\":\"EXPO Bulle 2021 findet nicht im M\u00e4rz statt\"}]},{\"@type\":\"WebSite\",\"@id\":\"https:\/\/www.holstein.ch\/de\/#website\",\"url\":\"https:\/\/www.holstein.ch\/de\/\",\"name\":\"Holstein Switzerland\",\"description\":\"Holstein Switzerland\",\"publisher\":{\"@id\":\"https:\/\/www.holstein.ch\/de\/#organization\"},\"potentialAction\":[{\"@type\":\"SearchAction\",\"target\":{\"@type\":\"EntryPoint\",\"urlTemplate\":\"https:\/\/www.holstein.ch\/de\/?s={search_term_string}\"},\"query-input\":{\"@type\":\"PropertyValueSpecification\",\"valueRequired\":true,\"valueName\":\"search_term_string\"}}],\"inLanguage\":\"de\"},{\"@type\":\"Organization\",\"@id\":\"https:\/\/www.holstein.ch\/de\/#organization\",\"name\":\"Holstein Switzerland\",\"url\":\"https:\/\/www.holstein.ch\/de\/\",\"logo\":{\"@type\":\"ImageObject\",\"inLanguage\":\"de\",\"@id\":\"https:\/\/www.holstein.ch\/de\/#\/schema\/logo\/image\/\",\"url\":\"https:\/\/www.holstein.ch\/wp-content\/uploads\/2023\/09\/holstein_switzerland_logo.png\",\"contentUrl\":\"https:\/\/www.holstein.ch\/wp-content\/uploads\/2023\/09\/holstein_switzerland_logo.png\",\"width\":800,\"height\":621,\"caption\":\"Holstein Switzerland\"},\"image\":{\"@id\":\"https:\/\/www.holstein.ch\/de\/#\/schema\/logo\/image\/\"},\"sameAs\":[\"https:\/\/www.facebook.com\/HolSwi\",\"https:\/\/www.youtube.com\/@holsteinswitzerland\",\"https:\/\/www.instagram.com\/holstein_switzerland\"]},{\"@type\":\"Person\",\"@id\":\"https:\/\/www.holstein.ch\/de\/#\/schema\/person\/91e83d490a3dfd0906e65d37ecbcbfb6\",\"name\":\"Marie-Jos\u00e9 Rossier\",\"image\":{\"@type\":\"ImageObject\",\"inLanguage\":\"de\",\"@id\":\"https:\/\/www.holstein.ch\/de\/#\/schema\/person\/image\/\",\"url\":\"https:\/\/secure.gravatar.com\/avatar\/68ae16187ec4e6b8556e0e811e57dcb7c21c138f955e02087102f283ee2b3bb6?s=96&d=mm&r=g\",\"contentUrl\":\"https:\/\/secure.gravatar.com\/avatar\/68ae16187ec4e6b8556e0e811e57dcb7c21c138f955e02087102f283ee2b3bb6?s=96&d=mm&r=g\",\"caption\":\"Marie-Jos\u00e9 Rossier\"}}]}<\/script>\n<!-- \/ Yoast SEO plugin. -->","yoast_head_json":{"title":"EXPO Bulle 2021 findet nicht im M\u00e4rz statt - Holstein Switzerland","robots":{"index":"index","follow":"follow","max-snippet":"max-snippet:-1","max-image-preview":"max-image-preview:large","max-video-preview":"max-video-preview:-1"},"canonical":"https:\/\/www.holstein.ch\/de\/expo-bulle-2021-findet-nicht-im-maerz-statt\/","og_locale":"de_DE","og_type":"article","og_title":"EXPO Bulle 2021 findet nicht im M\u00e4rz statt - Holstein Switzerland","og_description":"[vc_row][vc_column][vc_column_text]Die Ausgabe 2021 von EXPO Bulle kann nicht wie urspr\u00fcnglich festgelegt am 26. und 27. M\u00e4rz stattfinden. Die Organisatoren pr\u00fcfen m\u00f6gliche Alternativen. EXPO Bulle, der Treffpunkt der Schweizer Holstein- und Red-Holsteinzucht, muss leider die urspr\u00fcnglich f\u00fcr Ende M\u00e4rz 2021 geplante Ausstellung im Espace Gruy\u00e8re absagen. Das Organisationskomitee hat in Anbetracht der aktuellen Lageentwicklung in Bezug [&hellip;]","og_url":"https:\/\/www.holstein.ch\/de\/expo-bulle-2021-findet-nicht-im-maerz-statt\/","og_site_name":"Holstein Switzerland","article_publisher":"https:\/\/www.facebook.com\/HolSwi","article_published_time":"2021-01-22T08:12:55+00:00","article_modified_time":"2023-09-28T07:47:22+00:00","og_image":[{"width":600,"height":600,"url":"https:\/\/www.holstein.ch\/wp-content\/uploads\/ExpoBulle_fond-rouge-2020.png","type":"image\/png"}],"author":"Marie-Jos\u00e9 Rossier","twitter_card":"summary_large_image","twitter_misc":{"Verfasst von":"Marie-Jos\u00e9 Rossier","Gesch\u00e4tzte Lesezeit":"1\u00a0Minute"},"schema":{"@context":"https:\/\/schema.org","@graph":[{"@type":"NewsArticle","@id":"https:\/\/www.holstein.ch\/de\/expo-bulle-2021-findet-nicht-im-maerz-statt\/#article","isPartOf":{"@id":"https:\/\/www.holstein.ch\/de\/expo-bulle-2021-findet-nicht-im-maerz-statt\/"},"author":{"name":"Marie-Jos\u00e9 Rossier","@id":"https:\/\/www.holstein.ch\/de\/#\/schema\/person\/91e83d490a3dfd0906e65d37ecbcbfb6"},"headline":"EXPO Bulle 2021 findet nicht im M\u00e4rz statt","datePublished":"2021-01-22T08:12:55+00:00","dateModified":"2023-09-28T07:47:22+00:00","mainEntityOfPage":{"@id":"https:\/\/www.holstein.ch\/de\/expo-bulle-2021-findet-nicht-im-maerz-statt\/"},"wordCount":160,"commentCount":0,"publisher":{"@id":"https:\/\/www.holstein.ch\/de\/#organization"},"articleSection":["Weitere Nachrichten"],"inLanguage":"de"},{"@type":"WebPage","@id":"https:\/\/www.holstein.ch\/de\/expo-bulle-2021-findet-nicht-im-maerz-statt\/","url":"https:\/\/www.holstein.ch\/de\/expo-bulle-2021-findet-nicht-im-maerz-statt\/","name":"EXPO Bulle 2021 findet nicht im M\u00e4rz statt - Holstein Switzerland","isPartOf":{"@id":"https:\/\/www.holstein.ch\/de\/#website"},"datePublished":"2021-01-22T08:12:55+00:00","dateModified":"2023-09-28T07:47:22+00:00","breadcrumb":{"@id":"https:\/\/www.holstein.ch\/de\/expo-bulle-2021-findet-nicht-im-maerz-statt\/#breadcrumb"},"inLanguage":"de","potentialAction":[{"@type":"ReadAction","target":["https:\/\/www.holstein.ch\/de\/expo-bulle-2021-findet-nicht-im-maerz-statt\/"]}]},{"@type":"BreadcrumbList","@id":"https:\/\/www.holstein.ch\/de\/expo-bulle-2021-findet-nicht-im-maerz-statt\/#breadcrumb","itemListElement":[{"@type":"ListItem","position":1,"name":"Weitere Nachrichten","item":"https:\/\/www.holstein.ch\/de\/publikationen\/weitere-nachrichten\/"},{"@type":"ListItem","position":2,"name":"EXPO Bulle 2021 findet nicht im M\u00e4rz statt"}]},{"@type":"WebSite","@id":"https:\/\/www.holstein.ch\/de\/#website","url":"https:\/\/www.holstein.ch\/de\/","name":"Holstein Switzerland","description":"Holstein Switzerland","publisher":{"@id":"https:\/\/www.holstein.ch\/de\/#organization"},"potentialAction":[{"@type":"SearchAction","target":{"@type":"EntryPoint","urlTemplate":"https:\/\/www.holstein.ch\/de\/?s={search_term_string}"},"query-input":{"@type":"PropertyValueSpecification","valueRequired":true,"valueName":"search_term_string"}}],"inLanguage":"de"},{"@type":"Organization","@id":"https:\/\/www.holstein.ch\/de\/#organization","name":"Holstein Switzerland","url":"https:\/\/www.holstein.ch\/de\/","logo":{"@type":"ImageObject","inLanguage":"de","@id":"https:\/\/www.holstein.ch\/de\/#\/schema\/logo\/image\/","url":"https:\/\/www.holstein.ch\/wp-content\/uploads\/2023\/09\/holstein_switzerland_logo.png","contentUrl":"https:\/\/www.holstein.ch\/wp-content\/uploads\/2023\/09\/holstein_switzerland_logo.png","width":800,"height":621,"caption":"Holstein Switzerland"},"image":{"@id":"https:\/\/www.holstein.ch\/de\/#\/schema\/logo\/image\/"},"sameAs":["https:\/\/www.facebook.com\/HolSwi","https:\/\/www.youtube.com\/@holsteinswitzerland","https:\/\/www.instagram.com\/holstein_switzerland"]},{"@type":"Person","@id":"https:\/\/www.holstein.ch\/de\/#\/schema\/person\/91e83d490a3dfd0906e65d37ecbcbfb6","name":"Marie-Jos\u00e9 Rossier","image":{"@type":"ImageObject","inLanguage":"de","@id":"https:\/\/www.holstein.ch\/de\/#\/schema\/person\/image\/","url":"https:\/\/secure.gravatar.com\/avatar\/68ae16187ec4e6b8556e0e811e57dcb7c21c138f955e02087102f283ee2b3bb6?s=96&d=mm&r=g","contentUrl":"https:\/\/secure.gravatar.com\/avatar\/68ae16187ec4e6b8556e0e811e57dcb7c21c138f955e02087102f283ee2b3bb6?s=96&d=mm&r=g","caption":"Marie-Jos\u00e9 Rossier"}}]}},"_links":{"self":[{"href":"https:\/\/www.holstein.ch\/de\/wp-json\/wp\/v2\/posts\/16991","targetHints":{"allow":["GET"]}}],"collection":[{"href":"https:\/\/www.holstein.ch\/de\/wp-json\/wp\/v2\/posts"}],"about":[{"href":"https:\/\/www.holstein.ch\/de\/wp-json\/wp\/v2\/types\/post"}],"author":[{"embeddable":true,"href":"https:\/\/www.holstein.ch\/de\/wp-json\/wp\/v2\/users\/42"}],"replies":[{"embeddable":true,"href":"https:\/\/www.holstein.ch\/de\/wp-json\/wp\/v2\/comments?post=16991"}],"version-history":[{"count":1,"href":"https:\/\/www.holstein.ch\/de\/wp-json\/wp\/v2\/posts\/16991\/revisions"}],"predecessor-version":[{"id":24995,"href":"https:\/\/www.holstein.ch\/de\/wp-json\/wp\/v2\/posts\/16991\/revisions\/24995"}],"wp:attachment":[{"href":"https:\/\/www.holstein.ch\/de\/wp-json\/wp\/v2\/media?parent=16991"}],"wp:term":[{"taxonomy":"category","embeddable":true,"href":"https:\/\/www.holstein.ch\/de\/wp-json\/wp\/v2\/categories?post=16991"},{"taxonomy":"post_tag","embeddable":true,"href":"https:\/\/www.holstein.ch\/de\/wp-json\/wp\/v2\/tags?post=16991"}],"curies":[{"name":"wp","href":"https:\/\/api.w.org\/{rel}","templated":true}]}}