{"id":17213,"date":"2021-02-15T08:00:30","date_gmt":"2021-02-15T07:00:30","guid":{"rendered":"https:\/\/www.holstein.ch\/?p=17213"},"modified":"2023-09-28T09:47:21","modified_gmt":"2023-09-28T07:47:21","slug":"holstein-switzerland-kuh-des-jahres-2021","status":"publish","type":"post","link":"https:\/\/www.holstein.ch\/de\/holstein-switzerland-kuh-des-jahres-2021\/","title":{"rendered":"HOLSTEIN SWITZERLAND Kuh des Jahres 2021"},"content":{"rendered":"<p>[vc_row][vc_column][vc_column_text]Wie bereits 2019 und 2020 wird im Rahmen der Holstein Awards 2021 die offizielle \u201e<strong>Holstein Switzerland Kuh des Jahres<\/strong>\u201c geehrt. Diese Auszeichnung stammt aus einer besonderen Zusammenarbeit von Holstein International und Holstein Switzerland.<\/p>\n<p>Dar\u00fcber, welche 5 K\u00fche letztendlich zur Wahl stehen und um den Titel der \u201e<strong>Holstein Switzerland Kuh des Jahres<\/strong>\u201c konkurrieren, k\u00f6nnen auch Sie mitbestimmen. Senden Sie Ihre Vorschl\u00e4ge bis zum <strong>2. April 2021<\/strong> an <a href=\"mailto:info@holsteininternational.com\">info@holsteininternational.com<\/a> oder <a href=\"info@holstein.ch\">info@holstein.ch.<\/a><\/p>\n<p>Nominiert werden k\u00f6nnen die K\u00fche, die die folgenden Kriterien erf\u00fcllen:[\/vc_column_text][\/vc_column][\/vc_row][vc_row][vc_column][vc_btn title=&#8221;\u00d6ffnen die allgemeine Bedingungen&#8221; color=&#8221;turquoise&#8221; align=&#8221;center&#8221; link=&#8221;url:https%3A%2F%2Fwww.holstein.ch%2Fwp-content%2Fuploads%2F210105_Kuh_des_Jahres_2021_D.pdf|target:_blank&#8221;][\/vc_column][\/vc_row]<\/p>\n","protected":false},"excerpt":{"rendered":"<p>[vc_row][vc_column][vc_column_text]Wie bereits 2019 und 2020 wird im Rahmen der Holstein Awards 2021 die offizielle \u201eHolstein Switzerland Kuh des Jahres\u201c geehrt. Diese Auszeichnung stammt aus einer besonderen Zusammenarbeit von Holstein International und Holstein Switzerland. Dar\u00fcber, welche 5 K\u00fche letztendlich zur Wahl stehen und um den Titel der \u201eHolstein Switzerland Kuh des Jahres\u201c konkurrieren, k\u00f6nnen auch Sie [&hellip;]<\/p>\n","protected":false},"author":42,"featured_media":17216,"comment_status":"open","ping_status":"open","sticky":false,"template":"","format":"standard","meta":{"_acf_changed":false,"_monsterinsights_skip_tracking":false,"_monsterinsights_sitenote_active":false,"_monsterinsights_sitenote_note":"","_monsterinsights_sitenote_category":0,"footnotes":""},"categories":[600],"tags":[],"class_list":["post-17213","post","type-post","status-publish","format-standard","has-post-thumbnail","hentry","category-weitere-nachrichten"],"acf":[],"yoast_head":"<!-- This site is optimized with the Yoast SEO plugin v26.9 - https:\/\/yoast.com\/product\/yoast-seo-wordpress\/ -->\n<title>HOLSTEIN SWITZERLAND Kuh des Jahres 2021 - Holstein Switzerland<\/title>\n<meta name=\"robots\" content=\"index, follow, max-snippet:-1, max-image-preview:large, max-video-preview:-1\" \/>\n<link rel=\"canonical\" href=\"https:\/\/www.holstein.ch\/de\/holstein-switzerland-kuh-des-jahres-2021\/\" \/>\n<meta property=\"og:locale\" content=\"de_DE\" \/>\n<meta property=\"og:type\" content=\"article\" \/>\n<meta property=\"og:title\" content=\"HOLSTEIN SWITZERLAND Kuh des Jahres 2021 - Holstein Switzerland\" \/>\n<meta property=\"og:description\" content=\"[vc_row][vc_column][vc_column_text]Wie bereits 2019 und 2020 wird im Rahmen der Holstein Awards 2021 die offizielle \u201eHolstein Switzerland Kuh des Jahres\u201c geehrt. Diese Auszeichnung stammt aus einer besonderen Zusammenarbeit von Holstein International und Holstein Switzerland. Dar\u00fcber, welche 5 K\u00fche letztendlich zur Wahl stehen und um den Titel der \u201eHolstein Switzerland Kuh des Jahres\u201c konkurrieren, k\u00f6nnen auch Sie [&hellip;]\" \/>\n<meta property=\"og:url\" content=\"https:\/\/www.holstein.ch\/de\/holstein-switzerland-kuh-des-jahres-2021\/\" \/>\n<meta property=\"og:site_name\" content=\"Holstein Switzerland\" \/>\n<meta property=\"article:publisher\" content=\"https:\/\/www.facebook.com\/HolSwi\" \/>\n<meta property=\"article:published_time\" content=\"2021-02-15T07:00:30+00:00\" \/>\n<meta property=\"article:modified_time\" content=\"2023-09-28T07:47:21+00:00\" \/>\n<meta property=\"og:image\" content=\"https:\/\/www.holstein.ch\/wp-content\/uploads\/VHOS2021_StartConcours.jpg\" \/>\n\t<meta property=\"og:image:width\" content=\"1080\" \/>\n\t<meta property=\"og:image:height\" content=\"868\" \/>\n\t<meta property=\"og:image:type\" content=\"image\/jpeg\" \/>\n<meta name=\"author\" content=\"Marie-Jos\u00e9 Rossier\" \/>\n<meta name=\"twitter:card\" content=\"summary_large_image\" \/>\n<meta name=\"twitter:label1\" content=\"Verfasst von\" \/>\n\t<meta name=\"twitter:data1\" content=\"Marie-Jos\u00e9 Rossier\" \/>\n\t<meta name=\"twitter:label2\" content=\"Gesch\u00e4tzte Lesezeit\" \/>\n\t<meta name=\"twitter:data2\" content=\"1\u00a0Minute\" \/>\n<script type=\"application\/ld+json\" class=\"yoast-schema-graph\">{\"@context\":\"https:\/\/schema.org\",\"@graph\":[{\"@type\":\"NewsArticle\",\"@id\":\"https:\/\/www.holstein.ch\/de\/holstein-switzerland-kuh-des-jahres-2021\/#article\",\"isPartOf\":{\"@id\":\"https:\/\/www.holstein.ch\/de\/holstein-switzerland-kuh-des-jahres-2021\/\"},\"author\":{\"name\":\"Marie-Jos\u00e9 Rossier\",\"@id\":\"https:\/\/www.holstein.ch\/de\/#\/schema\/person\/91e83d490a3dfd0906e65d37ecbcbfb6\"},\"headline\":\"HOLSTEIN SWITZERLAND Kuh des Jahres 2021\",\"datePublished\":\"2021-02-15T07:00:30+00:00\",\"dateModified\":\"2023-09-28T07:47:21+00:00\",\"mainEntityOfPage\":{\"@id\":\"https:\/\/www.holstein.ch\/de\/holstein-switzerland-kuh-des-jahres-2021\/\"},\"wordCount\":140,\"commentCount\":0,\"publisher\":{\"@id\":\"https:\/\/www.holstein.ch\/de\/#organization\"},\"image\":{\"@id\":\"https:\/\/www.holstein.ch\/de\/holstein-switzerland-kuh-des-jahres-2021\/#primaryimage\"},\"thumbnailUrl\":\"https:\/\/www.holstein.ch\/wp-content\/uploads\/VHOS2021_StartConcours.jpg\",\"articleSection\":[\"Weitere Nachrichten\"],\"inLanguage\":\"de\"},{\"@type\":\"WebPage\",\"@id\":\"https:\/\/www.holstein.ch\/de\/holstein-switzerland-kuh-des-jahres-2021\/\",\"url\":\"https:\/\/www.holstein.ch\/de\/holstein-switzerland-kuh-des-jahres-2021\/\",\"name\":\"HOLSTEIN SWITZERLAND Kuh des Jahres 2021 - Holstein Switzerland\",\"isPartOf\":{\"@id\":\"https:\/\/www.holstein.ch\/de\/#website\"},\"primaryImageOfPage\":{\"@id\":\"https:\/\/www.holstein.ch\/de\/holstein-switzerland-kuh-des-jahres-2021\/#primaryimage\"},\"image\":{\"@id\":\"https:\/\/www.holstein.ch\/de\/holstein-switzerland-kuh-des-jahres-2021\/#primaryimage\"},\"thumbnailUrl\":\"https:\/\/www.holstein.ch\/wp-content\/uploads\/VHOS2021_StartConcours.jpg\",\"datePublished\":\"2021-02-15T07:00:30+00:00\",\"dateModified\":\"2023-09-28T07:47:21+00:00\",\"breadcrumb\":{\"@id\":\"https:\/\/www.holstein.ch\/de\/holstein-switzerland-kuh-des-jahres-2021\/#breadcrumb\"},\"inLanguage\":\"de\",\"potentialAction\":[{\"@type\":\"ReadAction\",\"target\":[\"https:\/\/www.holstein.ch\/de\/holstein-switzerland-kuh-des-jahres-2021\/\"]}]},{\"@type\":\"ImageObject\",\"inLanguage\":\"de\",\"@id\":\"https:\/\/www.holstein.ch\/de\/holstein-switzerland-kuh-des-jahres-2021\/#primaryimage\",\"url\":\"https:\/\/www.holstein.ch\/wp-content\/uploads\/VHOS2021_StartConcours.jpg\",\"contentUrl\":\"https:\/\/www.holstein.ch\/wp-content\/uploads\/VHOS2021_StartConcours.jpg\",\"width\":1080,\"height\":868},{\"@type\":\"BreadcrumbList\",\"@id\":\"https:\/\/www.holstein.ch\/de\/holstein-switzerland-kuh-des-jahres-2021\/#breadcrumb\",\"itemListElement\":[{\"@type\":\"ListItem\",\"position\":1,\"name\":\"Weitere Nachrichten\",\"item\":\"https:\/\/www.holstein.ch\/de\/publikationen\/weitere-nachrichten\/\"},{\"@type\":\"ListItem\",\"position\":2,\"name\":\"HOLSTEIN SWITZERLAND Kuh des Jahres 2021\"}]},{\"@type\":\"WebSite\",\"@id\":\"https:\/\/www.holstein.ch\/de\/#website\",\"url\":\"https:\/\/www.holstein.ch\/de\/\",\"name\":\"Holstein Switzerland\",\"description\":\"Holstein Switzerland\",\"publisher\":{\"@id\":\"https:\/\/www.holstein.ch\/de\/#organization\"},\"potentialAction\":[{\"@type\":\"SearchAction\",\"target\":{\"@type\":\"EntryPoint\",\"urlTemplate\":\"https:\/\/www.holstein.ch\/de\/?s={search_term_string}\"},\"query-input\":{\"@type\":\"PropertyValueSpecification\",\"valueRequired\":true,\"valueName\":\"search_term_string\"}}],\"inLanguage\":\"de\"},{\"@type\":\"Organization\",\"@id\":\"https:\/\/www.holstein.ch\/de\/#organization\",\"name\":\"Holstein Switzerland\",\"url\":\"https:\/\/www.holstein.ch\/de\/\",\"logo\":{\"@type\":\"ImageObject\",\"inLanguage\":\"de\",\"@id\":\"https:\/\/www.holstein.ch\/de\/#\/schema\/logo\/image\/\",\"url\":\"https:\/\/www.holstein.ch\/wp-content\/uploads\/2023\/09\/holstein_switzerland_logo.png\",\"contentUrl\":\"https:\/\/www.holstein.ch\/wp-content\/uploads\/2023\/09\/holstein_switzerland_logo.png\",\"width\":800,\"height\":621,\"caption\":\"Holstein Switzerland\"},\"image\":{\"@id\":\"https:\/\/www.holstein.ch\/de\/#\/schema\/logo\/image\/\"},\"sameAs\":[\"https:\/\/www.facebook.com\/HolSwi\",\"https:\/\/www.youtube.com\/@holsteinswitzerland\",\"https:\/\/www.instagram.com\/holstein_switzerland\"]},{\"@type\":\"Person\",\"@id\":\"https:\/\/www.holstein.ch\/de\/#\/schema\/person\/91e83d490a3dfd0906e65d37ecbcbfb6\",\"name\":\"Marie-Jos\u00e9 Rossier\",\"image\":{\"@type\":\"ImageObject\",\"inLanguage\":\"de\",\"@id\":\"https:\/\/www.holstein.ch\/de\/#\/schema\/person\/image\/\",\"url\":\"https:\/\/secure.gravatar.com\/avatar\/68ae16187ec4e6b8556e0e811e57dcb7c21c138f955e02087102f283ee2b3bb6?s=96&d=mm&r=g\",\"contentUrl\":\"https:\/\/secure.gravatar.com\/avatar\/68ae16187ec4e6b8556e0e811e57dcb7c21c138f955e02087102f283ee2b3bb6?s=96&d=mm&r=g\",\"caption\":\"Marie-Jos\u00e9 Rossier\"}}]}<\/script>\n<!-- \/ Yoast SEO plugin. -->","yoast_head_json":{"title":"HOLSTEIN SWITZERLAND Kuh des Jahres 2021 - Holstein Switzerland","robots":{"index":"index","follow":"follow","max-snippet":"max-snippet:-1","max-image-preview":"max-image-preview:large","max-video-preview":"max-video-preview:-1"},"canonical":"https:\/\/www.holstein.ch\/de\/holstein-switzerland-kuh-des-jahres-2021\/","og_locale":"de_DE","og_type":"article","og_title":"HOLSTEIN SWITZERLAND Kuh des Jahres 2021 - Holstein Switzerland","og_description":"[vc_row][vc_column][vc_column_text]Wie bereits 2019 und 2020 wird im Rahmen der Holstein Awards 2021 die offizielle \u201eHolstein Switzerland Kuh des Jahres\u201c geehrt. Diese Auszeichnung stammt aus einer besonderen Zusammenarbeit von Holstein International und Holstein Switzerland. Dar\u00fcber, welche 5 K\u00fche letztendlich zur Wahl stehen und um den Titel der \u201eHolstein Switzerland Kuh des Jahres\u201c konkurrieren, k\u00f6nnen auch Sie [&hellip;]","og_url":"https:\/\/www.holstein.ch\/de\/holstein-switzerland-kuh-des-jahres-2021\/","og_site_name":"Holstein Switzerland","article_publisher":"https:\/\/www.facebook.com\/HolSwi","article_published_time":"2021-02-15T07:00:30+00:00","article_modified_time":"2023-09-28T07:47:21+00:00","og_image":[{"width":1080,"height":868,"url":"https:\/\/www.holstein.ch\/wp-content\/uploads\/VHOS2021_StartConcours.jpg","type":"image\/jpeg"}],"author":"Marie-Jos\u00e9 Rossier","twitter_card":"summary_large_image","twitter_misc":{"Verfasst von":"Marie-Jos\u00e9 Rossier","Gesch\u00e4tzte Lesezeit":"1\u00a0Minute"},"schema":{"@context":"https:\/\/schema.org","@graph":[{"@type":"NewsArticle","@id":"https:\/\/www.holstein.ch\/de\/holstein-switzerland-kuh-des-jahres-2021\/#article","isPartOf":{"@id":"https:\/\/www.holstein.ch\/de\/holstein-switzerland-kuh-des-jahres-2021\/"},"author":{"name":"Marie-Jos\u00e9 Rossier","@id":"https:\/\/www.holstein.ch\/de\/#\/schema\/person\/91e83d490a3dfd0906e65d37ecbcbfb6"},"headline":"HOLSTEIN SWITZERLAND Kuh des Jahres 2021","datePublished":"2021-02-15T07:00:30+00:00","dateModified":"2023-09-28T07:47:21+00:00","mainEntityOfPage":{"@id":"https:\/\/www.holstein.ch\/de\/holstein-switzerland-kuh-des-jahres-2021\/"},"wordCount":140,"commentCount":0,"publisher":{"@id":"https:\/\/www.holstein.ch\/de\/#organization"},"image":{"@id":"https:\/\/www.holstein.ch\/de\/holstein-switzerland-kuh-des-jahres-2021\/#primaryimage"},"thumbnailUrl":"https:\/\/www.holstein.ch\/wp-content\/uploads\/VHOS2021_StartConcours.jpg","articleSection":["Weitere Nachrichten"],"inLanguage":"de"},{"@type":"WebPage","@id":"https:\/\/www.holstein.ch\/de\/holstein-switzerland-kuh-des-jahres-2021\/","url":"https:\/\/www.holstein.ch\/de\/holstein-switzerland-kuh-des-jahres-2021\/","name":"HOLSTEIN SWITZERLAND Kuh des Jahres 2021 - Holstein Switzerland","isPartOf":{"@id":"https:\/\/www.holstein.ch\/de\/#website"},"primaryImageOfPage":{"@id":"https:\/\/www.holstein.ch\/de\/holstein-switzerland-kuh-des-jahres-2021\/#primaryimage"},"image":{"@id":"https:\/\/www.holstein.ch\/de\/holstein-switzerland-kuh-des-jahres-2021\/#primaryimage"},"thumbnailUrl":"https:\/\/www.holstein.ch\/wp-content\/uploads\/VHOS2021_StartConcours.jpg","datePublished":"2021-02-15T07:00:30+00:00","dateModified":"2023-09-28T07:47:21+00:00","breadcrumb":{"@id":"https:\/\/www.holstein.ch\/de\/holstein-switzerland-kuh-des-jahres-2021\/#breadcrumb"},"inLanguage":"de","potentialAction":[{"@type":"ReadAction","target":["https:\/\/www.holstein.ch\/de\/holstein-switzerland-kuh-des-jahres-2021\/"]}]},{"@type":"ImageObject","inLanguage":"de","@id":"https:\/\/www.holstein.ch\/de\/holstein-switzerland-kuh-des-jahres-2021\/#primaryimage","url":"https:\/\/www.holstein.ch\/wp-content\/uploads\/VHOS2021_StartConcours.jpg","contentUrl":"https:\/\/www.holstein.ch\/wp-content\/uploads\/VHOS2021_StartConcours.jpg","width":1080,"height":868},{"@type":"BreadcrumbList","@id":"https:\/\/www.holstein.ch\/de\/holstein-switzerland-kuh-des-jahres-2021\/#breadcrumb","itemListElement":[{"@type":"ListItem","position":1,"name":"Weitere Nachrichten","item":"https:\/\/www.holstein.ch\/de\/publikationen\/weitere-nachrichten\/"},{"@type":"ListItem","position":2,"name":"HOLSTEIN SWITZERLAND Kuh des Jahres 2021"}]},{"@type":"WebSite","@id":"https:\/\/www.holstein.ch\/de\/#website","url":"https:\/\/www.holstein.ch\/de\/","name":"Holstein Switzerland","description":"Holstein Switzerland","publisher":{"@id":"https:\/\/www.holstein.ch\/de\/#organization"},"potentialAction":[{"@type":"SearchAction","target":{"@type":"EntryPoint","urlTemplate":"https:\/\/www.holstein.ch\/de\/?s={search_term_string}"},"query-input":{"@type":"PropertyValueSpecification","valueRequired":true,"valueName":"search_term_string"}}],"inLanguage":"de"},{"@type":"Organization","@id":"https:\/\/www.holstein.ch\/de\/#organization","name":"Holstein Switzerland","url":"https:\/\/www.holstein.ch\/de\/","logo":{"@type":"ImageObject","inLanguage":"de","@id":"https:\/\/www.holstein.ch\/de\/#\/schema\/logo\/image\/","url":"https:\/\/www.holstein.ch\/wp-content\/uploads\/2023\/09\/holstein_switzerland_logo.png","contentUrl":"https:\/\/www.holstein.ch\/wp-content\/uploads\/2023\/09\/holstein_switzerland_logo.png","width":800,"height":621,"caption":"Holstein Switzerland"},"image":{"@id":"https:\/\/www.holstein.ch\/de\/#\/schema\/logo\/image\/"},"sameAs":["https:\/\/www.facebook.com\/HolSwi","https:\/\/www.youtube.com\/@holsteinswitzerland","https:\/\/www.instagram.com\/holstein_switzerland"]},{"@type":"Person","@id":"https:\/\/www.holstein.ch\/de\/#\/schema\/person\/91e83d490a3dfd0906e65d37ecbcbfb6","name":"Marie-Jos\u00e9 Rossier","image":{"@type":"ImageObject","inLanguage":"de","@id":"https:\/\/www.holstein.ch\/de\/#\/schema\/person\/image\/","url":"https:\/\/secure.gravatar.com\/avatar\/68ae16187ec4e6b8556e0e811e57dcb7c21c138f955e02087102f283ee2b3bb6?s=96&d=mm&r=g","contentUrl":"https:\/\/secure.gravatar.com\/avatar\/68ae16187ec4e6b8556e0e811e57dcb7c21c138f955e02087102f283ee2b3bb6?s=96&d=mm&r=g","caption":"Marie-Jos\u00e9 Rossier"}}]}},"_links":{"self":[{"href":"https:\/\/www.holstein.ch\/de\/wp-json\/wp\/v2\/posts\/17213","targetHints":{"allow":["GET"]}}],"collection":[{"href":"https:\/\/www.holstein.ch\/de\/wp-json\/wp\/v2\/posts"}],"about":[{"href":"https:\/\/www.holstein.ch\/de\/wp-json\/wp\/v2\/types\/post"}],"author":[{"embeddable":true,"href":"https:\/\/www.holstein.ch\/de\/wp-json\/wp\/v2\/users\/42"}],"replies":[{"embeddable":true,"href":"https:\/\/www.holstein.ch\/de\/wp-json\/wp\/v2\/comments?post=17213"}],"version-history":[{"count":1,"href":"https:\/\/www.holstein.ch\/de\/wp-json\/wp\/v2\/posts\/17213\/revisions"}],"predecessor-version":[{"id":24994,"href":"https:\/\/www.holstein.ch\/de\/wp-json\/wp\/v2\/posts\/17213\/revisions\/24994"}],"wp:featuredmedia":[{"embeddable":true,"href":"https:\/\/www.holstein.ch\/de\/wp-json\/wp\/v2\/media\/17216"}],"wp:attachment":[{"href":"https:\/\/www.holstein.ch\/de\/wp-json\/wp\/v2\/media?parent=17213"}],"wp:term":[{"taxonomy":"category","embeddable":true,"href":"https:\/\/www.holstein.ch\/de\/wp-json\/wp\/v2\/categories?post=17213"},{"taxonomy":"post_tag","embeddable":true,"href":"https:\/\/www.holstein.ch\/de\/wp-json\/wp\/v2\/tags?post=17213"}],"curies":[{"name":"wp","href":"https:\/\/api.w.org\/{rel}","templated":true}]}}