{"id":21070,"date":"2022-06-29T08:30:46","date_gmt":"2022-06-29T06:30:46","guid":{"rendered":"https:\/\/www.holstein.ch\/holstein-switzerland-zieht-um\/"},"modified":"2023-09-28T09:49:18","modified_gmt":"2023-09-28T07:49:18","slug":"holstein-switzerland-zieht-um","status":"publish","type":"post","link":"https:\/\/www.holstein.ch\/de\/holstein-switzerland-zieht-um\/","title":{"rendered":"HOLSTEIN SWITZERLAND ZIEHT UM"},"content":{"rendered":"<p>[vc_row][vc_column][vc_column_text]Um Platz f\u00fcr die neue Sektion \u00abLandwirtschaft\u00bb von Grangeneuve, die das Beratungszentrum und die kantonalen Dienste vereint, zu schaffen, zieht Holstein Switzerland Anfang Juli um.<\/p>\n<p>Holstein Switzerland nutzt die Gelegenheit, um die Telefonnummern zu \u00e4ndern. Die untenstehenden Nummern gelten ab dem 1. Juli:<\/p>\n<p style=\"text-align: center;\"><strong>Holstein Switzerland<\/strong><strong><br \/>\nRoute de Grangeneuve 37<br \/>\n1725 Posieux<br \/>\n&#8212;&#8212;&#8211;<br \/>\n026 564 12 00<\/strong><\/p>\n<p>[\/vc_column_text][\/vc_column][\/vc_row][vc_row][vc_column][vc_custom_heading text=&#8221;Aufgrund eines Umzugs werden unsere Computerserver nicht verf\u00fcgbar sein : am Mittwoch, den 6. Juli Besten Dank im Voraus f\u00fcr Ihr Verst\u00e4ndnis&#8221; font_container=&#8221;tag:h3|text_align:center|color:%23ffffff&#8221; use_theme_fonts=&#8221;yes&#8221; css=&#8221;.vc_custom_1655735228721{margin-top: 2% !important;padding-top: 30px !important;padding-bottom: 30px !important;background-color: #fcb819 !important;}&#8221;][\/vc_column][\/vc_row]<\/p>\n","protected":false},"excerpt":{"rendered":"<p>[vc_row][vc_column][vc_column_text]Um Platz f\u00fcr die neue Sektion \u00abLandwirtschaft\u00bb von Grangeneuve, die das Beratungszentrum und die kantonalen Dienste vereint, zu schaffen, zieht Holstein Switzerland Anfang Juli um. Holstein Switzerland nutzt die Gelegenheit, um die Telefonnummern zu \u00e4ndern. Die untenstehenden Nummern gelten ab dem 1. Juli: Holstein Switzerland Route de Grangeneuve 37 1725 Posieux &#8212;&#8212;&#8211; 026 564 12 [&hellip;]<\/p>\n","protected":false},"author":42,"featured_media":21066,"comment_status":"open","ping_status":"open","sticky":false,"template":"","format":"standard","meta":{"_acf_changed":false,"_monsterinsights_skip_tracking":false,"_monsterinsights_sitenote_active":false,"_monsterinsights_sitenote_note":"","_monsterinsights_sitenote_category":0,"footnotes":""},"categories":[600],"tags":[],"class_list":["post-21070","post","type-post","status-publish","format-standard","has-post-thumbnail","hentry","category-weitere-nachrichten"],"acf":[],"yoast_head":"<!-- This site is optimized with the Yoast SEO plugin v26.9 - https:\/\/yoast.com\/product\/yoast-seo-wordpress\/ -->\n<title>HOLSTEIN SWITZERLAND ZIEHT UM - Holstein Switzerland<\/title>\n<meta name=\"robots\" content=\"index, follow, max-snippet:-1, max-image-preview:large, max-video-preview:-1\" \/>\n<link rel=\"canonical\" href=\"https:\/\/www.holstein.ch\/de\/holstein-switzerland-zieht-um\/\" \/>\n<meta property=\"og:locale\" content=\"de_DE\" \/>\n<meta property=\"og:type\" content=\"article\" \/>\n<meta property=\"og:title\" content=\"HOLSTEIN SWITZERLAND ZIEHT UM - Holstein Switzerland\" \/>\n<meta property=\"og:description\" content=\"[vc_row][vc_column][vc_column_text]Um Platz f\u00fcr die neue Sektion \u00abLandwirtschaft\u00bb von Grangeneuve, die das Beratungszentrum und die kantonalen Dienste vereint, zu schaffen, zieht Holstein Switzerland Anfang Juli um. Holstein Switzerland nutzt die Gelegenheit, um die Telefonnummern zu \u00e4ndern. Die untenstehenden Nummern gelten ab dem 1. Juli: Holstein Switzerland Route de Grangeneuve 37 1725 Posieux &#8212;&#8212;&#8211; 026 564 12 [&hellip;]\" \/>\n<meta property=\"og:url\" content=\"https:\/\/www.holstein.ch\/de\/holstein-switzerland-zieht-um\/\" \/>\n<meta property=\"og:site_name\" content=\"Holstein Switzerland\" \/>\n<meta property=\"article:publisher\" content=\"https:\/\/www.facebook.com\/HolSwi\" \/>\n<meta property=\"article:published_time\" content=\"2022-06-29T06:30:46+00:00\" \/>\n<meta property=\"article:modified_time\" content=\"2023-09-28T07:49:18+00:00\" \/>\n<meta property=\"og:image\" content=\"https:\/\/www.holstein.ch\/wp-content\/uploads\/DJI_0175-scaled.jpg\" \/>\n\t<meta property=\"og:image:width\" content=\"2560\" \/>\n\t<meta property=\"og:image:height\" content=\"1707\" \/>\n\t<meta property=\"og:image:type\" content=\"image\/jpeg\" \/>\n<meta name=\"author\" content=\"Marie-Jos\u00e9 Rossier\" \/>\n<meta name=\"twitter:card\" content=\"summary_large_image\" \/>\n<meta name=\"twitter:label1\" content=\"Verfasst von\" \/>\n\t<meta name=\"twitter:data1\" content=\"Marie-Jos\u00e9 Rossier\" \/>\n\t<meta name=\"twitter:label2\" content=\"Gesch\u00e4tzte Lesezeit\" \/>\n\t<meta name=\"twitter:data2\" content=\"1\u00a0Minute\" \/>\n<script type=\"application\/ld+json\" class=\"yoast-schema-graph\">{\"@context\":\"https:\/\/schema.org\",\"@graph\":[{\"@type\":\"NewsArticle\",\"@id\":\"https:\/\/www.holstein.ch\/de\/holstein-switzerland-zieht-um\/#article\",\"isPartOf\":{\"@id\":\"https:\/\/www.holstein.ch\/de\/holstein-switzerland-zieht-um\/\"},\"author\":{\"name\":\"Marie-Jos\u00e9 Rossier\",\"@id\":\"https:\/\/www.holstein.ch\/de\/#\/schema\/person\/91e83d490a3dfd0906e65d37ecbcbfb6\"},\"headline\":\"HOLSTEIN SWITZERLAND ZIEHT UM\",\"datePublished\":\"2022-06-29T06:30:46+00:00\",\"dateModified\":\"2023-09-28T07:49:18+00:00\",\"mainEntityOfPage\":{\"@id\":\"https:\/\/www.holstein.ch\/de\/holstein-switzerland-zieht-um\/\"},\"wordCount\":130,\"commentCount\":0,\"publisher\":{\"@id\":\"https:\/\/www.holstein.ch\/de\/#organization\"},\"image\":{\"@id\":\"https:\/\/www.holstein.ch\/de\/holstein-switzerland-zieht-um\/#primaryimage\"},\"thumbnailUrl\":\"https:\/\/www.holstein.ch\/wp-content\/uploads\/DJI_0175-scaled.jpg\",\"articleSection\":[\"Weitere Nachrichten\"],\"inLanguage\":\"de\"},{\"@type\":\"WebPage\",\"@id\":\"https:\/\/www.holstein.ch\/de\/holstein-switzerland-zieht-um\/\",\"url\":\"https:\/\/www.holstein.ch\/de\/holstein-switzerland-zieht-um\/\",\"name\":\"HOLSTEIN SWITZERLAND ZIEHT UM - Holstein Switzerland\",\"isPartOf\":{\"@id\":\"https:\/\/www.holstein.ch\/de\/#website\"},\"primaryImageOfPage\":{\"@id\":\"https:\/\/www.holstein.ch\/de\/holstein-switzerland-zieht-um\/#primaryimage\"},\"image\":{\"@id\":\"https:\/\/www.holstein.ch\/de\/holstein-switzerland-zieht-um\/#primaryimage\"},\"thumbnailUrl\":\"https:\/\/www.holstein.ch\/wp-content\/uploads\/DJI_0175-scaled.jpg\",\"datePublished\":\"2022-06-29T06:30:46+00:00\",\"dateModified\":\"2023-09-28T07:49:18+00:00\",\"breadcrumb\":{\"@id\":\"https:\/\/www.holstein.ch\/de\/holstein-switzerland-zieht-um\/#breadcrumb\"},\"inLanguage\":\"de\",\"potentialAction\":[{\"@type\":\"ReadAction\",\"target\":[\"https:\/\/www.holstein.ch\/de\/holstein-switzerland-zieht-um\/\"]}]},{\"@type\":\"ImageObject\",\"inLanguage\":\"de\",\"@id\":\"https:\/\/www.holstein.ch\/de\/holstein-switzerland-zieht-um\/#primaryimage\",\"url\":\"https:\/\/www.holstein.ch\/wp-content\/uploads\/DJI_0175-scaled.jpg\",\"contentUrl\":\"https:\/\/www.holstein.ch\/wp-content\/uploads\/DJI_0175-scaled.jpg\",\"width\":2560,\"height\":1707,\"caption\":\"default\"},{\"@type\":\"BreadcrumbList\",\"@id\":\"https:\/\/www.holstein.ch\/de\/holstein-switzerland-zieht-um\/#breadcrumb\",\"itemListElement\":[{\"@type\":\"ListItem\",\"position\":1,\"name\":\"Weitere Nachrichten\",\"item\":\"https:\/\/www.holstein.ch\/de\/publikationen\/weitere-nachrichten\/\"},{\"@type\":\"ListItem\",\"position\":2,\"name\":\"HOLSTEIN SWITZERLAND ZIEHT UM\"}]},{\"@type\":\"WebSite\",\"@id\":\"https:\/\/www.holstein.ch\/de\/#website\",\"url\":\"https:\/\/www.holstein.ch\/de\/\",\"name\":\"Holstein Switzerland\",\"description\":\"Holstein Switzerland\",\"publisher\":{\"@id\":\"https:\/\/www.holstein.ch\/de\/#organization\"},\"potentialAction\":[{\"@type\":\"SearchAction\",\"target\":{\"@type\":\"EntryPoint\",\"urlTemplate\":\"https:\/\/www.holstein.ch\/de\/?s={search_term_string}\"},\"query-input\":{\"@type\":\"PropertyValueSpecification\",\"valueRequired\":true,\"valueName\":\"search_term_string\"}}],\"inLanguage\":\"de\"},{\"@type\":\"Organization\",\"@id\":\"https:\/\/www.holstein.ch\/de\/#organization\",\"name\":\"Holstein Switzerland\",\"url\":\"https:\/\/www.holstein.ch\/de\/\",\"logo\":{\"@type\":\"ImageObject\",\"inLanguage\":\"de\",\"@id\":\"https:\/\/www.holstein.ch\/de\/#\/schema\/logo\/image\/\",\"url\":\"https:\/\/www.holstein.ch\/wp-content\/uploads\/2023\/09\/holstein_switzerland_logo.png\",\"contentUrl\":\"https:\/\/www.holstein.ch\/wp-content\/uploads\/2023\/09\/holstein_switzerland_logo.png\",\"width\":800,\"height\":621,\"caption\":\"Holstein Switzerland\"},\"image\":{\"@id\":\"https:\/\/www.holstein.ch\/de\/#\/schema\/logo\/image\/\"},\"sameAs\":[\"https:\/\/www.facebook.com\/HolSwi\",\"https:\/\/www.youtube.com\/@holsteinswitzerland\",\"https:\/\/www.instagram.com\/holstein_switzerland\"]},{\"@type\":\"Person\",\"@id\":\"https:\/\/www.holstein.ch\/de\/#\/schema\/person\/91e83d490a3dfd0906e65d37ecbcbfb6\",\"name\":\"Marie-Jos\u00e9 Rossier\",\"image\":{\"@type\":\"ImageObject\",\"inLanguage\":\"de\",\"@id\":\"https:\/\/www.holstein.ch\/de\/#\/schema\/person\/image\/\",\"url\":\"https:\/\/secure.gravatar.com\/avatar\/68ae16187ec4e6b8556e0e811e57dcb7c21c138f955e02087102f283ee2b3bb6?s=96&d=mm&r=g\",\"contentUrl\":\"https:\/\/secure.gravatar.com\/avatar\/68ae16187ec4e6b8556e0e811e57dcb7c21c138f955e02087102f283ee2b3bb6?s=96&d=mm&r=g\",\"caption\":\"Marie-Jos\u00e9 Rossier\"}}]}<\/script>\n<!-- \/ Yoast SEO plugin. -->","yoast_head_json":{"title":"HOLSTEIN SWITZERLAND ZIEHT UM - Holstein Switzerland","robots":{"index":"index","follow":"follow","max-snippet":"max-snippet:-1","max-image-preview":"max-image-preview:large","max-video-preview":"max-video-preview:-1"},"canonical":"https:\/\/www.holstein.ch\/de\/holstein-switzerland-zieht-um\/","og_locale":"de_DE","og_type":"article","og_title":"HOLSTEIN SWITZERLAND ZIEHT UM - Holstein Switzerland","og_description":"[vc_row][vc_column][vc_column_text]Um Platz f\u00fcr die neue Sektion \u00abLandwirtschaft\u00bb von Grangeneuve, die das Beratungszentrum und die kantonalen Dienste vereint, zu schaffen, zieht Holstein Switzerland Anfang Juli um. Holstein Switzerland nutzt die Gelegenheit, um die Telefonnummern zu \u00e4ndern. Die untenstehenden Nummern gelten ab dem 1. Juli: Holstein Switzerland Route de Grangeneuve 37 1725 Posieux &#8212;&#8212;&#8211; 026 564 12 [&hellip;]","og_url":"https:\/\/www.holstein.ch\/de\/holstein-switzerland-zieht-um\/","og_site_name":"Holstein Switzerland","article_publisher":"https:\/\/www.facebook.com\/HolSwi","article_published_time":"2022-06-29T06:30:46+00:00","article_modified_time":"2023-09-28T07:49:18+00:00","og_image":[{"width":2560,"height":1707,"url":"https:\/\/www.holstein.ch\/wp-content\/uploads\/DJI_0175-scaled.jpg","type":"image\/jpeg"}],"author":"Marie-Jos\u00e9 Rossier","twitter_card":"summary_large_image","twitter_misc":{"Verfasst von":"Marie-Jos\u00e9 Rossier","Gesch\u00e4tzte Lesezeit":"1\u00a0Minute"},"schema":{"@context":"https:\/\/schema.org","@graph":[{"@type":"NewsArticle","@id":"https:\/\/www.holstein.ch\/de\/holstein-switzerland-zieht-um\/#article","isPartOf":{"@id":"https:\/\/www.holstein.ch\/de\/holstein-switzerland-zieht-um\/"},"author":{"name":"Marie-Jos\u00e9 Rossier","@id":"https:\/\/www.holstein.ch\/de\/#\/schema\/person\/91e83d490a3dfd0906e65d37ecbcbfb6"},"headline":"HOLSTEIN SWITZERLAND ZIEHT UM","datePublished":"2022-06-29T06:30:46+00:00","dateModified":"2023-09-28T07:49:18+00:00","mainEntityOfPage":{"@id":"https:\/\/www.holstein.ch\/de\/holstein-switzerland-zieht-um\/"},"wordCount":130,"commentCount":0,"publisher":{"@id":"https:\/\/www.holstein.ch\/de\/#organization"},"image":{"@id":"https:\/\/www.holstein.ch\/de\/holstein-switzerland-zieht-um\/#primaryimage"},"thumbnailUrl":"https:\/\/www.holstein.ch\/wp-content\/uploads\/DJI_0175-scaled.jpg","articleSection":["Weitere Nachrichten"],"inLanguage":"de"},{"@type":"WebPage","@id":"https:\/\/www.holstein.ch\/de\/holstein-switzerland-zieht-um\/","url":"https:\/\/www.holstein.ch\/de\/holstein-switzerland-zieht-um\/","name":"HOLSTEIN SWITZERLAND ZIEHT UM - Holstein Switzerland","isPartOf":{"@id":"https:\/\/www.holstein.ch\/de\/#website"},"primaryImageOfPage":{"@id":"https:\/\/www.holstein.ch\/de\/holstein-switzerland-zieht-um\/#primaryimage"},"image":{"@id":"https:\/\/www.holstein.ch\/de\/holstein-switzerland-zieht-um\/#primaryimage"},"thumbnailUrl":"https:\/\/www.holstein.ch\/wp-content\/uploads\/DJI_0175-scaled.jpg","datePublished":"2022-06-29T06:30:46+00:00","dateModified":"2023-09-28T07:49:18+00:00","breadcrumb":{"@id":"https:\/\/www.holstein.ch\/de\/holstein-switzerland-zieht-um\/#breadcrumb"},"inLanguage":"de","potentialAction":[{"@type":"ReadAction","target":["https:\/\/www.holstein.ch\/de\/holstein-switzerland-zieht-um\/"]}]},{"@type":"ImageObject","inLanguage":"de","@id":"https:\/\/www.holstein.ch\/de\/holstein-switzerland-zieht-um\/#primaryimage","url":"https:\/\/www.holstein.ch\/wp-content\/uploads\/DJI_0175-scaled.jpg","contentUrl":"https:\/\/www.holstein.ch\/wp-content\/uploads\/DJI_0175-scaled.jpg","width":2560,"height":1707,"caption":"default"},{"@type":"BreadcrumbList","@id":"https:\/\/www.holstein.ch\/de\/holstein-switzerland-zieht-um\/#breadcrumb","itemListElement":[{"@type":"ListItem","position":1,"name":"Weitere Nachrichten","item":"https:\/\/www.holstein.ch\/de\/publikationen\/weitere-nachrichten\/"},{"@type":"ListItem","position":2,"name":"HOLSTEIN SWITZERLAND ZIEHT UM"}]},{"@type":"WebSite","@id":"https:\/\/www.holstein.ch\/de\/#website","url":"https:\/\/www.holstein.ch\/de\/","name":"Holstein Switzerland","description":"Holstein Switzerland","publisher":{"@id":"https:\/\/www.holstein.ch\/de\/#organization"},"potentialAction":[{"@type":"SearchAction","target":{"@type":"EntryPoint","urlTemplate":"https:\/\/www.holstein.ch\/de\/?s={search_term_string}"},"query-input":{"@type":"PropertyValueSpecification","valueRequired":true,"valueName":"search_term_string"}}],"inLanguage":"de"},{"@type":"Organization","@id":"https:\/\/www.holstein.ch\/de\/#organization","name":"Holstein Switzerland","url":"https:\/\/www.holstein.ch\/de\/","logo":{"@type":"ImageObject","inLanguage":"de","@id":"https:\/\/www.holstein.ch\/de\/#\/schema\/logo\/image\/","url":"https:\/\/www.holstein.ch\/wp-content\/uploads\/2023\/09\/holstein_switzerland_logo.png","contentUrl":"https:\/\/www.holstein.ch\/wp-content\/uploads\/2023\/09\/holstein_switzerland_logo.png","width":800,"height":621,"caption":"Holstein Switzerland"},"image":{"@id":"https:\/\/www.holstein.ch\/de\/#\/schema\/logo\/image\/"},"sameAs":["https:\/\/www.facebook.com\/HolSwi","https:\/\/www.youtube.com\/@holsteinswitzerland","https:\/\/www.instagram.com\/holstein_switzerland"]},{"@type":"Person","@id":"https:\/\/www.holstein.ch\/de\/#\/schema\/person\/91e83d490a3dfd0906e65d37ecbcbfb6","name":"Marie-Jos\u00e9 Rossier","image":{"@type":"ImageObject","inLanguage":"de","@id":"https:\/\/www.holstein.ch\/de\/#\/schema\/person\/image\/","url":"https:\/\/secure.gravatar.com\/avatar\/68ae16187ec4e6b8556e0e811e57dcb7c21c138f955e02087102f283ee2b3bb6?s=96&d=mm&r=g","contentUrl":"https:\/\/secure.gravatar.com\/avatar\/68ae16187ec4e6b8556e0e811e57dcb7c21c138f955e02087102f283ee2b3bb6?s=96&d=mm&r=g","caption":"Marie-Jos\u00e9 Rossier"}}]}},"_links":{"self":[{"href":"https:\/\/www.holstein.ch\/de\/wp-json\/wp\/v2\/posts\/21070","targetHints":{"allow":["GET"]}}],"collection":[{"href":"https:\/\/www.holstein.ch\/de\/wp-json\/wp\/v2\/posts"}],"about":[{"href":"https:\/\/www.holstein.ch\/de\/wp-json\/wp\/v2\/types\/post"}],"author":[{"embeddable":true,"href":"https:\/\/www.holstein.ch\/de\/wp-json\/wp\/v2\/users\/42"}],"replies":[{"embeddable":true,"href":"https:\/\/www.holstein.ch\/de\/wp-json\/wp\/v2\/comments?post=21070"}],"version-history":[{"count":19,"href":"https:\/\/www.holstein.ch\/de\/wp-json\/wp\/v2\/posts\/21070\/revisions"}],"predecessor-version":[{"id":21089,"href":"https:\/\/www.holstein.ch\/de\/wp-json\/wp\/v2\/posts\/21070\/revisions\/21089"}],"wp:featuredmedia":[{"embeddable":true,"href":"https:\/\/www.holstein.ch\/de\/wp-json\/wp\/v2\/media\/21066"}],"wp:attachment":[{"href":"https:\/\/www.holstein.ch\/de\/wp-json\/wp\/v2\/media?parent=21070"}],"wp:term":[{"taxonomy":"category","embeddable":true,"href":"https:\/\/www.holstein.ch\/de\/wp-json\/wp\/v2\/categories?post=21070"},{"taxonomy":"post_tag","embeddable":true,"href":"https:\/\/www.holstein.ch\/de\/wp-json\/wp\/v2\/tags?post=21070"}],"curies":[{"name":"wp","href":"https:\/\/api.w.org\/{rel}","templated":true}]}}