{"id":5558,"date":"2018-12-13T12:46:18","date_gmt":"2018-12-13T11:46:18","guid":{"rendered":"http:\/\/www.holstein.ch\/?p=5558"},"modified":"2023-09-28T09:47:31","modified_gmt":"2023-09-28T07:47:31","slug":"libramont-2019-europameisterschaft-holstein-und-red-holstein","status":"publish","type":"post","link":"https:\/\/www.holstein.ch\/de\/libramont-2019-europameisterschaft-holstein-und-red-holstein\/","title":{"rendered":"Libramont 2019 &#8211; Europameisterschaft Holstein und Red Holstein"},"content":{"rendered":"\n\t\t\t\t\n<p>Sie haben eine aussergew\u00f6hnliche Holstein- oder Red Holstein-Kuh? Diese muss mit Holstein-Tieren von internationalem Kaliber konkurrieren k\u00f6nnen. Melden Sie diese bis sp\u00e4testens am Montag 14. Januar 2019 mit vorliegendem Formular an. Die Anmeldung geht unabh\u00e4ngig der Farbe des Tieres an die Zuchtorganisation des jeweiligen Z\u00fcchters.<\/p>\n\t\t","protected":false},"excerpt":{"rendered":"<p>Sie haben eine aussergew\u00f6hnliche Holstein- oder Red Holstein-Kuh? Diese muss mit Holstein-Tieren von internationalem Kaliber konkurrieren k\u00f6nnen. Melden Sie diese bis sp\u00e4testens am Montag 14. Januar 2019 mit vorliegendem Formular an. Die Anmeldung geht unabh\u00e4ngig der Farbe des Tieres an die Zuchtorganisation des jeweiligen Z\u00fcchters.<\/p>\n","protected":false},"author":2,"featured_media":0,"comment_status":"closed","ping_status":"closed","sticky":false,"template":"","format":"standard","meta":{"_acf_changed":false,"_monsterinsights_skip_tracking":false,"_monsterinsights_sitenote_active":false,"_monsterinsights_sitenote_note":"","_monsterinsights_sitenote_category":0,"footnotes":""},"categories":[600],"tags":[],"class_list":["post-5558","post","type-post","status-publish","format-standard","hentry","category-weitere-nachrichten"],"acf":[],"yoast_head":"<!-- This site is optimized with the Yoast SEO plugin v26.9 - https:\/\/yoast.com\/product\/yoast-seo-wordpress\/ -->\n<title>Libramont 2019 - Europameisterschaft Holstein und Red Holstein - Holstein Switzerland<\/title>\n<meta name=\"robots\" content=\"index, follow, max-snippet:-1, max-image-preview:large, max-video-preview:-1\" \/>\n<link rel=\"canonical\" href=\"https:\/\/www.holstein.ch\/de\/libramont-2019-europameisterschaft-holstein-und-red-holstein\/\" \/>\n<meta property=\"og:locale\" content=\"de_DE\" \/>\n<meta property=\"og:type\" content=\"article\" \/>\n<meta property=\"og:title\" content=\"Libramont 2019 - Europameisterschaft Holstein und Red Holstein - Holstein Switzerland\" \/>\n<meta property=\"og:description\" content=\"Sie haben eine aussergew\u00f6hnliche Holstein- oder Red Holstein-Kuh? Diese muss mit Holstein-Tieren von internationalem Kaliber konkurrieren k\u00f6nnen. Melden Sie diese bis sp\u00e4testens am Montag 14. Januar 2019 mit vorliegendem Formular an. Die Anmeldung geht unabh\u00e4ngig der Farbe des Tieres an die Zuchtorganisation des jeweiligen Z\u00fcchters.\" \/>\n<meta property=\"og:url\" content=\"https:\/\/www.holstein.ch\/de\/libramont-2019-europameisterschaft-holstein-und-red-holstein\/\" \/>\n<meta property=\"og:site_name\" content=\"Holstein Switzerland\" \/>\n<meta property=\"article:publisher\" content=\"https:\/\/www.facebook.com\/HolSwi\" \/>\n<meta property=\"article:published_time\" content=\"2018-12-13T11:46:18+00:00\" \/>\n<meta property=\"article:modified_time\" content=\"2023-09-28T07:47:31+00:00\" \/>\n<meta name=\"author\" content=\"Patrick Monod\" \/>\n<meta name=\"twitter:card\" content=\"summary_large_image\" \/>\n<meta name=\"twitter:label1\" content=\"Verfasst von\" \/>\n\t<meta name=\"twitter:data1\" content=\"Patrick Monod\" \/>\n<script type=\"application\/ld+json\" class=\"yoast-schema-graph\">{\"@context\":\"https:\/\/schema.org\",\"@graph\":[{\"@type\":\"NewsArticle\",\"@id\":\"https:\/\/www.holstein.ch\/de\/libramont-2019-europameisterschaft-holstein-und-red-holstein\/#article\",\"isPartOf\":{\"@id\":\"https:\/\/www.holstein.ch\/de\/libramont-2019-europameisterschaft-holstein-und-red-holstein\/\"},\"author\":{\"name\":\"Patrick Monod\",\"@id\":\"https:\/\/www.holstein.ch\/de\/#\/schema\/person\/a2ace477ff3383343477ba270f4888d4\"},\"headline\":\"Libramont 2019 &#8211; Europameisterschaft Holstein und Red Holstein\",\"datePublished\":\"2018-12-13T11:46:18+00:00\",\"dateModified\":\"2023-09-28T07:47:31+00:00\",\"mainEntityOfPage\":{\"@id\":\"https:\/\/www.holstein.ch\/de\/libramont-2019-europameisterschaft-holstein-und-red-holstein\/\"},\"wordCount\":55,\"publisher\":{\"@id\":\"https:\/\/www.holstein.ch\/de\/#organization\"},\"articleSection\":[\"Weitere Nachrichten\"],\"inLanguage\":\"de\"},{\"@type\":\"WebPage\",\"@id\":\"https:\/\/www.holstein.ch\/de\/libramont-2019-europameisterschaft-holstein-und-red-holstein\/\",\"url\":\"https:\/\/www.holstein.ch\/de\/libramont-2019-europameisterschaft-holstein-und-red-holstein\/\",\"name\":\"Libramont 2019 - Europameisterschaft Holstein und Red Holstein - Holstein Switzerland\",\"isPartOf\":{\"@id\":\"https:\/\/www.holstein.ch\/de\/#website\"},\"datePublished\":\"2018-12-13T11:46:18+00:00\",\"dateModified\":\"2023-09-28T07:47:31+00:00\",\"breadcrumb\":{\"@id\":\"https:\/\/www.holstein.ch\/de\/libramont-2019-europameisterschaft-holstein-und-red-holstein\/#breadcrumb\"},\"inLanguage\":\"de\",\"potentialAction\":[{\"@type\":\"ReadAction\",\"target\":[\"https:\/\/www.holstein.ch\/de\/libramont-2019-europameisterschaft-holstein-und-red-holstein\/\"]}]},{\"@type\":\"BreadcrumbList\",\"@id\":\"https:\/\/www.holstein.ch\/de\/libramont-2019-europameisterschaft-holstein-und-red-holstein\/#breadcrumb\",\"itemListElement\":[{\"@type\":\"ListItem\",\"position\":1,\"name\":\"Weitere Nachrichten\",\"item\":\"https:\/\/www.holstein.ch\/de\/publikationen\/weitere-nachrichten\/\"},{\"@type\":\"ListItem\",\"position\":2,\"name\":\"Libramont 2019 &#8211; Europameisterschaft Holstein und Red Holstein\"}]},{\"@type\":\"WebSite\",\"@id\":\"https:\/\/www.holstein.ch\/de\/#website\",\"url\":\"https:\/\/www.holstein.ch\/de\/\",\"name\":\"Holstein Switzerland\",\"description\":\"Holstein Switzerland\",\"publisher\":{\"@id\":\"https:\/\/www.holstein.ch\/de\/#organization\"},\"potentialAction\":[{\"@type\":\"SearchAction\",\"target\":{\"@type\":\"EntryPoint\",\"urlTemplate\":\"https:\/\/www.holstein.ch\/de\/?s={search_term_string}\"},\"query-input\":{\"@type\":\"PropertyValueSpecification\",\"valueRequired\":true,\"valueName\":\"search_term_string\"}}],\"inLanguage\":\"de\"},{\"@type\":\"Organization\",\"@id\":\"https:\/\/www.holstein.ch\/de\/#organization\",\"name\":\"Holstein Switzerland\",\"url\":\"https:\/\/www.holstein.ch\/de\/\",\"logo\":{\"@type\":\"ImageObject\",\"inLanguage\":\"de\",\"@id\":\"https:\/\/www.holstein.ch\/de\/#\/schema\/logo\/image\/\",\"url\":\"https:\/\/www.holstein.ch\/wp-content\/uploads\/2023\/09\/holstein_switzerland_logo.png\",\"contentUrl\":\"https:\/\/www.holstein.ch\/wp-content\/uploads\/2023\/09\/holstein_switzerland_logo.png\",\"width\":800,\"height\":621,\"caption\":\"Holstein Switzerland\"},\"image\":{\"@id\":\"https:\/\/www.holstein.ch\/de\/#\/schema\/logo\/image\/\"},\"sameAs\":[\"https:\/\/www.facebook.com\/HolSwi\",\"https:\/\/www.youtube.com\/@holsteinswitzerland\",\"https:\/\/www.instagram.com\/holstein_switzerland\"]},{\"@type\":\"Person\",\"@id\":\"https:\/\/www.holstein.ch\/de\/#\/schema\/person\/a2ace477ff3383343477ba270f4888d4\",\"name\":\"Patrick Monod\",\"image\":{\"@type\":\"ImageObject\",\"inLanguage\":\"de\",\"@id\":\"https:\/\/www.holstein.ch\/de\/#\/schema\/person\/image\/\",\"url\":\"https:\/\/secure.gravatar.com\/avatar\/07a4bcc52c1860dda0c210cc06a14fb51c110e3cb89aa716a61b79b9e9bf5efd?s=96&d=mm&r=g\",\"contentUrl\":\"https:\/\/secure.gravatar.com\/avatar\/07a4bcc52c1860dda0c210cc06a14fb51c110e3cb89aa716a61b79b9e9bf5efd?s=96&d=mm&r=g\",\"caption\":\"Patrick Monod\"}}]}<\/script>\n<!-- \/ Yoast SEO plugin. -->","yoast_head_json":{"title":"Libramont 2019 - Europameisterschaft Holstein und Red Holstein - Holstein Switzerland","robots":{"index":"index","follow":"follow","max-snippet":"max-snippet:-1","max-image-preview":"max-image-preview:large","max-video-preview":"max-video-preview:-1"},"canonical":"https:\/\/www.holstein.ch\/de\/libramont-2019-europameisterschaft-holstein-und-red-holstein\/","og_locale":"de_DE","og_type":"article","og_title":"Libramont 2019 - Europameisterschaft Holstein und Red Holstein - Holstein Switzerland","og_description":"Sie haben eine aussergew\u00f6hnliche Holstein- oder Red Holstein-Kuh? Diese muss mit Holstein-Tieren von internationalem Kaliber konkurrieren k\u00f6nnen. Melden Sie diese bis sp\u00e4testens am Montag 14. Januar 2019 mit vorliegendem Formular an. Die Anmeldung geht unabh\u00e4ngig der Farbe des Tieres an die Zuchtorganisation des jeweiligen Z\u00fcchters.","og_url":"https:\/\/www.holstein.ch\/de\/libramont-2019-europameisterschaft-holstein-und-red-holstein\/","og_site_name":"Holstein Switzerland","article_publisher":"https:\/\/www.facebook.com\/HolSwi","article_published_time":"2018-12-13T11:46:18+00:00","article_modified_time":"2023-09-28T07:47:31+00:00","author":"Patrick Monod","twitter_card":"summary_large_image","twitter_misc":{"Verfasst von":"Patrick Monod"},"schema":{"@context":"https:\/\/schema.org","@graph":[{"@type":"NewsArticle","@id":"https:\/\/www.holstein.ch\/de\/libramont-2019-europameisterschaft-holstein-und-red-holstein\/#article","isPartOf":{"@id":"https:\/\/www.holstein.ch\/de\/libramont-2019-europameisterschaft-holstein-und-red-holstein\/"},"author":{"name":"Patrick Monod","@id":"https:\/\/www.holstein.ch\/de\/#\/schema\/person\/a2ace477ff3383343477ba270f4888d4"},"headline":"Libramont 2019 &#8211; Europameisterschaft Holstein und Red Holstein","datePublished":"2018-12-13T11:46:18+00:00","dateModified":"2023-09-28T07:47:31+00:00","mainEntityOfPage":{"@id":"https:\/\/www.holstein.ch\/de\/libramont-2019-europameisterschaft-holstein-und-red-holstein\/"},"wordCount":55,"publisher":{"@id":"https:\/\/www.holstein.ch\/de\/#organization"},"articleSection":["Weitere Nachrichten"],"inLanguage":"de"},{"@type":"WebPage","@id":"https:\/\/www.holstein.ch\/de\/libramont-2019-europameisterschaft-holstein-und-red-holstein\/","url":"https:\/\/www.holstein.ch\/de\/libramont-2019-europameisterschaft-holstein-und-red-holstein\/","name":"Libramont 2019 - Europameisterschaft Holstein und Red Holstein - Holstein Switzerland","isPartOf":{"@id":"https:\/\/www.holstein.ch\/de\/#website"},"datePublished":"2018-12-13T11:46:18+00:00","dateModified":"2023-09-28T07:47:31+00:00","breadcrumb":{"@id":"https:\/\/www.holstein.ch\/de\/libramont-2019-europameisterschaft-holstein-und-red-holstein\/#breadcrumb"},"inLanguage":"de","potentialAction":[{"@type":"ReadAction","target":["https:\/\/www.holstein.ch\/de\/libramont-2019-europameisterschaft-holstein-und-red-holstein\/"]}]},{"@type":"BreadcrumbList","@id":"https:\/\/www.holstein.ch\/de\/libramont-2019-europameisterschaft-holstein-und-red-holstein\/#breadcrumb","itemListElement":[{"@type":"ListItem","position":1,"name":"Weitere Nachrichten","item":"https:\/\/www.holstein.ch\/de\/publikationen\/weitere-nachrichten\/"},{"@type":"ListItem","position":2,"name":"Libramont 2019 &#8211; Europameisterschaft Holstein und Red Holstein"}]},{"@type":"WebSite","@id":"https:\/\/www.holstein.ch\/de\/#website","url":"https:\/\/www.holstein.ch\/de\/","name":"Holstein Switzerland","description":"Holstein Switzerland","publisher":{"@id":"https:\/\/www.holstein.ch\/de\/#organization"},"potentialAction":[{"@type":"SearchAction","target":{"@type":"EntryPoint","urlTemplate":"https:\/\/www.holstein.ch\/de\/?s={search_term_string}"},"query-input":{"@type":"PropertyValueSpecification","valueRequired":true,"valueName":"search_term_string"}}],"inLanguage":"de"},{"@type":"Organization","@id":"https:\/\/www.holstein.ch\/de\/#organization","name":"Holstein Switzerland","url":"https:\/\/www.holstein.ch\/de\/","logo":{"@type":"ImageObject","inLanguage":"de","@id":"https:\/\/www.holstein.ch\/de\/#\/schema\/logo\/image\/","url":"https:\/\/www.holstein.ch\/wp-content\/uploads\/2023\/09\/holstein_switzerland_logo.png","contentUrl":"https:\/\/www.holstein.ch\/wp-content\/uploads\/2023\/09\/holstein_switzerland_logo.png","width":800,"height":621,"caption":"Holstein Switzerland"},"image":{"@id":"https:\/\/www.holstein.ch\/de\/#\/schema\/logo\/image\/"},"sameAs":["https:\/\/www.facebook.com\/HolSwi","https:\/\/www.youtube.com\/@holsteinswitzerland","https:\/\/www.instagram.com\/holstein_switzerland"]},{"@type":"Person","@id":"https:\/\/www.holstein.ch\/de\/#\/schema\/person\/a2ace477ff3383343477ba270f4888d4","name":"Patrick Monod","image":{"@type":"ImageObject","inLanguage":"de","@id":"https:\/\/www.holstein.ch\/de\/#\/schema\/person\/image\/","url":"https:\/\/secure.gravatar.com\/avatar\/07a4bcc52c1860dda0c210cc06a14fb51c110e3cb89aa716a61b79b9e9bf5efd?s=96&d=mm&r=g","contentUrl":"https:\/\/secure.gravatar.com\/avatar\/07a4bcc52c1860dda0c210cc06a14fb51c110e3cb89aa716a61b79b9e9bf5efd?s=96&d=mm&r=g","caption":"Patrick Monod"}}]}},"_links":{"self":[{"href":"https:\/\/www.holstein.ch\/de\/wp-json\/wp\/v2\/posts\/5558","targetHints":{"allow":["GET"]}}],"collection":[{"href":"https:\/\/www.holstein.ch\/de\/wp-json\/wp\/v2\/posts"}],"about":[{"href":"https:\/\/www.holstein.ch\/de\/wp-json\/wp\/v2\/types\/post"}],"author":[{"embeddable":true,"href":"https:\/\/www.holstein.ch\/de\/wp-json\/wp\/v2\/users\/2"}],"replies":[{"embeddable":true,"href":"https:\/\/www.holstein.ch\/de\/wp-json\/wp\/v2\/comments?post=5558"}],"version-history":[{"count":1,"href":"https:\/\/www.holstein.ch\/de\/wp-json\/wp\/v2\/posts\/5558\/revisions"}],"predecessor-version":[{"id":25022,"href":"https:\/\/www.holstein.ch\/de\/wp-json\/wp\/v2\/posts\/5558\/revisions\/25022"}],"wp:attachment":[{"href":"https:\/\/www.holstein.ch\/de\/wp-json\/wp\/v2\/media?parent=5558"}],"wp:term":[{"taxonomy":"category","embeddable":true,"href":"https:\/\/www.holstein.ch\/de\/wp-json\/wp\/v2\/categories?post=5558"},{"taxonomy":"post_tag","embeddable":true,"href":"https:\/\/www.holstein.ch\/de\/wp-json\/wp\/v2\/tags?post=5558"}],"curies":[{"name":"wp","href":"https:\/\/api.w.org\/{rel}","templated":true}]}}