{"id":11741,"date":"2019-07-03T14:53:02","date_gmt":"2019-07-03T12:53:02","guid":{"rendered":"https:\/\/www.holstein.ch\/?p=11741"},"modified":"2023-09-28T09:41:48","modified_gmt":"2023-09-28T07:41:48","slug":"les-detenteurs-danimaux-sont-tenus-de-parer-a-toute-eventualite","status":"publish","type":"post","link":"https:\/\/www.holstein.ch\/fr\/les-detenteurs-danimaux-sont-tenus-de-parer-a-toute-eventualite\/","title":{"rendered":"Les d\u00e9tenteurs d\u2019animaux sont tenus de parer \u00e0 toute \u00e9ventualit\u00e9"},"content":{"rendered":"<p>[vc_row][vc_column][vc_column_text]<\/p>\n<p style=\"text-align: left;\">Communiqu\u00e9 de presse de l\u2019Union suisse des paysans du 3 juillet 2019<\/p>\n<p style=\"text-align: left;\"><strong>Les d\u00e9tenteurs d\u2019animaux sont tenus de parer \u00e0 toute \u00e9ventualit\u00e9<\/strong><\/p>\n<p style=\"text-align: left;\">En Suisse, la condamnation de l\u2019agriculteur autrichien dont les bovins avaient tu\u00e9 une touriste allemande inqui\u00e8te les d\u00e9tenteurs d\u2019animaux : eux aussi sont en principe tenus pour responsables s\u2019ils ne mettent pas en place les mesures n\u00e9cessaires.<br \/>\nEn d\u00e9but d\u2019ann\u00e9e, un agriculteur autrichien a comparu devant le tribunal de premi\u00e8re instance, car une de ses b\u00eates avait tu\u00e9 une touriste allemande en 2014. Au terme du proc\u00e8s, il s\u2019est vu infliger une amende de pr\u00e8s d\u2019un demi-million de francs. Il en aurait \u00e9t\u00e9 de m\u00eame en Suisse. En effet, l\u2019art. 56 CO pr\u00e9voit que le d\u00e9tenteur d\u2019animaux est en principe responsable des dommages que ceux-ci pourraient causer, pour autant qu\u2019il ne puisse prouver qu\u2019il a pris toutes les mesures objectivement n\u00e9cessaires et qu\u2019exigeaient les circonstances. Pour rendre sa d\u00e9cision, le juge s\u2019appuie sur les recommandations \u00e9mises par la branche, comme<a href=\"https:\/\/www.holstein.ch\/wp-content\/uploads\/2019\/07\/Checkliste_Mutterkuh_Wanderwege_F_2016.pdf\"> le guide pratique et liste de contr\u00f4le \u00ab Bovins et sentiers p\u00e9destres \u00bb<\/a>. C\u2019est pourquoi les d\u00e9tenteurs de bovins seraient bien inspir\u00e9s d\u2019\u00eatre au fait avec ce document, qui a \u00e9t\u00e9 \u00e9labor\u00e9 par le groupe de travail \u00ab Bovins et sentiers p\u00e9destres \u00bb, lequel r\u00e9unit des repr\u00e9sentants de l\u2019Union suisse des paysans (USP), du Service de pr\u00e9vention des accidents dans l\u2019agriculture (SPAA), de Vache m\u00e8re Suisse et de Suisse Rando.<\/p>\n<p style=\"text-align: left;\">Des mesures s\u2019imposent notamment lorsque des pistes de VTT, des chemins p\u00e9destres officiels ou d\u2019autres itin\u00e9raires traversent des p\u00e2turages de bovins. Avant la mise au p\u00e2turage, le d\u00e9tenteur d\u2019animaux devra tout d\u2019abord \u00e9tudier les risques et dangers auxquels pourrait se retrouver expos\u00e9e une tierce personne. Il devra ensuite mettre en place des mesures \u00e0 m\u00eame de supprimer les zones dangereuses. Peut-\u00eatre faudra-t-il aussi qu\u2019il prenne contact avec la commune ou la soci\u00e9t\u00e9 responsable du sentier. Quoi qu\u2019il en soit, il devra toujours garder \u00e0 l\u2019esprit qu\u2019une tierce personne ne sait pratiquement rien du comportement \u00e0 adopter face \u00e0 des bovins. Enfin, il aura int\u00e9r\u00eat \u00e0 garder une trace \u00e9crite des mesures qu\u2019il aura prises, le plus simple \u00e9tant de compl\u00e9ter la liste de contr\u00f4le. En cas d\u2019incident, une analyse et des mesures suppl\u00e9mentaires seront n\u00e9cessaires.<br \/>\nLe guide pratique et liste de contr\u00f4le \u00ab Bovins et sentiers p\u00e9destres \u00bb est conforme aux prescriptions en vigueur en mati\u00e8re de s\u00e9curit\u00e9 et de pr\u00e9vention des accidents. Comme le montre la jurisprudence, ce document et les mesures prises jouent un r\u00f4le important dans les jugements rendus \u00e0 la suite d\u2019\u00e9v\u00e9nements dommageables. La liste de contr\u00f4le a fait ses preuves. Disponible aupr\u00e8s du SPAA, de l\u2019USP, de Vache m\u00e8re Suisse et de Suisse Rando, elle est aussi disponible <a href=\"https:\/\/www.bul.ch\/images\/fachthemen\/wanderwege\/Checkliste_Mutterkuh_Wanderwege_F_2016.pdf\">en ligne.<\/a><\/p>\n<p style=\"text-align: left;\">Renseignements :<br \/>\nThomas J\u00e4ggi, division Production animale USP, t\u00e9l. 056 562 52 27<br \/>\nDaniel Fl\u00fcckiger, Vache m\u00e8re Suisse, t\u00e9l. 056 462 33 51<br \/>\nHeinz Feldmann, SPAA, t\u00e9l. 062 739 50 40<br \/>\nwww.sbv-usp.ch<\/p>\n<p>[\/vc_column_text][\/vc_column][\/vc_row]<\/p>\n","protected":false},"excerpt":{"rendered":"<p>[vc_row][vc_column][vc_column_text] Communiqu\u00e9 de presse de l\u2019Union suisse des paysans du 3 juillet 2019 Les d\u00e9tenteurs d\u2019animaux sont tenus de parer \u00e0 toute \u00e9ventualit\u00e9 En Suisse, la condamnation de l\u2019agriculteur autrichien dont les bovins avaient tu\u00e9 une touriste allemande inqui\u00e8te les d\u00e9tenteurs d\u2019animaux : eux aussi sont en principe tenus pour responsables s\u2019ils ne mettent pas [&hellip;]<\/p>\n","protected":false},"author":2,"featured_media":11735,"comment_status":"open","ping_status":"open","sticky":false,"template":"","format":"standard","meta":{"_acf_changed":false,"_monsterinsights_skip_tracking":false,"_monsterinsights_sitenote_active":false,"_monsterinsights_sitenote_note":"","_monsterinsights_sitenote_category":0,"footnotes":""},"categories":[599],"tags":[],"class_list":["post-11741","post","type-post","status-publish","format-standard","has-post-thumbnail","hentry","category-autres-actualites"],"acf":[],"yoast_head":"<!-- This site is optimized with the Yoast SEO plugin v26.9 - https:\/\/yoast.com\/product\/yoast-seo-wordpress\/ -->\n<title>Les d\u00e9tenteurs d\u2019animaux sont tenus de parer \u00e0 toute \u00e9ventualit\u00e9 - Holstein Switzerland<\/title>\n<meta name=\"robots\" content=\"index, follow, max-snippet:-1, max-image-preview:large, max-video-preview:-1\" \/>\n<link rel=\"canonical\" href=\"https:\/\/www.holstein.ch\/fr\/les-detenteurs-danimaux-sont-tenus-de-parer-a-toute-eventualite\/\" \/>\n<meta property=\"og:locale\" content=\"fr_FR\" \/>\n<meta property=\"og:type\" content=\"article\" \/>\n<meta property=\"og:title\" content=\"Les d\u00e9tenteurs d\u2019animaux sont tenus de parer \u00e0 toute \u00e9ventualit\u00e9 - Holstein Switzerland\" \/>\n<meta property=\"og:description\" content=\"[vc_row][vc_column][vc_column_text] Communiqu\u00e9 de presse de l\u2019Union suisse des paysans du 3 juillet 2019 Les d\u00e9tenteurs d\u2019animaux sont tenus de parer \u00e0 toute \u00e9ventualit\u00e9 En Suisse, la condamnation de l\u2019agriculteur autrichien dont les bovins avaient tu\u00e9 une touriste allemande inqui\u00e8te les d\u00e9tenteurs d\u2019animaux : eux aussi sont en principe tenus pour responsables s\u2019ils ne mettent pas [&hellip;]\" \/>\n<meta property=\"og:url\" content=\"https:\/\/www.holstein.ch\/fr\/les-detenteurs-danimaux-sont-tenus-de-parer-a-toute-eventualite\/\" \/>\n<meta property=\"og:site_name\" content=\"Holstein Switzerland\" \/>\n<meta property=\"article:publisher\" content=\"https:\/\/www.facebook.com\/HolSwi\" \/>\n<meta property=\"article:published_time\" content=\"2019-07-03T12:53:02+00:00\" \/>\n<meta property=\"article:modified_time\" content=\"2023-09-28T07:41:48+00:00\" \/>\n<meta property=\"og:image\" content=\"https:\/\/www.holstein.ch\/wp-content\/uploads\/2019\/07\/panneau.jpg\" \/>\n\t<meta property=\"og:image:width\" content=\"260\" \/>\n\t<meta property=\"og:image:height\" content=\"136\" \/>\n\t<meta property=\"og:image:type\" content=\"image\/jpeg\" \/>\n<meta name=\"author\" content=\"Patrick Monod\" \/>\n<meta name=\"twitter:card\" content=\"summary_large_image\" \/>\n<meta name=\"twitter:label1\" content=\"\u00c9crit par\" \/>\n\t<meta name=\"twitter:data1\" content=\"Patrick Monod\" \/>\n\t<meta name=\"twitter:label2\" content=\"Dur\u00e9e de lecture estim\u00e9e\" \/>\n\t<meta name=\"twitter:data2\" content=\"3 minutes\" \/>\n<script type=\"application\/ld+json\" class=\"yoast-schema-graph\">{\"@context\":\"https:\/\/schema.org\",\"@graph\":[{\"@type\":\"NewsArticle\",\"@id\":\"https:\/\/www.holstein.ch\/fr\/les-detenteurs-danimaux-sont-tenus-de-parer-a-toute-eventualite\/#article\",\"isPartOf\":{\"@id\":\"https:\/\/www.holstein.ch\/fr\/les-detenteurs-danimaux-sont-tenus-de-parer-a-toute-eventualite\/\"},\"author\":{\"name\":\"Patrick Monod\",\"@id\":\"https:\/\/www.holstein.ch\/fr\/#\/schema\/person\/a2ace477ff3383343477ba270f4888d4\"},\"headline\":\"Les d\u00e9tenteurs d\u2019animaux sont tenus de parer \u00e0 toute \u00e9ventualit\u00e9\",\"datePublished\":\"2019-07-03T12:53:02+00:00\",\"dateModified\":\"2023-09-28T07:41:48+00:00\",\"mainEntityOfPage\":{\"@id\":\"https:\/\/www.holstein.ch\/fr\/les-detenteurs-danimaux-sont-tenus-de-parer-a-toute-eventualite\/\"},\"wordCount\":560,\"commentCount\":0,\"publisher\":{\"@id\":\"https:\/\/www.holstein.ch\/fr\/#organization\"},\"image\":{\"@id\":\"https:\/\/www.holstein.ch\/fr\/les-detenteurs-danimaux-sont-tenus-de-parer-a-toute-eventualite\/#primaryimage\"},\"thumbnailUrl\":\"https:\/\/www.holstein.ch\/wp-content\/uploads\/2019\/07\/panneau.jpg\",\"articleSection\":[\"Autres actualit\u00e9s\"],\"inLanguage\":\"fr-FR\"},{\"@type\":\"WebPage\",\"@id\":\"https:\/\/www.holstein.ch\/fr\/les-detenteurs-danimaux-sont-tenus-de-parer-a-toute-eventualite\/\",\"url\":\"https:\/\/www.holstein.ch\/fr\/les-detenteurs-danimaux-sont-tenus-de-parer-a-toute-eventualite\/\",\"name\":\"Les d\u00e9tenteurs d\u2019animaux sont tenus de parer \u00e0 toute \u00e9ventualit\u00e9 - Holstein Switzerland\",\"isPartOf\":{\"@id\":\"https:\/\/www.holstein.ch\/fr\/#website\"},\"primaryImageOfPage\":{\"@id\":\"https:\/\/www.holstein.ch\/fr\/les-detenteurs-danimaux-sont-tenus-de-parer-a-toute-eventualite\/#primaryimage\"},\"image\":{\"@id\":\"https:\/\/www.holstein.ch\/fr\/les-detenteurs-danimaux-sont-tenus-de-parer-a-toute-eventualite\/#primaryimage\"},\"thumbnailUrl\":\"https:\/\/www.holstein.ch\/wp-content\/uploads\/2019\/07\/panneau.jpg\",\"datePublished\":\"2019-07-03T12:53:02+00:00\",\"dateModified\":\"2023-09-28T07:41:48+00:00\",\"breadcrumb\":{\"@id\":\"https:\/\/www.holstein.ch\/fr\/les-detenteurs-danimaux-sont-tenus-de-parer-a-toute-eventualite\/#breadcrumb\"},\"inLanguage\":\"fr-FR\",\"potentialAction\":[{\"@type\":\"ReadAction\",\"target\":[\"https:\/\/www.holstein.ch\/fr\/les-detenteurs-danimaux-sont-tenus-de-parer-a-toute-eventualite\/\"]}]},{\"@type\":\"ImageObject\",\"inLanguage\":\"fr-FR\",\"@id\":\"https:\/\/www.holstein.ch\/fr\/les-detenteurs-danimaux-sont-tenus-de-parer-a-toute-eventualite\/#primaryimage\",\"url\":\"https:\/\/www.holstein.ch\/wp-content\/uploads\/2019\/07\/panneau.jpg\",\"contentUrl\":\"https:\/\/www.holstein.ch\/wp-content\/uploads\/2019\/07\/panneau.jpg\",\"width\":260,\"height\":136},{\"@type\":\"BreadcrumbList\",\"@id\":\"https:\/\/www.holstein.ch\/fr\/les-detenteurs-danimaux-sont-tenus-de-parer-a-toute-eventualite\/#breadcrumb\",\"itemListElement\":[{\"@type\":\"ListItem\",\"position\":1,\"name\":\"Autres actualit\u00e9s\",\"item\":\"https:\/\/www.holstein.ch\/fr\/publications\/autres-actualites\/\"},{\"@type\":\"ListItem\",\"position\":2,\"name\":\"Les d\u00e9tenteurs d\u2019animaux sont tenus de parer \u00e0 toute \u00e9ventualit\u00e9\"}]},{\"@type\":\"WebSite\",\"@id\":\"https:\/\/www.holstein.ch\/fr\/#website\",\"url\":\"https:\/\/www.holstein.ch\/fr\/\",\"name\":\"Holstein Switzerland\",\"description\":\"Holstein Switzerland\",\"publisher\":{\"@id\":\"https:\/\/www.holstein.ch\/fr\/#organization\"},\"potentialAction\":[{\"@type\":\"SearchAction\",\"target\":{\"@type\":\"EntryPoint\",\"urlTemplate\":\"https:\/\/www.holstein.ch\/fr\/?s={search_term_string}\"},\"query-input\":{\"@type\":\"PropertyValueSpecification\",\"valueRequired\":true,\"valueName\":\"search_term_string\"}}],\"inLanguage\":\"fr-FR\"},{\"@type\":\"Organization\",\"@id\":\"https:\/\/www.holstein.ch\/fr\/#organization\",\"name\":\"Holstein Switzerland\",\"url\":\"https:\/\/www.holstein.ch\/fr\/\",\"logo\":{\"@type\":\"ImageObject\",\"inLanguage\":\"fr-FR\",\"@id\":\"https:\/\/www.holstein.ch\/fr\/#\/schema\/logo\/image\/\",\"url\":\"https:\/\/www.holstein.ch\/wp-content\/uploads\/2023\/09\/holstein_switzerland_logo.png\",\"contentUrl\":\"https:\/\/www.holstein.ch\/wp-content\/uploads\/2023\/09\/holstein_switzerland_logo.png\",\"width\":800,\"height\":621,\"caption\":\"Holstein Switzerland\"},\"image\":{\"@id\":\"https:\/\/www.holstein.ch\/fr\/#\/schema\/logo\/image\/\"},\"sameAs\":[\"https:\/\/www.facebook.com\/HolSwi\",\"https:\/\/www.youtube.com\/@holsteinswitzerland\",\"https:\/\/www.instagram.com\/holstein_switzerland\"]},{\"@type\":\"Person\",\"@id\":\"https:\/\/www.holstein.ch\/fr\/#\/schema\/person\/a2ace477ff3383343477ba270f4888d4\",\"name\":\"Patrick Monod\",\"image\":{\"@type\":\"ImageObject\",\"inLanguage\":\"fr-FR\",\"@id\":\"https:\/\/www.holstein.ch\/fr\/#\/schema\/person\/image\/\",\"url\":\"https:\/\/secure.gravatar.com\/avatar\/07a4bcc52c1860dda0c210cc06a14fb51c110e3cb89aa716a61b79b9e9bf5efd?s=96&d=mm&r=g\",\"contentUrl\":\"https:\/\/secure.gravatar.com\/avatar\/07a4bcc52c1860dda0c210cc06a14fb51c110e3cb89aa716a61b79b9e9bf5efd?s=96&d=mm&r=g\",\"caption\":\"Patrick Monod\"}}]}<\/script>\n<!-- \/ Yoast SEO plugin. -->","yoast_head_json":{"title":"Les d\u00e9tenteurs d\u2019animaux sont tenus de parer \u00e0 toute \u00e9ventualit\u00e9 - Holstein Switzerland","robots":{"index":"index","follow":"follow","max-snippet":"max-snippet:-1","max-image-preview":"max-image-preview:large","max-video-preview":"max-video-preview:-1"},"canonical":"https:\/\/www.holstein.ch\/fr\/les-detenteurs-danimaux-sont-tenus-de-parer-a-toute-eventualite\/","og_locale":"fr_FR","og_type":"article","og_title":"Les d\u00e9tenteurs d\u2019animaux sont tenus de parer \u00e0 toute \u00e9ventualit\u00e9 - Holstein Switzerland","og_description":"[vc_row][vc_column][vc_column_text] Communiqu\u00e9 de presse de l\u2019Union suisse des paysans du 3 juillet 2019 Les d\u00e9tenteurs d\u2019animaux sont tenus de parer \u00e0 toute \u00e9ventualit\u00e9 En Suisse, la condamnation de l\u2019agriculteur autrichien dont les bovins avaient tu\u00e9 une touriste allemande inqui\u00e8te les d\u00e9tenteurs d\u2019animaux : eux aussi sont en principe tenus pour responsables s\u2019ils ne mettent pas [&hellip;]","og_url":"https:\/\/www.holstein.ch\/fr\/les-detenteurs-danimaux-sont-tenus-de-parer-a-toute-eventualite\/","og_site_name":"Holstein Switzerland","article_publisher":"https:\/\/www.facebook.com\/HolSwi","article_published_time":"2019-07-03T12:53:02+00:00","article_modified_time":"2023-09-28T07:41:48+00:00","og_image":[{"width":260,"height":136,"url":"https:\/\/www.holstein.ch\/wp-content\/uploads\/2019\/07\/panneau.jpg","type":"image\/jpeg"}],"author":"Patrick Monod","twitter_card":"summary_large_image","twitter_misc":{"\u00c9crit par":"Patrick Monod","Dur\u00e9e de lecture estim\u00e9e":"3 minutes"},"schema":{"@context":"https:\/\/schema.org","@graph":[{"@type":"NewsArticle","@id":"https:\/\/www.holstein.ch\/fr\/les-detenteurs-danimaux-sont-tenus-de-parer-a-toute-eventualite\/#article","isPartOf":{"@id":"https:\/\/www.holstein.ch\/fr\/les-detenteurs-danimaux-sont-tenus-de-parer-a-toute-eventualite\/"},"author":{"name":"Patrick Monod","@id":"https:\/\/www.holstein.ch\/fr\/#\/schema\/person\/a2ace477ff3383343477ba270f4888d4"},"headline":"Les d\u00e9tenteurs d\u2019animaux sont tenus de parer \u00e0 toute \u00e9ventualit\u00e9","datePublished":"2019-07-03T12:53:02+00:00","dateModified":"2023-09-28T07:41:48+00:00","mainEntityOfPage":{"@id":"https:\/\/www.holstein.ch\/fr\/les-detenteurs-danimaux-sont-tenus-de-parer-a-toute-eventualite\/"},"wordCount":560,"commentCount":0,"publisher":{"@id":"https:\/\/www.holstein.ch\/fr\/#organization"},"image":{"@id":"https:\/\/www.holstein.ch\/fr\/les-detenteurs-danimaux-sont-tenus-de-parer-a-toute-eventualite\/#primaryimage"},"thumbnailUrl":"https:\/\/www.holstein.ch\/wp-content\/uploads\/2019\/07\/panneau.jpg","articleSection":["Autres actualit\u00e9s"],"inLanguage":"fr-FR"},{"@type":"WebPage","@id":"https:\/\/www.holstein.ch\/fr\/les-detenteurs-danimaux-sont-tenus-de-parer-a-toute-eventualite\/","url":"https:\/\/www.holstein.ch\/fr\/les-detenteurs-danimaux-sont-tenus-de-parer-a-toute-eventualite\/","name":"Les d\u00e9tenteurs d\u2019animaux sont tenus de parer \u00e0 toute \u00e9ventualit\u00e9 - Holstein Switzerland","isPartOf":{"@id":"https:\/\/www.holstein.ch\/fr\/#website"},"primaryImageOfPage":{"@id":"https:\/\/www.holstein.ch\/fr\/les-detenteurs-danimaux-sont-tenus-de-parer-a-toute-eventualite\/#primaryimage"},"image":{"@id":"https:\/\/www.holstein.ch\/fr\/les-detenteurs-danimaux-sont-tenus-de-parer-a-toute-eventualite\/#primaryimage"},"thumbnailUrl":"https:\/\/www.holstein.ch\/wp-content\/uploads\/2019\/07\/panneau.jpg","datePublished":"2019-07-03T12:53:02+00:00","dateModified":"2023-09-28T07:41:48+00:00","breadcrumb":{"@id":"https:\/\/www.holstein.ch\/fr\/les-detenteurs-danimaux-sont-tenus-de-parer-a-toute-eventualite\/#breadcrumb"},"inLanguage":"fr-FR","potentialAction":[{"@type":"ReadAction","target":["https:\/\/www.holstein.ch\/fr\/les-detenteurs-danimaux-sont-tenus-de-parer-a-toute-eventualite\/"]}]},{"@type":"ImageObject","inLanguage":"fr-FR","@id":"https:\/\/www.holstein.ch\/fr\/les-detenteurs-danimaux-sont-tenus-de-parer-a-toute-eventualite\/#primaryimage","url":"https:\/\/www.holstein.ch\/wp-content\/uploads\/2019\/07\/panneau.jpg","contentUrl":"https:\/\/www.holstein.ch\/wp-content\/uploads\/2019\/07\/panneau.jpg","width":260,"height":136},{"@type":"BreadcrumbList","@id":"https:\/\/www.holstein.ch\/fr\/les-detenteurs-danimaux-sont-tenus-de-parer-a-toute-eventualite\/#breadcrumb","itemListElement":[{"@type":"ListItem","position":1,"name":"Autres actualit\u00e9s","item":"https:\/\/www.holstein.ch\/fr\/publications\/autres-actualites\/"},{"@type":"ListItem","position":2,"name":"Les d\u00e9tenteurs d\u2019animaux sont tenus de parer \u00e0 toute \u00e9ventualit\u00e9"}]},{"@type":"WebSite","@id":"https:\/\/www.holstein.ch\/fr\/#website","url":"https:\/\/www.holstein.ch\/fr\/","name":"Holstein Switzerland","description":"Holstein Switzerland","publisher":{"@id":"https:\/\/www.holstein.ch\/fr\/#organization"},"potentialAction":[{"@type":"SearchAction","target":{"@type":"EntryPoint","urlTemplate":"https:\/\/www.holstein.ch\/fr\/?s={search_term_string}"},"query-input":{"@type":"PropertyValueSpecification","valueRequired":true,"valueName":"search_term_string"}}],"inLanguage":"fr-FR"},{"@type":"Organization","@id":"https:\/\/www.holstein.ch\/fr\/#organization","name":"Holstein Switzerland","url":"https:\/\/www.holstein.ch\/fr\/","logo":{"@type":"ImageObject","inLanguage":"fr-FR","@id":"https:\/\/www.holstein.ch\/fr\/#\/schema\/logo\/image\/","url":"https:\/\/www.holstein.ch\/wp-content\/uploads\/2023\/09\/holstein_switzerland_logo.png","contentUrl":"https:\/\/www.holstein.ch\/wp-content\/uploads\/2023\/09\/holstein_switzerland_logo.png","width":800,"height":621,"caption":"Holstein Switzerland"},"image":{"@id":"https:\/\/www.holstein.ch\/fr\/#\/schema\/logo\/image\/"},"sameAs":["https:\/\/www.facebook.com\/HolSwi","https:\/\/www.youtube.com\/@holsteinswitzerland","https:\/\/www.instagram.com\/holstein_switzerland"]},{"@type":"Person","@id":"https:\/\/www.holstein.ch\/fr\/#\/schema\/person\/a2ace477ff3383343477ba270f4888d4","name":"Patrick Monod","image":{"@type":"ImageObject","inLanguage":"fr-FR","@id":"https:\/\/www.holstein.ch\/fr\/#\/schema\/person\/image\/","url":"https:\/\/secure.gravatar.com\/avatar\/07a4bcc52c1860dda0c210cc06a14fb51c110e3cb89aa716a61b79b9e9bf5efd?s=96&d=mm&r=g","contentUrl":"https:\/\/secure.gravatar.com\/avatar\/07a4bcc52c1860dda0c210cc06a14fb51c110e3cb89aa716a61b79b9e9bf5efd?s=96&d=mm&r=g","caption":"Patrick Monod"}}]}},"_links":{"self":[{"href":"https:\/\/www.holstein.ch\/fr\/wp-json\/wp\/v2\/posts\/11741","targetHints":{"allow":["GET"]}}],"collection":[{"href":"https:\/\/www.holstein.ch\/fr\/wp-json\/wp\/v2\/posts"}],"about":[{"href":"https:\/\/www.holstein.ch\/fr\/wp-json\/wp\/v2\/types\/post"}],"author":[{"embeddable":true,"href":"https:\/\/www.holstein.ch\/fr\/wp-json\/wp\/v2\/users\/2"}],"replies":[{"embeddable":true,"href":"https:\/\/www.holstein.ch\/fr\/wp-json\/wp\/v2\/comments?post=11741"}],"version-history":[{"count":1,"href":"https:\/\/www.holstein.ch\/fr\/wp-json\/wp\/v2\/posts\/11741\/revisions"}],"predecessor-version":[{"id":24934,"href":"https:\/\/www.holstein.ch\/fr\/wp-json\/wp\/v2\/posts\/11741\/revisions\/24934"}],"wp:featuredmedia":[{"embeddable":true,"href":"https:\/\/www.holstein.ch\/fr\/wp-json\/wp\/v2\/media\/11735"}],"wp:attachment":[{"href":"https:\/\/www.holstein.ch\/fr\/wp-json\/wp\/v2\/media?parent=11741"}],"wp:term":[{"taxonomy":"category","embeddable":true,"href":"https:\/\/www.holstein.ch\/fr\/wp-json\/wp\/v2\/categories?post=11741"},{"taxonomy":"post_tag","embeddable":true,"href":"https:\/\/www.holstein.ch\/fr\/wp-json\/wp\/v2\/tags?post=11741"}],"curies":[{"name":"wp","href":"https:\/\/api.w.org\/{rel}","templated":true}]}}