{"id":13177,"date":"2019-12-14T12:21:40","date_gmt":"2019-12-14T11:21:40","guid":{"rendered":"https:\/\/www.holstein.ch\/?p=13177"},"modified":"2023-09-28T09:41:45","modified_gmt":"2023-09-28T07:41:45","slug":"journee-vaches-laitieres-lapprovisionnement-proteique-et-energetique-des-rations","status":"publish","type":"post","link":"https:\/\/www.holstein.ch\/fr\/journee-vaches-laitieres-lapprovisionnement-proteique-et-energetique-des-rations\/","title":{"rendered":"Journ\u00e9e vaches laiti\u00e8res : l&#8217;approvisionnement prot\u00e9ique et \u00e9nerg\u00e9tique des rations"},"content":{"rendered":"<p>[vc_row][vc_column][vc_column_text]<\/p>\n<p class=\"p1\"><b><i>Conf\u00e9rencier : <\/i><\/b><i>Benoit Rouill\u00e9, chef de projet alimentation des vaches laiti\u00e8res, Institut de l\u2019\u00e9levage, Rennes (France) et Thomas Zaugg, responsable de secteur, Agrokommerz, Marbach <\/i><\/p>\n<p class=\"p1\"><b><i>Responsable : <\/i><\/b><i>Jean-Charles Philipona, Institut agricole de l\u2019Etat de Fribourg <\/i><\/p>\n<p class=\"p1\"><b><i>Lieu : <\/i><\/b><i>Institut agricole de l\u2019Etat de Fribourg, B\u00e2timent R, Aula (1<\/i><span class=\"s1\"><i>e <\/i><\/span><i>\u00e9tage) <\/i><\/p>\n<p class=\"p1\"><b><i>Co\u00fbt : <\/i><\/b><i>Cours avec documentation Fr. 120.-, membres de la vulgarisation fribourgeoise Fr. 60.-<\/i><\/p>\n<p>Plus d&#8217;information en t\u00e9l\u00e9chargeant le PDF ci-dessous[\/vc_column_text][\/vc_column][\/vc_row][vc_row][vc_column][vc_btn title=&#8221;t\u00e9l\u00e9charger le PDF&#8221; link=&#8221;url:https%3A%2F%2Fwww.holstein.ch%2Fwp-content%2Fuploads%2F2019%2F12%2FGrangeneuve-Journe%CC%81e-vaches-laitie%CC%80res-2020.pdf|||&#8221;][\/vc_column][\/vc_row]<\/p>\n","protected":false},"excerpt":{"rendered":"<p>[vc_row][vc_column][vc_column_text] Conf\u00e9rencier : Benoit Rouill\u00e9, chef de projet alimentation des vaches laiti\u00e8res, Institut de l\u2019\u00e9levage, Rennes (France) et Thomas Zaugg, responsable de secteur, Agrokommerz, Marbach Responsable : Jean-Charles Philipona, Institut agricole de l\u2019Etat de Fribourg Lieu : Institut agricole de l\u2019Etat de Fribourg, B\u00e2timent R, Aula (1e \u00e9tage) Co\u00fbt : Cours avec documentation Fr. 120.-, [&hellip;]<\/p>\n","protected":false},"author":2,"featured_media":0,"comment_status":"open","ping_status":"open","sticky":false,"template":"","format":"standard","meta":{"_acf_changed":false,"_monsterinsights_skip_tracking":false,"_monsterinsights_sitenote_active":false,"_monsterinsights_sitenote_note":"","_monsterinsights_sitenote_category":0,"footnotes":""},"categories":[599],"tags":[],"class_list":["post-13177","post","type-post","status-publish","format-standard","hentry","category-autres-actualites"],"acf":[],"yoast_head":"<!-- This site is optimized with the Yoast SEO plugin v26.9 - https:\/\/yoast.com\/product\/yoast-seo-wordpress\/ -->\n<title>Journ\u00e9e vaches laiti\u00e8res : l&#039;approvisionnement prot\u00e9ique et \u00e9nerg\u00e9tique des rations - Holstein Switzerland<\/title>\n<meta name=\"robots\" content=\"index, follow, max-snippet:-1, max-image-preview:large, max-video-preview:-1\" \/>\n<link rel=\"canonical\" href=\"https:\/\/www.holstein.ch\/fr\/journee-vaches-laitieres-lapprovisionnement-proteique-et-energetique-des-rations\/\" \/>\n<meta property=\"og:locale\" content=\"fr_FR\" \/>\n<meta property=\"og:type\" content=\"article\" \/>\n<meta property=\"og:title\" content=\"Journ\u00e9e vaches laiti\u00e8res : l&#039;approvisionnement prot\u00e9ique et \u00e9nerg\u00e9tique des rations - Holstein Switzerland\" \/>\n<meta property=\"og:description\" content=\"[vc_row][vc_column][vc_column_text] Conf\u00e9rencier : Benoit Rouill\u00e9, chef de projet alimentation des vaches laiti\u00e8res, Institut de l\u2019\u00e9levage, Rennes (France) et Thomas Zaugg, responsable de secteur, Agrokommerz, Marbach Responsable : Jean-Charles Philipona, Institut agricole de l\u2019Etat de Fribourg Lieu : Institut agricole de l\u2019Etat de Fribourg, B\u00e2timent R, Aula (1e \u00e9tage) Co\u00fbt : Cours avec documentation Fr. 120.-, [&hellip;]\" \/>\n<meta property=\"og:url\" content=\"https:\/\/www.holstein.ch\/fr\/journee-vaches-laitieres-lapprovisionnement-proteique-et-energetique-des-rations\/\" \/>\n<meta property=\"og:site_name\" content=\"Holstein Switzerland\" \/>\n<meta property=\"article:publisher\" content=\"https:\/\/www.facebook.com\/HolSwi\" \/>\n<meta property=\"article:published_time\" content=\"2019-12-14T11:21:40+00:00\" \/>\n<meta property=\"article:modified_time\" content=\"2023-09-28T07:41:45+00:00\" \/>\n<meta property=\"og:image\" content=\"https:\/\/www.holstein.ch\/wp-content\/uploads\/2019\/12\/Cours-F25-Journe\u0301e-vaches-laitie\u0300res-2020-promotion-FB.jpg\" \/>\n\t<meta property=\"og:image:width\" content=\"1696\" \/>\n\t<meta property=\"og:image:height\" content=\"2398\" \/>\n\t<meta property=\"og:image:type\" content=\"image\/jpeg\" \/>\n<meta name=\"author\" content=\"Patrick Monod\" \/>\n<meta name=\"twitter:card\" content=\"summary_large_image\" \/>\n<meta name=\"twitter:label1\" content=\"\u00c9crit par\" \/>\n\t<meta name=\"twitter:data1\" content=\"Patrick Monod\" \/>\n\t<meta name=\"twitter:label2\" content=\"Dur\u00e9e de lecture estim\u00e9e\" \/>\n\t<meta name=\"twitter:data2\" content=\"1 minute\" \/>\n<script type=\"application\/ld+json\" class=\"yoast-schema-graph\">{\"@context\":\"https:\/\/schema.org\",\"@graph\":[{\"@type\":\"NewsArticle\",\"@id\":\"https:\/\/www.holstein.ch\/fr\/journee-vaches-laitieres-lapprovisionnement-proteique-et-energetique-des-rations\/#article\",\"isPartOf\":{\"@id\":\"https:\/\/www.holstein.ch\/fr\/journee-vaches-laitieres-lapprovisionnement-proteique-et-energetique-des-rations\/\"},\"author\":{\"name\":\"Patrick Monod\",\"@id\":\"https:\/\/www.holstein.ch\/fr\/#\/schema\/person\/a2ace477ff3383343477ba270f4888d4\"},\"headline\":\"Journ\u00e9e vaches laiti\u00e8res : l&#8217;approvisionnement prot\u00e9ique et \u00e9nerg\u00e9tique des rations\",\"datePublished\":\"2019-12-14T11:21:40+00:00\",\"dateModified\":\"2023-09-28T07:41:45+00:00\",\"mainEntityOfPage\":{\"@id\":\"https:\/\/www.holstein.ch\/fr\/journee-vaches-laitieres-lapprovisionnement-proteique-et-energetique-des-rations\/\"},\"wordCount\":136,\"commentCount\":0,\"publisher\":{\"@id\":\"https:\/\/www.holstein.ch\/fr\/#organization\"},\"articleSection\":[\"Autres actualit\u00e9s\"],\"inLanguage\":\"fr-FR\"},{\"@type\":\"WebPage\",\"@id\":\"https:\/\/www.holstein.ch\/fr\/journee-vaches-laitieres-lapprovisionnement-proteique-et-energetique-des-rations\/\",\"url\":\"https:\/\/www.holstein.ch\/fr\/journee-vaches-laitieres-lapprovisionnement-proteique-et-energetique-des-rations\/\",\"name\":\"Journ\u00e9e vaches laiti\u00e8res : l'approvisionnement prot\u00e9ique et \u00e9nerg\u00e9tique des rations - Holstein Switzerland\",\"isPartOf\":{\"@id\":\"https:\/\/www.holstein.ch\/fr\/#website\"},\"datePublished\":\"2019-12-14T11:21:40+00:00\",\"dateModified\":\"2023-09-28T07:41:45+00:00\",\"breadcrumb\":{\"@id\":\"https:\/\/www.holstein.ch\/fr\/journee-vaches-laitieres-lapprovisionnement-proteique-et-energetique-des-rations\/#breadcrumb\"},\"inLanguage\":\"fr-FR\",\"potentialAction\":[{\"@type\":\"ReadAction\",\"target\":[\"https:\/\/www.holstein.ch\/fr\/journee-vaches-laitieres-lapprovisionnement-proteique-et-energetique-des-rations\/\"]}]},{\"@type\":\"BreadcrumbList\",\"@id\":\"https:\/\/www.holstein.ch\/fr\/journee-vaches-laitieres-lapprovisionnement-proteique-et-energetique-des-rations\/#breadcrumb\",\"itemListElement\":[{\"@type\":\"ListItem\",\"position\":1,\"name\":\"Autres actualit\u00e9s\",\"item\":\"https:\/\/www.holstein.ch\/fr\/publications\/autres-actualites\/\"},{\"@type\":\"ListItem\",\"position\":2,\"name\":\"Journ\u00e9e vaches laiti\u00e8res : l&#8217;approvisionnement prot\u00e9ique et \u00e9nerg\u00e9tique des rations\"}]},{\"@type\":\"WebSite\",\"@id\":\"https:\/\/www.holstein.ch\/fr\/#website\",\"url\":\"https:\/\/www.holstein.ch\/fr\/\",\"name\":\"Holstein Switzerland\",\"description\":\"Holstein Switzerland\",\"publisher\":{\"@id\":\"https:\/\/www.holstein.ch\/fr\/#organization\"},\"potentialAction\":[{\"@type\":\"SearchAction\",\"target\":{\"@type\":\"EntryPoint\",\"urlTemplate\":\"https:\/\/www.holstein.ch\/fr\/?s={search_term_string}\"},\"query-input\":{\"@type\":\"PropertyValueSpecification\",\"valueRequired\":true,\"valueName\":\"search_term_string\"}}],\"inLanguage\":\"fr-FR\"},{\"@type\":\"Organization\",\"@id\":\"https:\/\/www.holstein.ch\/fr\/#organization\",\"name\":\"Holstein Switzerland\",\"url\":\"https:\/\/www.holstein.ch\/fr\/\",\"logo\":{\"@type\":\"ImageObject\",\"inLanguage\":\"fr-FR\",\"@id\":\"https:\/\/www.holstein.ch\/fr\/#\/schema\/logo\/image\/\",\"url\":\"https:\/\/www.holstein.ch\/wp-content\/uploads\/2023\/09\/holstein_switzerland_logo.png\",\"contentUrl\":\"https:\/\/www.holstein.ch\/wp-content\/uploads\/2023\/09\/holstein_switzerland_logo.png\",\"width\":800,\"height\":621,\"caption\":\"Holstein Switzerland\"},\"image\":{\"@id\":\"https:\/\/www.holstein.ch\/fr\/#\/schema\/logo\/image\/\"},\"sameAs\":[\"https:\/\/www.facebook.com\/HolSwi\",\"https:\/\/www.youtube.com\/@holsteinswitzerland\",\"https:\/\/www.instagram.com\/holstein_switzerland\"]},{\"@type\":\"Person\",\"@id\":\"https:\/\/www.holstein.ch\/fr\/#\/schema\/person\/a2ace477ff3383343477ba270f4888d4\",\"name\":\"Patrick Monod\",\"image\":{\"@type\":\"ImageObject\",\"inLanguage\":\"fr-FR\",\"@id\":\"https:\/\/www.holstein.ch\/fr\/#\/schema\/person\/image\/\",\"url\":\"https:\/\/secure.gravatar.com\/avatar\/07a4bcc52c1860dda0c210cc06a14fb51c110e3cb89aa716a61b79b9e9bf5efd?s=96&d=mm&r=g\",\"contentUrl\":\"https:\/\/secure.gravatar.com\/avatar\/07a4bcc52c1860dda0c210cc06a14fb51c110e3cb89aa716a61b79b9e9bf5efd?s=96&d=mm&r=g\",\"caption\":\"Patrick Monod\"}}]}<\/script>\n<!-- \/ Yoast SEO plugin. -->","yoast_head_json":{"title":"Journ\u00e9e vaches laiti\u00e8res : l'approvisionnement prot\u00e9ique et \u00e9nerg\u00e9tique des rations - Holstein Switzerland","robots":{"index":"index","follow":"follow","max-snippet":"max-snippet:-1","max-image-preview":"max-image-preview:large","max-video-preview":"max-video-preview:-1"},"canonical":"https:\/\/www.holstein.ch\/fr\/journee-vaches-laitieres-lapprovisionnement-proteique-et-energetique-des-rations\/","og_locale":"fr_FR","og_type":"article","og_title":"Journ\u00e9e vaches laiti\u00e8res : l'approvisionnement prot\u00e9ique et \u00e9nerg\u00e9tique des rations - Holstein Switzerland","og_description":"[vc_row][vc_column][vc_column_text] Conf\u00e9rencier : Benoit Rouill\u00e9, chef de projet alimentation des vaches laiti\u00e8res, Institut de l\u2019\u00e9levage, Rennes (France) et Thomas Zaugg, responsable de secteur, Agrokommerz, Marbach Responsable : Jean-Charles Philipona, Institut agricole de l\u2019Etat de Fribourg Lieu : Institut agricole de l\u2019Etat de Fribourg, B\u00e2timent R, Aula (1e \u00e9tage) Co\u00fbt : Cours avec documentation Fr. 120.-, [&hellip;]","og_url":"https:\/\/www.holstein.ch\/fr\/journee-vaches-laitieres-lapprovisionnement-proteique-et-energetique-des-rations\/","og_site_name":"Holstein Switzerland","article_publisher":"https:\/\/www.facebook.com\/HolSwi","article_published_time":"2019-12-14T11:21:40+00:00","article_modified_time":"2023-09-28T07:41:45+00:00","og_image":[{"width":1696,"height":2398,"url":"https:\/\/www.holstein.ch\/wp-content\/uploads\/2019\/12\/Cours-F25-Journe\u0301e-vaches-laitie\u0300res-2020-promotion-FB.jpg","type":"image\/jpeg"}],"author":"Patrick Monod","twitter_card":"summary_large_image","twitter_misc":{"\u00c9crit par":"Patrick Monod","Dur\u00e9e de lecture estim\u00e9e":"1 minute"},"schema":{"@context":"https:\/\/schema.org","@graph":[{"@type":"NewsArticle","@id":"https:\/\/www.holstein.ch\/fr\/journee-vaches-laitieres-lapprovisionnement-proteique-et-energetique-des-rations\/#article","isPartOf":{"@id":"https:\/\/www.holstein.ch\/fr\/journee-vaches-laitieres-lapprovisionnement-proteique-et-energetique-des-rations\/"},"author":{"name":"Patrick Monod","@id":"https:\/\/www.holstein.ch\/fr\/#\/schema\/person\/a2ace477ff3383343477ba270f4888d4"},"headline":"Journ\u00e9e vaches laiti\u00e8res : l&#8217;approvisionnement prot\u00e9ique et \u00e9nerg\u00e9tique des rations","datePublished":"2019-12-14T11:21:40+00:00","dateModified":"2023-09-28T07:41:45+00:00","mainEntityOfPage":{"@id":"https:\/\/www.holstein.ch\/fr\/journee-vaches-laitieres-lapprovisionnement-proteique-et-energetique-des-rations\/"},"wordCount":136,"commentCount":0,"publisher":{"@id":"https:\/\/www.holstein.ch\/fr\/#organization"},"articleSection":["Autres actualit\u00e9s"],"inLanguage":"fr-FR"},{"@type":"WebPage","@id":"https:\/\/www.holstein.ch\/fr\/journee-vaches-laitieres-lapprovisionnement-proteique-et-energetique-des-rations\/","url":"https:\/\/www.holstein.ch\/fr\/journee-vaches-laitieres-lapprovisionnement-proteique-et-energetique-des-rations\/","name":"Journ\u00e9e vaches laiti\u00e8res : l'approvisionnement prot\u00e9ique et \u00e9nerg\u00e9tique des rations - Holstein Switzerland","isPartOf":{"@id":"https:\/\/www.holstein.ch\/fr\/#website"},"datePublished":"2019-12-14T11:21:40+00:00","dateModified":"2023-09-28T07:41:45+00:00","breadcrumb":{"@id":"https:\/\/www.holstein.ch\/fr\/journee-vaches-laitieres-lapprovisionnement-proteique-et-energetique-des-rations\/#breadcrumb"},"inLanguage":"fr-FR","potentialAction":[{"@type":"ReadAction","target":["https:\/\/www.holstein.ch\/fr\/journee-vaches-laitieres-lapprovisionnement-proteique-et-energetique-des-rations\/"]}]},{"@type":"BreadcrumbList","@id":"https:\/\/www.holstein.ch\/fr\/journee-vaches-laitieres-lapprovisionnement-proteique-et-energetique-des-rations\/#breadcrumb","itemListElement":[{"@type":"ListItem","position":1,"name":"Autres actualit\u00e9s","item":"https:\/\/www.holstein.ch\/fr\/publications\/autres-actualites\/"},{"@type":"ListItem","position":2,"name":"Journ\u00e9e vaches laiti\u00e8res : l&#8217;approvisionnement prot\u00e9ique et \u00e9nerg\u00e9tique des rations"}]},{"@type":"WebSite","@id":"https:\/\/www.holstein.ch\/fr\/#website","url":"https:\/\/www.holstein.ch\/fr\/","name":"Holstein Switzerland","description":"Holstein Switzerland","publisher":{"@id":"https:\/\/www.holstein.ch\/fr\/#organization"},"potentialAction":[{"@type":"SearchAction","target":{"@type":"EntryPoint","urlTemplate":"https:\/\/www.holstein.ch\/fr\/?s={search_term_string}"},"query-input":{"@type":"PropertyValueSpecification","valueRequired":true,"valueName":"search_term_string"}}],"inLanguage":"fr-FR"},{"@type":"Organization","@id":"https:\/\/www.holstein.ch\/fr\/#organization","name":"Holstein Switzerland","url":"https:\/\/www.holstein.ch\/fr\/","logo":{"@type":"ImageObject","inLanguage":"fr-FR","@id":"https:\/\/www.holstein.ch\/fr\/#\/schema\/logo\/image\/","url":"https:\/\/www.holstein.ch\/wp-content\/uploads\/2023\/09\/holstein_switzerland_logo.png","contentUrl":"https:\/\/www.holstein.ch\/wp-content\/uploads\/2023\/09\/holstein_switzerland_logo.png","width":800,"height":621,"caption":"Holstein Switzerland"},"image":{"@id":"https:\/\/www.holstein.ch\/fr\/#\/schema\/logo\/image\/"},"sameAs":["https:\/\/www.facebook.com\/HolSwi","https:\/\/www.youtube.com\/@holsteinswitzerland","https:\/\/www.instagram.com\/holstein_switzerland"]},{"@type":"Person","@id":"https:\/\/www.holstein.ch\/fr\/#\/schema\/person\/a2ace477ff3383343477ba270f4888d4","name":"Patrick Monod","image":{"@type":"ImageObject","inLanguage":"fr-FR","@id":"https:\/\/www.holstein.ch\/fr\/#\/schema\/person\/image\/","url":"https:\/\/secure.gravatar.com\/avatar\/07a4bcc52c1860dda0c210cc06a14fb51c110e3cb89aa716a61b79b9e9bf5efd?s=96&d=mm&r=g","contentUrl":"https:\/\/secure.gravatar.com\/avatar\/07a4bcc52c1860dda0c210cc06a14fb51c110e3cb89aa716a61b79b9e9bf5efd?s=96&d=mm&r=g","caption":"Patrick Monod"}}]}},"_links":{"self":[{"href":"https:\/\/www.holstein.ch\/fr\/wp-json\/wp\/v2\/posts\/13177","targetHints":{"allow":["GET"]}}],"collection":[{"href":"https:\/\/www.holstein.ch\/fr\/wp-json\/wp\/v2\/posts"}],"about":[{"href":"https:\/\/www.holstein.ch\/fr\/wp-json\/wp\/v2\/types\/post"}],"author":[{"embeddable":true,"href":"https:\/\/www.holstein.ch\/fr\/wp-json\/wp\/v2\/users\/2"}],"replies":[{"embeddable":true,"href":"https:\/\/www.holstein.ch\/fr\/wp-json\/wp\/v2\/comments?post=13177"}],"version-history":[{"count":1,"href":"https:\/\/www.holstein.ch\/fr\/wp-json\/wp\/v2\/posts\/13177\/revisions"}],"predecessor-version":[{"id":24928,"href":"https:\/\/www.holstein.ch\/fr\/wp-json\/wp\/v2\/posts\/13177\/revisions\/24928"}],"wp:attachment":[{"href":"https:\/\/www.holstein.ch\/fr\/wp-json\/wp\/v2\/media?parent=13177"}],"wp:term":[{"taxonomy":"category","embeddable":true,"href":"https:\/\/www.holstein.ch\/fr\/wp-json\/wp\/v2\/categories?post=13177"},{"taxonomy":"post_tag","embeddable":true,"href":"https:\/\/www.holstein.ch\/fr\/wp-json\/wp\/v2\/tags?post=13177"}],"curies":[{"name":"wp","href":"https:\/\/api.w.org\/{rel}","templated":true}]}}