{"id":13732,"date":"2020-02-17T13:47:17","date_gmt":"2020-02-17T12:47:17","guid":{"rendered":"https:\/\/www.holstein.ch\/?p=13732"},"modified":"2023-09-28T09:41:44","modified_gmt":"2023-09-28T07:41:44","slug":"la-vache-holstein-switzerland-de-lannee-2020","status":"publish","type":"post","link":"https:\/\/www.holstein.ch\/fr\/la-vache-holstein-switzerland-de-lannee-2020\/","title":{"rendered":"La Vache HOLSTEIN SWITZERLAND de l&#8217;ann\u00e9e 2020"},"content":{"rendered":"<p>[vc_row][vc_column][vc_column_text]Comme en 2019, la &#8220;<strong>Vache HOLSTEIN SWITZERLAND de l&#8217;ann\u00e9e<\/strong>&#8221; sera officiellement honor\u00e9e lors des Holstein Awards 2020.<br \/>\nUne collaboration sp\u00e9ciale entre Holstein International et Holstein Switzerland.<\/p>\n<p>Vous aussi, vous pouvez participer.<br \/>\nEnvoyez-nous vos propositions \u00e0 <a href=\"mailto:info@holsteininternational.com\">info@holsteininternational.com<\/a> ou <a href=\"mailto:info@holstein.ch\">info@holstein.ch<\/a> avant le 2 avril 2020.<br \/>\nConsultez les crit\u00e8res de nomination en cliquant sur le lien ci-dessous.<\/p>\n<p><strong><a href=\"https:\/\/www.holstein.ch\/wp-content\/uploads\/200211_Vache_de_lannee_2020_F.pdf\" target=\"_blank\" rel=\"noopener noreferrer\">Ouvrir le PDF dans un nouvel onglet<\/a><\/strong><\/p>\n<p>[\/vc_column_text][\/vc_column][\/vc_row]<\/p>\n","protected":false},"excerpt":{"rendered":"<p>[vc_row][vc_column][vc_column_text]Comme en 2019, la &#8220;Vache HOLSTEIN SWITZERLAND de l&#8217;ann\u00e9e&#8221; sera officiellement honor\u00e9e lors des Holstein Awards 2020. Une collaboration sp\u00e9ciale entre Holstein International et Holstein Switzerland. Vous aussi, vous pouvez participer. Envoyez-nous vos propositions \u00e0 info@holsteininternational.com ou info@holstein.ch avant le 2 avril 2020. Consultez les crit\u00e8res de nomination en cliquant sur le lien ci-dessous. Ouvrir [&hellip;]<\/p>\n","protected":false},"author":42,"featured_media":13739,"comment_status":"open","ping_status":"open","sticky":false,"template":"","format":"standard","meta":{"_acf_changed":false,"_monsterinsights_skip_tracking":false,"_monsterinsights_sitenote_active":false,"_monsterinsights_sitenote_note":"","_monsterinsights_sitenote_category":0,"footnotes":""},"categories":[599],"tags":[],"class_list":["post-13732","post","type-post","status-publish","format-standard","has-post-thumbnail","hentry","category-autres-actualites"],"acf":[],"yoast_head":"<!-- This site is optimized with the Yoast SEO plugin v26.9 - https:\/\/yoast.com\/product\/yoast-seo-wordpress\/ -->\n<title>La Vache HOLSTEIN SWITZERLAND de l&#039;ann\u00e9e 2020 - Holstein Switzerland<\/title>\n<meta name=\"robots\" content=\"index, follow, max-snippet:-1, max-image-preview:large, max-video-preview:-1\" \/>\n<link rel=\"canonical\" href=\"https:\/\/www.holstein.ch\/fr\/la-vache-holstein-switzerland-de-lannee-2020\/\" \/>\n<meta property=\"og:locale\" content=\"fr_FR\" \/>\n<meta property=\"og:type\" content=\"article\" \/>\n<meta property=\"og:title\" content=\"La Vache HOLSTEIN SWITZERLAND de l&#039;ann\u00e9e 2020 - Holstein Switzerland\" \/>\n<meta property=\"og:description\" content=\"[vc_row][vc_column][vc_column_text]Comme en 2019, la &#8220;Vache HOLSTEIN SWITZERLAND de l&#8217;ann\u00e9e&#8221; sera officiellement honor\u00e9e lors des Holstein Awards 2020. Une collaboration sp\u00e9ciale entre Holstein International et Holstein Switzerland. Vous aussi, vous pouvez participer. Envoyez-nous vos propositions \u00e0 info@holsteininternational.com ou info@holstein.ch avant le 2 avril 2020. Consultez les crit\u00e8res de nomination en cliquant sur le lien ci-dessous. Ouvrir [&hellip;]\" \/>\n<meta property=\"og:url\" content=\"https:\/\/www.holstein.ch\/fr\/la-vache-holstein-switzerland-de-lannee-2020\/\" \/>\n<meta property=\"og:site_name\" content=\"Holstein Switzerland\" \/>\n<meta property=\"article:publisher\" content=\"https:\/\/www.facebook.com\/HolSwi\" \/>\n<meta property=\"article:published_time\" content=\"2020-02-17T12:47:17+00:00\" \/>\n<meta property=\"article:modified_time\" content=\"2023-09-28T07:41:44+00:00\" \/>\n<meta property=\"og:image\" content=\"https:\/\/www.holstein.ch\/wp-content\/uploads\/IMG_E2629-2.jpg\" \/>\n\t<meta property=\"og:image:width\" content=\"1746\" \/>\n\t<meta property=\"og:image:height\" content=\"2328\" \/>\n\t<meta property=\"og:image:type\" content=\"image\/jpeg\" \/>\n<meta name=\"author\" content=\"Marie-Jos\u00e9 Rossier\" \/>\n<meta name=\"twitter:card\" content=\"summary_large_image\" \/>\n<meta name=\"twitter:label1\" content=\"\u00c9crit par\" \/>\n\t<meta name=\"twitter:data1\" content=\"Marie-Jos\u00e9 Rossier\" \/>\n<script type=\"application\/ld+json\" class=\"yoast-schema-graph\">{\"@context\":\"https:\/\/schema.org\",\"@graph\":[{\"@type\":\"NewsArticle\",\"@id\":\"https:\/\/www.holstein.ch\/fr\/la-vache-holstein-switzerland-de-lannee-2020\/#article\",\"isPartOf\":{\"@id\":\"https:\/\/www.holstein.ch\/fr\/la-vache-holstein-switzerland-de-lannee-2020\/\"},\"author\":{\"name\":\"Marie-Jos\u00e9 Rossier\",\"@id\":\"https:\/\/www.holstein.ch\/fr\/#\/schema\/person\/91e83d490a3dfd0906e65d37ecbcbfb6\"},\"headline\":\"La Vache HOLSTEIN SWITZERLAND de l&#8217;ann\u00e9e 2020\",\"datePublished\":\"2020-02-17T12:47:17+00:00\",\"dateModified\":\"2023-09-28T07:41:44+00:00\",\"mainEntityOfPage\":{\"@id\":\"https:\/\/www.holstein.ch\/fr\/la-vache-holstein-switzerland-de-lannee-2020\/\"},\"wordCount\":87,\"commentCount\":0,\"publisher\":{\"@id\":\"https:\/\/www.holstein.ch\/fr\/#organization\"},\"image\":{\"@id\":\"https:\/\/www.holstein.ch\/fr\/la-vache-holstein-switzerland-de-lannee-2020\/#primaryimage\"},\"thumbnailUrl\":\"https:\/\/www.holstein.ch\/wp-content\/uploads\/IMG_E2629-2.jpg\",\"articleSection\":[\"Autres actualit\u00e9s\"],\"inLanguage\":\"fr-FR\"},{\"@type\":\"WebPage\",\"@id\":\"https:\/\/www.holstein.ch\/fr\/la-vache-holstein-switzerland-de-lannee-2020\/\",\"url\":\"https:\/\/www.holstein.ch\/fr\/la-vache-holstein-switzerland-de-lannee-2020\/\",\"name\":\"La Vache HOLSTEIN SWITZERLAND de l'ann\u00e9e 2020 - Holstein Switzerland\",\"isPartOf\":{\"@id\":\"https:\/\/www.holstein.ch\/fr\/#website\"},\"primaryImageOfPage\":{\"@id\":\"https:\/\/www.holstein.ch\/fr\/la-vache-holstein-switzerland-de-lannee-2020\/#primaryimage\"},\"image\":{\"@id\":\"https:\/\/www.holstein.ch\/fr\/la-vache-holstein-switzerland-de-lannee-2020\/#primaryimage\"},\"thumbnailUrl\":\"https:\/\/www.holstein.ch\/wp-content\/uploads\/IMG_E2629-2.jpg\",\"datePublished\":\"2020-02-17T12:47:17+00:00\",\"dateModified\":\"2023-09-28T07:41:44+00:00\",\"breadcrumb\":{\"@id\":\"https:\/\/www.holstein.ch\/fr\/la-vache-holstein-switzerland-de-lannee-2020\/#breadcrumb\"},\"inLanguage\":\"fr-FR\",\"potentialAction\":[{\"@type\":\"ReadAction\",\"target\":[\"https:\/\/www.holstein.ch\/fr\/la-vache-holstein-switzerland-de-lannee-2020\/\"]}]},{\"@type\":\"ImageObject\",\"inLanguage\":\"fr-FR\",\"@id\":\"https:\/\/www.holstein.ch\/fr\/la-vache-holstein-switzerland-de-lannee-2020\/#primaryimage\",\"url\":\"https:\/\/www.holstein.ch\/wp-content\/uploads\/IMG_E2629-2.jpg\",\"contentUrl\":\"https:\/\/www.holstein.ch\/wp-content\/uploads\/IMG_E2629-2.jpg\",\"width\":1746,\"height\":2328},{\"@type\":\"BreadcrumbList\",\"@id\":\"https:\/\/www.holstein.ch\/fr\/la-vache-holstein-switzerland-de-lannee-2020\/#breadcrumb\",\"itemListElement\":[{\"@type\":\"ListItem\",\"position\":1,\"name\":\"Autres actualit\u00e9s\",\"item\":\"https:\/\/www.holstein.ch\/fr\/publications\/autres-actualites\/\"},{\"@type\":\"ListItem\",\"position\":2,\"name\":\"La Vache HOLSTEIN SWITZERLAND de l&#8217;ann\u00e9e 2020\"}]},{\"@type\":\"WebSite\",\"@id\":\"https:\/\/www.holstein.ch\/fr\/#website\",\"url\":\"https:\/\/www.holstein.ch\/fr\/\",\"name\":\"Holstein Switzerland\",\"description\":\"Holstein Switzerland\",\"publisher\":{\"@id\":\"https:\/\/www.holstein.ch\/fr\/#organization\"},\"potentialAction\":[{\"@type\":\"SearchAction\",\"target\":{\"@type\":\"EntryPoint\",\"urlTemplate\":\"https:\/\/www.holstein.ch\/fr\/?s={search_term_string}\"},\"query-input\":{\"@type\":\"PropertyValueSpecification\",\"valueRequired\":true,\"valueName\":\"search_term_string\"}}],\"inLanguage\":\"fr-FR\"},{\"@type\":\"Organization\",\"@id\":\"https:\/\/www.holstein.ch\/fr\/#organization\",\"name\":\"Holstein Switzerland\",\"url\":\"https:\/\/www.holstein.ch\/fr\/\",\"logo\":{\"@type\":\"ImageObject\",\"inLanguage\":\"fr-FR\",\"@id\":\"https:\/\/www.holstein.ch\/fr\/#\/schema\/logo\/image\/\",\"url\":\"https:\/\/www.holstein.ch\/wp-content\/uploads\/2023\/09\/holstein_switzerland_logo.png\",\"contentUrl\":\"https:\/\/www.holstein.ch\/wp-content\/uploads\/2023\/09\/holstein_switzerland_logo.png\",\"width\":800,\"height\":621,\"caption\":\"Holstein Switzerland\"},\"image\":{\"@id\":\"https:\/\/www.holstein.ch\/fr\/#\/schema\/logo\/image\/\"},\"sameAs\":[\"https:\/\/www.facebook.com\/HolSwi\",\"https:\/\/www.youtube.com\/@holsteinswitzerland\",\"https:\/\/www.instagram.com\/holstein_switzerland\"]},{\"@type\":\"Person\",\"@id\":\"https:\/\/www.holstein.ch\/fr\/#\/schema\/person\/91e83d490a3dfd0906e65d37ecbcbfb6\",\"name\":\"Marie-Jos\u00e9 Rossier\",\"image\":{\"@type\":\"ImageObject\",\"inLanguage\":\"fr-FR\",\"@id\":\"https:\/\/www.holstein.ch\/fr\/#\/schema\/person\/image\/\",\"url\":\"https:\/\/secure.gravatar.com\/avatar\/68ae16187ec4e6b8556e0e811e57dcb7c21c138f955e02087102f283ee2b3bb6?s=96&d=mm&r=g\",\"contentUrl\":\"https:\/\/secure.gravatar.com\/avatar\/68ae16187ec4e6b8556e0e811e57dcb7c21c138f955e02087102f283ee2b3bb6?s=96&d=mm&r=g\",\"caption\":\"Marie-Jos\u00e9 Rossier\"}}]}<\/script>\n<!-- \/ Yoast SEO plugin. -->","yoast_head_json":{"title":"La Vache HOLSTEIN SWITZERLAND de l'ann\u00e9e 2020 - Holstein Switzerland","robots":{"index":"index","follow":"follow","max-snippet":"max-snippet:-1","max-image-preview":"max-image-preview:large","max-video-preview":"max-video-preview:-1"},"canonical":"https:\/\/www.holstein.ch\/fr\/la-vache-holstein-switzerland-de-lannee-2020\/","og_locale":"fr_FR","og_type":"article","og_title":"La Vache HOLSTEIN SWITZERLAND de l'ann\u00e9e 2020 - Holstein Switzerland","og_description":"[vc_row][vc_column][vc_column_text]Comme en 2019, la &#8220;Vache HOLSTEIN SWITZERLAND de l&#8217;ann\u00e9e&#8221; sera officiellement honor\u00e9e lors des Holstein Awards 2020. Une collaboration sp\u00e9ciale entre Holstein International et Holstein Switzerland. Vous aussi, vous pouvez participer. Envoyez-nous vos propositions \u00e0 info@holsteininternational.com ou info@holstein.ch avant le 2 avril 2020. Consultez les crit\u00e8res de nomination en cliquant sur le lien ci-dessous. Ouvrir [&hellip;]","og_url":"https:\/\/www.holstein.ch\/fr\/la-vache-holstein-switzerland-de-lannee-2020\/","og_site_name":"Holstein Switzerland","article_publisher":"https:\/\/www.facebook.com\/HolSwi","article_published_time":"2020-02-17T12:47:17+00:00","article_modified_time":"2023-09-28T07:41:44+00:00","og_image":[{"width":1746,"height":2328,"url":"https:\/\/www.holstein.ch\/wp-content\/uploads\/IMG_E2629-2.jpg","type":"image\/jpeg"}],"author":"Marie-Jos\u00e9 Rossier","twitter_card":"summary_large_image","twitter_misc":{"\u00c9crit par":"Marie-Jos\u00e9 Rossier"},"schema":{"@context":"https:\/\/schema.org","@graph":[{"@type":"NewsArticle","@id":"https:\/\/www.holstein.ch\/fr\/la-vache-holstein-switzerland-de-lannee-2020\/#article","isPartOf":{"@id":"https:\/\/www.holstein.ch\/fr\/la-vache-holstein-switzerland-de-lannee-2020\/"},"author":{"name":"Marie-Jos\u00e9 Rossier","@id":"https:\/\/www.holstein.ch\/fr\/#\/schema\/person\/91e83d490a3dfd0906e65d37ecbcbfb6"},"headline":"La Vache HOLSTEIN SWITZERLAND de l&#8217;ann\u00e9e 2020","datePublished":"2020-02-17T12:47:17+00:00","dateModified":"2023-09-28T07:41:44+00:00","mainEntityOfPage":{"@id":"https:\/\/www.holstein.ch\/fr\/la-vache-holstein-switzerland-de-lannee-2020\/"},"wordCount":87,"commentCount":0,"publisher":{"@id":"https:\/\/www.holstein.ch\/fr\/#organization"},"image":{"@id":"https:\/\/www.holstein.ch\/fr\/la-vache-holstein-switzerland-de-lannee-2020\/#primaryimage"},"thumbnailUrl":"https:\/\/www.holstein.ch\/wp-content\/uploads\/IMG_E2629-2.jpg","articleSection":["Autres actualit\u00e9s"],"inLanguage":"fr-FR"},{"@type":"WebPage","@id":"https:\/\/www.holstein.ch\/fr\/la-vache-holstein-switzerland-de-lannee-2020\/","url":"https:\/\/www.holstein.ch\/fr\/la-vache-holstein-switzerland-de-lannee-2020\/","name":"La Vache HOLSTEIN SWITZERLAND de l'ann\u00e9e 2020 - Holstein Switzerland","isPartOf":{"@id":"https:\/\/www.holstein.ch\/fr\/#website"},"primaryImageOfPage":{"@id":"https:\/\/www.holstein.ch\/fr\/la-vache-holstein-switzerland-de-lannee-2020\/#primaryimage"},"image":{"@id":"https:\/\/www.holstein.ch\/fr\/la-vache-holstein-switzerland-de-lannee-2020\/#primaryimage"},"thumbnailUrl":"https:\/\/www.holstein.ch\/wp-content\/uploads\/IMG_E2629-2.jpg","datePublished":"2020-02-17T12:47:17+00:00","dateModified":"2023-09-28T07:41:44+00:00","breadcrumb":{"@id":"https:\/\/www.holstein.ch\/fr\/la-vache-holstein-switzerland-de-lannee-2020\/#breadcrumb"},"inLanguage":"fr-FR","potentialAction":[{"@type":"ReadAction","target":["https:\/\/www.holstein.ch\/fr\/la-vache-holstein-switzerland-de-lannee-2020\/"]}]},{"@type":"ImageObject","inLanguage":"fr-FR","@id":"https:\/\/www.holstein.ch\/fr\/la-vache-holstein-switzerland-de-lannee-2020\/#primaryimage","url":"https:\/\/www.holstein.ch\/wp-content\/uploads\/IMG_E2629-2.jpg","contentUrl":"https:\/\/www.holstein.ch\/wp-content\/uploads\/IMG_E2629-2.jpg","width":1746,"height":2328},{"@type":"BreadcrumbList","@id":"https:\/\/www.holstein.ch\/fr\/la-vache-holstein-switzerland-de-lannee-2020\/#breadcrumb","itemListElement":[{"@type":"ListItem","position":1,"name":"Autres actualit\u00e9s","item":"https:\/\/www.holstein.ch\/fr\/publications\/autres-actualites\/"},{"@type":"ListItem","position":2,"name":"La Vache HOLSTEIN SWITZERLAND de l&#8217;ann\u00e9e 2020"}]},{"@type":"WebSite","@id":"https:\/\/www.holstein.ch\/fr\/#website","url":"https:\/\/www.holstein.ch\/fr\/","name":"Holstein Switzerland","description":"Holstein Switzerland","publisher":{"@id":"https:\/\/www.holstein.ch\/fr\/#organization"},"potentialAction":[{"@type":"SearchAction","target":{"@type":"EntryPoint","urlTemplate":"https:\/\/www.holstein.ch\/fr\/?s={search_term_string}"},"query-input":{"@type":"PropertyValueSpecification","valueRequired":true,"valueName":"search_term_string"}}],"inLanguage":"fr-FR"},{"@type":"Organization","@id":"https:\/\/www.holstein.ch\/fr\/#organization","name":"Holstein Switzerland","url":"https:\/\/www.holstein.ch\/fr\/","logo":{"@type":"ImageObject","inLanguage":"fr-FR","@id":"https:\/\/www.holstein.ch\/fr\/#\/schema\/logo\/image\/","url":"https:\/\/www.holstein.ch\/wp-content\/uploads\/2023\/09\/holstein_switzerland_logo.png","contentUrl":"https:\/\/www.holstein.ch\/wp-content\/uploads\/2023\/09\/holstein_switzerland_logo.png","width":800,"height":621,"caption":"Holstein Switzerland"},"image":{"@id":"https:\/\/www.holstein.ch\/fr\/#\/schema\/logo\/image\/"},"sameAs":["https:\/\/www.facebook.com\/HolSwi","https:\/\/www.youtube.com\/@holsteinswitzerland","https:\/\/www.instagram.com\/holstein_switzerland"]},{"@type":"Person","@id":"https:\/\/www.holstein.ch\/fr\/#\/schema\/person\/91e83d490a3dfd0906e65d37ecbcbfb6","name":"Marie-Jos\u00e9 Rossier","image":{"@type":"ImageObject","inLanguage":"fr-FR","@id":"https:\/\/www.holstein.ch\/fr\/#\/schema\/person\/image\/","url":"https:\/\/secure.gravatar.com\/avatar\/68ae16187ec4e6b8556e0e811e57dcb7c21c138f955e02087102f283ee2b3bb6?s=96&d=mm&r=g","contentUrl":"https:\/\/secure.gravatar.com\/avatar\/68ae16187ec4e6b8556e0e811e57dcb7c21c138f955e02087102f283ee2b3bb6?s=96&d=mm&r=g","caption":"Marie-Jos\u00e9 Rossier"}}]}},"_links":{"self":[{"href":"https:\/\/www.holstein.ch\/fr\/wp-json\/wp\/v2\/posts\/13732","targetHints":{"allow":["GET"]}}],"collection":[{"href":"https:\/\/www.holstein.ch\/fr\/wp-json\/wp\/v2\/posts"}],"about":[{"href":"https:\/\/www.holstein.ch\/fr\/wp-json\/wp\/v2\/types\/post"}],"author":[{"embeddable":true,"href":"https:\/\/www.holstein.ch\/fr\/wp-json\/wp\/v2\/users\/42"}],"replies":[{"embeddable":true,"href":"https:\/\/www.holstein.ch\/fr\/wp-json\/wp\/v2\/comments?post=13732"}],"version-history":[{"count":1,"href":"https:\/\/www.holstein.ch\/fr\/wp-json\/wp\/v2\/posts\/13732\/revisions"}],"predecessor-version":[{"id":24926,"href":"https:\/\/www.holstein.ch\/fr\/wp-json\/wp\/v2\/posts\/13732\/revisions\/24926"}],"wp:featuredmedia":[{"embeddable":true,"href":"https:\/\/www.holstein.ch\/fr\/wp-json\/wp\/v2\/media\/13739"}],"wp:attachment":[{"href":"https:\/\/www.holstein.ch\/fr\/wp-json\/wp\/v2\/media?parent=13732"}],"wp:term":[{"taxonomy":"category","embeddable":true,"href":"https:\/\/www.holstein.ch\/fr\/wp-json\/wp\/v2\/categories?post=13732"},{"taxonomy":"post_tag","embeddable":true,"href":"https:\/\/www.holstein.ch\/fr\/wp-json\/wp\/v2\/tags?post=13732"}],"curies":[{"name":"wp","href":"https:\/\/api.w.org\/{rel}","templated":true}]}}