{"id":13938,"date":"2020-03-09T19:21:13","date_gmt":"2020-03-09T18:21:13","guid":{"rendered":"https:\/\/www.holstein.ch\/?p=13938"},"modified":"2023-11-14T22:57:32","modified_gmt":"2023-11-14T21:57:32","slug":"expo-bulle-2020-est-annulee","status":"publish","type":"post","link":"https:\/\/www.holstein.ch\/fr\/expo-bulle-2020-est-annulee\/","title":{"rendered":"EXPO Bulle 2020 est annul\u00e9e"},"content":{"rendered":"\n<p><b>En raison de la situation sanitaire en lien avec le coronavirus, le comit\u00e9 d\u2019organisation d\u2019EXPO Bulle s\u2019est vu contraint d\u2019annuler l\u2019\u00e9dition 2020 qui aurait d\u00fb avoir lieu les 27 et 28 mars 2020 \u00e0 Espace Gruy\u00e8re, \u00e0 Bulle. <\/b><\/p>\n\n\n\n<p>EXPO Bulle, haut lieu de l\u2019\u00e9levage Holstein et Red-Holstein, avait annonc\u00e9 une \u00e9dition 2020 exceptionnelle, puisqu\u2019elle devait accueillir pour la premi\u00e8re fois un classement des meilleurs sujets de la race Swiss Fleckvieh.<\/p>\n\n\n\n<p>R\u00e9uni en s\u00e9ance extraordinaire ce lundi 9 mars, le comit\u00e9 d\u2019organisation a d\u00fb prendre la p\u00e9nible d\u00e9cision d\u2019annuler l\u2019\u00e9dition 2020. Cette d\u00e9cision a \u00e9t\u00e9 prise suite \u00e0 un sondage effectu\u00e9 aupr\u00e8s des nombreux \u00e9leveurs ayant inscrit des animaux, afin de savoir s\u2019ils acceptaient de participer \u00e0 une exposition \u00ab \u00e0 huit-clos \u00bb, cette manifestation tombant sous le coup de l\u2019interdiction f\u00e9d\u00e9rale des \u00e9v\u00e9nements r\u00e9unissant plus de 1&#8217;000 personnes. Le retour des \u00e9leveurs a \u00e9t\u00e9 clair : la pr\u00e9sence de plus de la moiti\u00e9 des animaux inscrits n\u2019\u00e9tait pas assur\u00e9e.<\/p>\n\n\n\n<p>Dans ces circonstances, et consid\u00e9rant que l\u2019\u00e9volution de la situation sanitaire ne laisse pas pr\u00e9sager un assouplissement des mesures de<\/p>\n\n\n\n<p>pr\u00e9vention, le comit\u00e9 EXPO Bulle a d\u00fb, \u00e0 son grand regret, annuler cette \u00ab f\u00eate de la vache laiti\u00e8re \u00bb.<\/p>\n\n\n\n<p>Le comit\u00e9 d\u2019organisation est particuli\u00e8rement attrist\u00e9 de cette situation mais il consid\u00e8re que la protection de la population doit rester une priorit\u00e9. Il donne d\u2019ores et d\u00e9j\u00e0 rendez-vous aux \u00e9leveurs, aux sponsors et au public les 26 et 27 mars 2021. Cette \u00e9dition 2021 repr\u00e9sentera le point culminant du congr\u00e8s mondial de la race Holstein, qui a \u00e9t\u00e9 report\u00e9 pour les m\u00eames raisons \u00e0 fin mars 2021 au centre de congr\u00e8s 2m2c de Montreux.<\/p>\n","protected":false},"excerpt":{"rendered":"<p>En raison de la situation sanitaire en lien avec le coronavirus, le comit\u00e9 d\u2019organisation d\u2019EXPO Bulle s\u2019est vu contraint d\u2019annuler l\u2019\u00e9dition 2020 qui aurait d\u00fb avoir lieu les 27 et 28 mars 2020 \u00e0 Espace Gruy\u00e8re, \u00e0 Bulle. EXPO Bulle, haut lieu de l\u2019\u00e9levage Holstein et Red-Holstein, avait annonc\u00e9 une \u00e9dition 2020 exceptionnelle, puisqu\u2019elle devait [&hellip;]<\/p>\n","protected":false},"author":2,"featured_media":0,"comment_status":"open","ping_status":"open","sticky":false,"template":"","format":"standard","meta":{"_acf_changed":false,"_monsterinsights_skip_tracking":false,"_monsterinsights_sitenote_active":false,"_monsterinsights_sitenote_note":"","_monsterinsights_sitenote_category":0,"footnotes":""},"categories":[33],"tags":[],"class_list":["post-13938","post","type-post","status-publish","format-standard","hentry","category-communiques-de-presse-media"],"acf":[],"yoast_head":"<!-- This site is optimized with the Yoast SEO plugin v26.9 - https:\/\/yoast.com\/product\/yoast-seo-wordpress\/ -->\n<title>EXPO Bulle 2020 est annul\u00e9e - Holstein Switzerland<\/title>\n<meta name=\"robots\" content=\"index, follow, max-snippet:-1, max-image-preview:large, max-video-preview:-1\" \/>\n<link rel=\"canonical\" href=\"https:\/\/www.holstein.ch\/fr\/expo-bulle-2020-est-annulee\/\" \/>\n<meta property=\"og:locale\" content=\"fr_FR\" \/>\n<meta property=\"og:type\" content=\"article\" \/>\n<meta property=\"og:title\" content=\"EXPO Bulle 2020 est annul\u00e9e - Holstein Switzerland\" \/>\n<meta property=\"og:description\" content=\"En raison de la situation sanitaire en lien avec le coronavirus, le comit\u00e9 d\u2019organisation d\u2019EXPO Bulle s\u2019est vu contraint d\u2019annuler l\u2019\u00e9dition 2020 qui aurait d\u00fb avoir lieu les 27 et 28 mars 2020 \u00e0 Espace Gruy\u00e8re, \u00e0 Bulle. EXPO Bulle, haut lieu de l\u2019\u00e9levage Holstein et Red-Holstein, avait annonc\u00e9 une \u00e9dition 2020 exceptionnelle, puisqu\u2019elle devait [&hellip;]\" \/>\n<meta property=\"og:url\" content=\"https:\/\/www.holstein.ch\/fr\/expo-bulle-2020-est-annulee\/\" \/>\n<meta property=\"og:site_name\" content=\"Holstein Switzerland\" \/>\n<meta property=\"article:publisher\" content=\"https:\/\/www.facebook.com\/HolSwi\" \/>\n<meta property=\"article:published_time\" content=\"2020-03-09T18:21:13+00:00\" \/>\n<meta property=\"article:modified_time\" content=\"2023-11-14T21:57:32+00:00\" \/>\n<meta property=\"og:image\" content=\"https:\/\/www.holstein.ch\/wp-content\/uploads\/EB_annule\u0301.jpg\" \/>\n\t<meta property=\"og:image:width\" content=\"2480\" \/>\n\t<meta property=\"og:image:height\" content=\"1748\" \/>\n\t<meta property=\"og:image:type\" content=\"image\/jpeg\" \/>\n<meta name=\"author\" content=\"Patrick Monod\" \/>\n<meta name=\"twitter:card\" content=\"summary_large_image\" \/>\n<meta name=\"twitter:label1\" content=\"\u00c9crit par\" \/>\n\t<meta name=\"twitter:data1\" content=\"Patrick Monod\" \/>\n\t<meta name=\"twitter:label2\" content=\"Dur\u00e9e de lecture estim\u00e9e\" \/>\n\t<meta name=\"twitter:data2\" content=\"2 minutes\" \/>\n<script type=\"application\/ld+json\" class=\"yoast-schema-graph\">{\"@context\":\"https:\/\/schema.org\",\"@graph\":[{\"@type\":\"NewsArticle\",\"@id\":\"https:\/\/www.holstein.ch\/fr\/expo-bulle-2020-est-annulee\/#article\",\"isPartOf\":{\"@id\":\"https:\/\/www.holstein.ch\/fr\/expo-bulle-2020-est-annulee\/\"},\"author\":{\"name\":\"Patrick Monod\",\"@id\":\"https:\/\/www.holstein.ch\/fr\/#\/schema\/person\/a2ace477ff3383343477ba270f4888d4\"},\"headline\":\"EXPO Bulle 2020 est annul\u00e9e\",\"datePublished\":\"2020-03-09T18:21:13+00:00\",\"dateModified\":\"2023-11-14T21:57:32+00:00\",\"mainEntityOfPage\":{\"@id\":\"https:\/\/www.holstein.ch\/fr\/expo-bulle-2020-est-annulee\/\"},\"wordCount\":296,\"commentCount\":0,\"publisher\":{\"@id\":\"https:\/\/www.holstein.ch\/fr\/#organization\"},\"articleSection\":[\"Communiqu\u00e9s de presse - Media\"],\"inLanguage\":\"fr-FR\"},{\"@type\":\"WebPage\",\"@id\":\"https:\/\/www.holstein.ch\/fr\/expo-bulle-2020-est-annulee\/\",\"url\":\"https:\/\/www.holstein.ch\/fr\/expo-bulle-2020-est-annulee\/\",\"name\":\"EXPO Bulle 2020 est annul\u00e9e - Holstein Switzerland\",\"isPartOf\":{\"@id\":\"https:\/\/www.holstein.ch\/fr\/#website\"},\"datePublished\":\"2020-03-09T18:21:13+00:00\",\"dateModified\":\"2023-11-14T21:57:32+00:00\",\"breadcrumb\":{\"@id\":\"https:\/\/www.holstein.ch\/fr\/expo-bulle-2020-est-annulee\/#breadcrumb\"},\"inLanguage\":\"fr-FR\",\"potentialAction\":[{\"@type\":\"ReadAction\",\"target\":[\"https:\/\/www.holstein.ch\/fr\/expo-bulle-2020-est-annulee\/\"]}]},{\"@type\":\"BreadcrumbList\",\"@id\":\"https:\/\/www.holstein.ch\/fr\/expo-bulle-2020-est-annulee\/#breadcrumb\",\"itemListElement\":[{\"@type\":\"ListItem\",\"position\":1,\"name\":\"Communiqu\u00e9s de presse - Media\",\"item\":\"https:\/\/www.holstein.ch\/fr\/publications\/communiques-de-presse-media\/\"},{\"@type\":\"ListItem\",\"position\":2,\"name\":\"EXPO Bulle 2020 est annul\u00e9e\"}]},{\"@type\":\"WebSite\",\"@id\":\"https:\/\/www.holstein.ch\/fr\/#website\",\"url\":\"https:\/\/www.holstein.ch\/fr\/\",\"name\":\"Holstein Switzerland\",\"description\":\"Holstein Switzerland\",\"publisher\":{\"@id\":\"https:\/\/www.holstein.ch\/fr\/#organization\"},\"potentialAction\":[{\"@type\":\"SearchAction\",\"target\":{\"@type\":\"EntryPoint\",\"urlTemplate\":\"https:\/\/www.holstein.ch\/fr\/?s={search_term_string}\"},\"query-input\":{\"@type\":\"PropertyValueSpecification\",\"valueRequired\":true,\"valueName\":\"search_term_string\"}}],\"inLanguage\":\"fr-FR\"},{\"@type\":\"Organization\",\"@id\":\"https:\/\/www.holstein.ch\/fr\/#organization\",\"name\":\"Holstein Switzerland\",\"url\":\"https:\/\/www.holstein.ch\/fr\/\",\"logo\":{\"@type\":\"ImageObject\",\"inLanguage\":\"fr-FR\",\"@id\":\"https:\/\/www.holstein.ch\/fr\/#\/schema\/logo\/image\/\",\"url\":\"https:\/\/www.holstein.ch\/wp-content\/uploads\/2023\/09\/holstein_switzerland_logo.png\",\"contentUrl\":\"https:\/\/www.holstein.ch\/wp-content\/uploads\/2023\/09\/holstein_switzerland_logo.png\",\"width\":800,\"height\":621,\"caption\":\"Holstein Switzerland\"},\"image\":{\"@id\":\"https:\/\/www.holstein.ch\/fr\/#\/schema\/logo\/image\/\"},\"sameAs\":[\"https:\/\/www.facebook.com\/HolSwi\",\"https:\/\/www.youtube.com\/@holsteinswitzerland\",\"https:\/\/www.instagram.com\/holstein_switzerland\"]},{\"@type\":\"Person\",\"@id\":\"https:\/\/www.holstein.ch\/fr\/#\/schema\/person\/a2ace477ff3383343477ba270f4888d4\",\"name\":\"Patrick Monod\",\"image\":{\"@type\":\"ImageObject\",\"inLanguage\":\"fr-FR\",\"@id\":\"https:\/\/www.holstein.ch\/fr\/#\/schema\/person\/image\/\",\"url\":\"https:\/\/secure.gravatar.com\/avatar\/07a4bcc52c1860dda0c210cc06a14fb51c110e3cb89aa716a61b79b9e9bf5efd?s=96&d=mm&r=g\",\"contentUrl\":\"https:\/\/secure.gravatar.com\/avatar\/07a4bcc52c1860dda0c210cc06a14fb51c110e3cb89aa716a61b79b9e9bf5efd?s=96&d=mm&r=g\",\"caption\":\"Patrick Monod\"}}]}<\/script>\n<!-- \/ Yoast SEO plugin. -->","yoast_head_json":{"title":"EXPO Bulle 2020 est annul\u00e9e - Holstein Switzerland","robots":{"index":"index","follow":"follow","max-snippet":"max-snippet:-1","max-image-preview":"max-image-preview:large","max-video-preview":"max-video-preview:-1"},"canonical":"https:\/\/www.holstein.ch\/fr\/expo-bulle-2020-est-annulee\/","og_locale":"fr_FR","og_type":"article","og_title":"EXPO Bulle 2020 est annul\u00e9e - Holstein Switzerland","og_description":"En raison de la situation sanitaire en lien avec le coronavirus, le comit\u00e9 d\u2019organisation d\u2019EXPO Bulle s\u2019est vu contraint d\u2019annuler l\u2019\u00e9dition 2020 qui aurait d\u00fb avoir lieu les 27 et 28 mars 2020 \u00e0 Espace Gruy\u00e8re, \u00e0 Bulle. EXPO Bulle, haut lieu de l\u2019\u00e9levage Holstein et Red-Holstein, avait annonc\u00e9 une \u00e9dition 2020 exceptionnelle, puisqu\u2019elle devait [&hellip;]","og_url":"https:\/\/www.holstein.ch\/fr\/expo-bulle-2020-est-annulee\/","og_site_name":"Holstein Switzerland","article_publisher":"https:\/\/www.facebook.com\/HolSwi","article_published_time":"2020-03-09T18:21:13+00:00","article_modified_time":"2023-11-14T21:57:32+00:00","og_image":[{"width":2480,"height":1748,"url":"https:\/\/www.holstein.ch\/wp-content\/uploads\/EB_annule\u0301.jpg","type":"image\/jpeg"}],"author":"Patrick Monod","twitter_card":"summary_large_image","twitter_misc":{"\u00c9crit par":"Patrick Monod","Dur\u00e9e de lecture estim\u00e9e":"2 minutes"},"schema":{"@context":"https:\/\/schema.org","@graph":[{"@type":"NewsArticle","@id":"https:\/\/www.holstein.ch\/fr\/expo-bulle-2020-est-annulee\/#article","isPartOf":{"@id":"https:\/\/www.holstein.ch\/fr\/expo-bulle-2020-est-annulee\/"},"author":{"name":"Patrick Monod","@id":"https:\/\/www.holstein.ch\/fr\/#\/schema\/person\/a2ace477ff3383343477ba270f4888d4"},"headline":"EXPO Bulle 2020 est annul\u00e9e","datePublished":"2020-03-09T18:21:13+00:00","dateModified":"2023-11-14T21:57:32+00:00","mainEntityOfPage":{"@id":"https:\/\/www.holstein.ch\/fr\/expo-bulle-2020-est-annulee\/"},"wordCount":296,"commentCount":0,"publisher":{"@id":"https:\/\/www.holstein.ch\/fr\/#organization"},"articleSection":["Communiqu\u00e9s de presse - Media"],"inLanguage":"fr-FR"},{"@type":"WebPage","@id":"https:\/\/www.holstein.ch\/fr\/expo-bulle-2020-est-annulee\/","url":"https:\/\/www.holstein.ch\/fr\/expo-bulle-2020-est-annulee\/","name":"EXPO Bulle 2020 est annul\u00e9e - Holstein Switzerland","isPartOf":{"@id":"https:\/\/www.holstein.ch\/fr\/#website"},"datePublished":"2020-03-09T18:21:13+00:00","dateModified":"2023-11-14T21:57:32+00:00","breadcrumb":{"@id":"https:\/\/www.holstein.ch\/fr\/expo-bulle-2020-est-annulee\/#breadcrumb"},"inLanguage":"fr-FR","potentialAction":[{"@type":"ReadAction","target":["https:\/\/www.holstein.ch\/fr\/expo-bulle-2020-est-annulee\/"]}]},{"@type":"BreadcrumbList","@id":"https:\/\/www.holstein.ch\/fr\/expo-bulle-2020-est-annulee\/#breadcrumb","itemListElement":[{"@type":"ListItem","position":1,"name":"Communiqu\u00e9s de presse - Media","item":"https:\/\/www.holstein.ch\/fr\/publications\/communiques-de-presse-media\/"},{"@type":"ListItem","position":2,"name":"EXPO Bulle 2020 est annul\u00e9e"}]},{"@type":"WebSite","@id":"https:\/\/www.holstein.ch\/fr\/#website","url":"https:\/\/www.holstein.ch\/fr\/","name":"Holstein Switzerland","description":"Holstein Switzerland","publisher":{"@id":"https:\/\/www.holstein.ch\/fr\/#organization"},"potentialAction":[{"@type":"SearchAction","target":{"@type":"EntryPoint","urlTemplate":"https:\/\/www.holstein.ch\/fr\/?s={search_term_string}"},"query-input":{"@type":"PropertyValueSpecification","valueRequired":true,"valueName":"search_term_string"}}],"inLanguage":"fr-FR"},{"@type":"Organization","@id":"https:\/\/www.holstein.ch\/fr\/#organization","name":"Holstein Switzerland","url":"https:\/\/www.holstein.ch\/fr\/","logo":{"@type":"ImageObject","inLanguage":"fr-FR","@id":"https:\/\/www.holstein.ch\/fr\/#\/schema\/logo\/image\/","url":"https:\/\/www.holstein.ch\/wp-content\/uploads\/2023\/09\/holstein_switzerland_logo.png","contentUrl":"https:\/\/www.holstein.ch\/wp-content\/uploads\/2023\/09\/holstein_switzerland_logo.png","width":800,"height":621,"caption":"Holstein Switzerland"},"image":{"@id":"https:\/\/www.holstein.ch\/fr\/#\/schema\/logo\/image\/"},"sameAs":["https:\/\/www.facebook.com\/HolSwi","https:\/\/www.youtube.com\/@holsteinswitzerland","https:\/\/www.instagram.com\/holstein_switzerland"]},{"@type":"Person","@id":"https:\/\/www.holstein.ch\/fr\/#\/schema\/person\/a2ace477ff3383343477ba270f4888d4","name":"Patrick Monod","image":{"@type":"ImageObject","inLanguage":"fr-FR","@id":"https:\/\/www.holstein.ch\/fr\/#\/schema\/person\/image\/","url":"https:\/\/secure.gravatar.com\/avatar\/07a4bcc52c1860dda0c210cc06a14fb51c110e3cb89aa716a61b79b9e9bf5efd?s=96&d=mm&r=g","contentUrl":"https:\/\/secure.gravatar.com\/avatar\/07a4bcc52c1860dda0c210cc06a14fb51c110e3cb89aa716a61b79b9e9bf5efd?s=96&d=mm&r=g","caption":"Patrick Monod"}}]}},"_links":{"self":[{"href":"https:\/\/www.holstein.ch\/fr\/wp-json\/wp\/v2\/posts\/13938","targetHints":{"allow":["GET"]}}],"collection":[{"href":"https:\/\/www.holstein.ch\/fr\/wp-json\/wp\/v2\/posts"}],"about":[{"href":"https:\/\/www.holstein.ch\/fr\/wp-json\/wp\/v2\/types\/post"}],"author":[{"embeddable":true,"href":"https:\/\/www.holstein.ch\/fr\/wp-json\/wp\/v2\/users\/2"}],"replies":[{"embeddable":true,"href":"https:\/\/www.holstein.ch\/fr\/wp-json\/wp\/v2\/comments?post=13938"}],"version-history":[{"count":2,"href":"https:\/\/www.holstein.ch\/fr\/wp-json\/wp\/v2\/posts\/13938\/revisions"}],"predecessor-version":[{"id":27984,"href":"https:\/\/www.holstein.ch\/fr\/wp-json\/wp\/v2\/posts\/13938\/revisions\/27984"}],"wp:attachment":[{"href":"https:\/\/www.holstein.ch\/fr\/wp-json\/wp\/v2\/media?parent=13938"}],"wp:term":[{"taxonomy":"category","embeddable":true,"href":"https:\/\/www.holstein.ch\/fr\/wp-json\/wp\/v2\/categories?post=13938"},{"taxonomy":"post_tag","embeddable":true,"href":"https:\/\/www.holstein.ch\/fr\/wp-json\/wp\/v2\/tags?post=13938"}],"curies":[{"name":"wp","href":"https:\/\/api.w.org\/{rel}","templated":true}]}}