{"id":14009,"date":"2020-03-18T16:37:58","date_gmt":"2020-03-18T15:37:58","guid":{"rendered":"https:\/\/www.holstein.ch\/?p=14009"},"modified":"2023-09-28T09:41:43","modified_gmt":"2023-09-28T07:41:43","slug":"suspension-des-prestations-questions-et-reponses","status":"publish","type":"post","link":"https:\/\/www.holstein.ch\/fr\/suspension-des-prestations-questions-et-reponses\/","title":{"rendered":"Suspension des prestations : Questions et r\u00e9ponses"},"content":{"rendered":"<p>[vc_row][vc_column][vc_column_text]Le communiqu\u00e9 du 16 mars 2020 concernant la suspension imm\u00e9diate de diverses prestations provoque de nombreuses questions. Nous sommes \u00e0 votre disposition au <strong>026\u00a0305 59 00<\/strong> ou <a href=\"mailto:info@holstein.ch\">info@holstein.ch<\/a>. Afin d\u2019\u00e9viter de surcharger nos collaboratrices et collaborateurs, nous avons pr\u00e9par\u00e9 ci-apr\u00e8s les r\u00e9ponses aux questions les plus fr\u00e9quentes\u00a0:<\/p>\n<h3><strong><u>Contr\u00f4le laitier<\/u><\/strong><\/h3>\n<p><strong>Jusqu&#8217;\u00e0 quand le contr\u00f4le laitier peut-il \u00eatre encore effectu\u00e9\u00a0?<\/strong><\/p>\n<p><em>Les contr\u00f4les laitiers ont \u00e9t\u00e9 suspendus avec effet imm\u00e9diat, c&#8217;est-\u00e0-dire \u00e0 partir de mardi 17 mars 2020. Un courrier ayant \u00e9t\u00e9 adress\u00e9 \u00e0 tous les contr\u00f4leurs laitiers ce m\u00eame mardi, nous consid\u00e9rons que les derniers contr\u00f4les ont \u00e9t\u00e9 effectu\u00e9s le mercredi 18 mars 2020. Les contr\u00f4les laitiers qui ont commenc\u00e9 peuvent \u00eatre achev\u00e9s.<\/em><\/p>\n<p><strong>En tant que contr\u00f4leuse\/contr\u00f4leur laitier, dois-je renvoyer les fiches d&#8217;accompagnement vides\u00a0?<\/strong><\/p>\n<p><em>Non<\/em>.<\/p>\n<p><strong>Pourrai-je utiliser les fiches d\u2019accompagnement que j\u2019ai d\u00e9j\u00e0 re\u00e7ues lors de la reprise des activit\u00e9s de contr\u00f4le laitier\u00a0?<\/strong><\/p>\n<p><em>Oui, les fiches d\u2019accompagnement et les \u00e9tiquettes d\u00e9j\u00e0 re\u00e7ues pourront \u00eatre utilis\u00e9es lors de la reprise du contr\u00f4le laitier. Toutefois, selon la dur\u00e9e de l\u2019interruption des services, il est possible que de nouvelles listes soient imprim\u00e9es.<\/em><\/p>\n<p><strong>Les \u00e9chantillons de lait d\u00e9j\u00e0 pr\u00e9lev\u00e9s peuvent-ils encore \u00eatre envoy\u00e9s au laboratoire\u00a0?<\/strong><\/p>\n<p><em>Oui, le laboratoire continue son activit\u00e9. Les \u00e9chantillons sont analys\u00e9s et le r\u00e9sultat est communiqu\u00e9 aux exploitations.<\/em><\/p>\n<p><strong>En tant que contr\u00f4leuse\/contr\u00f4leur laitier, vais-je recevoir une compensation pour les contr\u00f4les manqu\u00e9s\u00a0?<\/strong><\/p>\n<p><em>Les organisations d&#8217;\u00e9levage r\u00e9fl\u00e9chissent ensemble \u00e0 la question.<\/em><\/p>\n<h3><strong><u>Epreuve de productivit\u00e9 laiti\u00e8re<\/u><\/strong><\/h3>\n<p><strong>Que se passe-t-il si l&#8217;intervalle entre les pes\u00e9es d\u00e9passe la limite r\u00e9glementaire\u00a0?<\/strong><\/p>\n<p><em>Le r\u00e8glement concernant l&#8217;intervalle maximal entre deux pes\u00e9es est adapt\u00e9 aux circonstances exceptionnelles. Des solutions seront examin\u00e9es.<\/em><\/p>\n<p><strong>Que dois-je faire si ma vache est tarie et que je ne peux pas le signaler au contr\u00f4leur laitier\u00a0?<\/strong><\/p>\n<p><em>Vous pouvez faire les inscriptions et notifications de tarissement ou de v\u00ealage directement par HolsteinVision ou HolsteinMobile et les donn\u00e9es seront automatiquement enregistr\u00e9es.<\/em><\/p>\n<p><strong>Puis-je demander des analyses m\u00eame si le contr\u00f4le laitier n\u2019est pas effectu\u00e9\u00a0?<\/strong><br \/>\n<em>Oui, Suisselab maintient l&#8217;analyse dans le cadre des r\u00e8gles f\u00e9d\u00e9rales en vigueur et de ses propres capacit\u00e9s. Toutes les exploitations peuvent faire effectuer les analyses FERTALYS et MID souhait\u00e9es, normalement via Suisselab. A cet effet, le mat\u00e9riel de laboratoire peut \u00eatre command\u00e9 chez Suisselab (<a href=\"https:\/\/www.suisselab.ch\/fr\/boutique-et-commande\/\">https:\/\/www.suisselab.ch\/fr\/boutique-et-commande\/<\/a>). De plus, les analyses des teneurs du lait et des cellules peuvent \u00e9galement \u00eatre effectu\u00e9es directement chez Suisselab. Pour de plus amples informations concernant les co\u00fbts et le mat\u00e9riel de laboratoire, veuillez contacter <a href=\"mailto:info@suisselab.ch\">info@suisselab.ch<\/a> ou 031 919 33 66.<\/em><\/p>\n<h3><strong><u>Assembl\u00e9e des d\u00e9l\u00e9gu\u00e9s<\/u><\/strong><\/h3>\n<p><strong>Quand aura lieu l&#8217;assembl\u00e9e des d\u00e9l\u00e9gu\u00e9s\u00a0?<\/strong><\/p>\n<p><em>L\u2019assembl\u00e9e des d\u00e9l\u00e9gu\u00e9s du jeudi 9 avril 2020 \u00e0 Forum Fribourg est annul\u00e9e. D\u00e8s que les circonstances le permettront, une nouvelle date sera fix\u00e9e et communiqu\u00e9e aux concern\u00e9s.<\/em><\/p>\n<p>[\/vc_column_text][\/vc_column][\/vc_row]<\/p>\n","protected":false},"excerpt":{"rendered":"<p>[vc_row][vc_column][vc_column_text]Le communiqu\u00e9 du 16 mars 2020 concernant la suspension imm\u00e9diate de diverses prestations provoque de nombreuses questions. Nous sommes \u00e0 votre disposition au 026\u00a0305 59 00 ou info@holstein.ch. Afin d\u2019\u00e9viter de surcharger nos collaboratrices et collaborateurs, nous avons pr\u00e9par\u00e9 ci-apr\u00e8s les r\u00e9ponses aux questions les plus fr\u00e9quentes\u00a0: Contr\u00f4le laitier Jusqu&#8217;\u00e0 quand le contr\u00f4le laitier peut-il [&hellip;]<\/p>\n","protected":false},"author":2,"featured_media":14007,"comment_status":"open","ping_status":"open","sticky":false,"template":"","format":"standard","meta":{"_acf_changed":false,"_monsterinsights_skip_tracking":false,"_monsterinsights_sitenote_active":false,"_monsterinsights_sitenote_note":"","_monsterinsights_sitenote_category":0,"footnotes":""},"categories":[599],"tags":[],"class_list":["post-14009","post","type-post","status-publish","format-standard","has-post-thumbnail","hentry","category-autres-actualites"],"acf":[],"yoast_head":"<!-- This site is optimized with the Yoast SEO plugin v26.9 - https:\/\/yoast.com\/product\/yoast-seo-wordpress\/ -->\n<title>Suspension des prestations : Questions et r\u00e9ponses - Holstein Switzerland<\/title>\n<meta name=\"robots\" content=\"index, follow, max-snippet:-1, max-image-preview:large, max-video-preview:-1\" \/>\n<link rel=\"canonical\" href=\"https:\/\/www.holstein.ch\/fr\/suspension-des-prestations-questions-et-reponses\/\" \/>\n<meta property=\"og:locale\" content=\"fr_FR\" \/>\n<meta property=\"og:type\" content=\"article\" \/>\n<meta property=\"og:title\" content=\"Suspension des prestations : Questions et r\u00e9ponses - Holstein Switzerland\" \/>\n<meta property=\"og:description\" content=\"[vc_row][vc_column][vc_column_text]Le communiqu\u00e9 du 16 mars 2020 concernant la suspension imm\u00e9diate de diverses prestations provoque de nombreuses questions. Nous sommes \u00e0 votre disposition au 026\u00a0305 59 00 ou info@holstein.ch. Afin d\u2019\u00e9viter de surcharger nos collaboratrices et collaborateurs, nous avons pr\u00e9par\u00e9 ci-apr\u00e8s les r\u00e9ponses aux questions les plus fr\u00e9quentes\u00a0: Contr\u00f4le laitier Jusqu&#8217;\u00e0 quand le contr\u00f4le laitier peut-il [&hellip;]\" \/>\n<meta property=\"og:url\" content=\"https:\/\/www.holstein.ch\/fr\/suspension-des-prestations-questions-et-reponses\/\" \/>\n<meta property=\"og:site_name\" content=\"Holstein Switzerland\" \/>\n<meta property=\"article:publisher\" content=\"https:\/\/www.facebook.com\/HolSwi\" \/>\n<meta property=\"article:published_time\" content=\"2020-03-18T15:37:58+00:00\" \/>\n<meta property=\"article:modified_time\" content=\"2023-09-28T07:41:43+00:00\" \/>\n<meta property=\"og:image\" content=\"https:\/\/www.holstein.ch\/wp-content\/uploads\/FAQimgSquare.jpg\" \/>\n\t<meta property=\"og:image:width\" content=\"1080\" \/>\n\t<meta property=\"og:image:height\" content=\"1080\" \/>\n\t<meta property=\"og:image:type\" content=\"image\/jpeg\" \/>\n<meta name=\"author\" content=\"Patrick Monod\" \/>\n<meta name=\"twitter:card\" content=\"summary_large_image\" \/>\n<meta name=\"twitter:label1\" content=\"\u00c9crit par\" \/>\n\t<meta name=\"twitter:data1\" content=\"Patrick Monod\" \/>\n\t<meta name=\"twitter:label2\" content=\"Dur\u00e9e de lecture estim\u00e9e\" \/>\n\t<meta name=\"twitter:data2\" content=\"3 minutes\" \/>\n<script type=\"application\/ld+json\" class=\"yoast-schema-graph\">{\"@context\":\"https:\/\/schema.org\",\"@graph\":[{\"@type\":\"NewsArticle\",\"@id\":\"https:\/\/www.holstein.ch\/fr\/suspension-des-prestations-questions-et-reponses\/#article\",\"isPartOf\":{\"@id\":\"https:\/\/www.holstein.ch\/fr\/suspension-des-prestations-questions-et-reponses\/\"},\"author\":{\"name\":\"Patrick Monod\",\"@id\":\"https:\/\/www.holstein.ch\/fr\/#\/schema\/person\/a2ace477ff3383343477ba270f4888d4\"},\"headline\":\"Suspension des prestations : Questions et r\u00e9ponses\",\"datePublished\":\"2020-03-18T15:37:58+00:00\",\"dateModified\":\"2023-09-28T07:41:43+00:00\",\"mainEntityOfPage\":{\"@id\":\"https:\/\/www.holstein.ch\/fr\/suspension-des-prestations-questions-et-reponses\/\"},\"wordCount\":541,\"commentCount\":0,\"publisher\":{\"@id\":\"https:\/\/www.holstein.ch\/fr\/#organization\"},\"image\":{\"@id\":\"https:\/\/www.holstein.ch\/fr\/suspension-des-prestations-questions-et-reponses\/#primaryimage\"},\"thumbnailUrl\":\"https:\/\/www.holstein.ch\/wp-content\/uploads\/FAQimgSquare.jpg\",\"articleSection\":[\"Autres actualit\u00e9s\"],\"inLanguage\":\"fr-FR\"},{\"@type\":\"WebPage\",\"@id\":\"https:\/\/www.holstein.ch\/fr\/suspension-des-prestations-questions-et-reponses\/\",\"url\":\"https:\/\/www.holstein.ch\/fr\/suspension-des-prestations-questions-et-reponses\/\",\"name\":\"Suspension des prestations : Questions et r\u00e9ponses - Holstein Switzerland\",\"isPartOf\":{\"@id\":\"https:\/\/www.holstein.ch\/fr\/#website\"},\"primaryImageOfPage\":{\"@id\":\"https:\/\/www.holstein.ch\/fr\/suspension-des-prestations-questions-et-reponses\/#primaryimage\"},\"image\":{\"@id\":\"https:\/\/www.holstein.ch\/fr\/suspension-des-prestations-questions-et-reponses\/#primaryimage\"},\"thumbnailUrl\":\"https:\/\/www.holstein.ch\/wp-content\/uploads\/FAQimgSquare.jpg\",\"datePublished\":\"2020-03-18T15:37:58+00:00\",\"dateModified\":\"2023-09-28T07:41:43+00:00\",\"breadcrumb\":{\"@id\":\"https:\/\/www.holstein.ch\/fr\/suspension-des-prestations-questions-et-reponses\/#breadcrumb\"},\"inLanguage\":\"fr-FR\",\"potentialAction\":[{\"@type\":\"ReadAction\",\"target\":[\"https:\/\/www.holstein.ch\/fr\/suspension-des-prestations-questions-et-reponses\/\"]}]},{\"@type\":\"ImageObject\",\"inLanguage\":\"fr-FR\",\"@id\":\"https:\/\/www.holstein.ch\/fr\/suspension-des-prestations-questions-et-reponses\/#primaryimage\",\"url\":\"https:\/\/www.holstein.ch\/wp-content\/uploads\/FAQimgSquare.jpg\",\"contentUrl\":\"https:\/\/www.holstein.ch\/wp-content\/uploads\/FAQimgSquare.jpg\",\"width\":1080,\"height\":1080},{\"@type\":\"BreadcrumbList\",\"@id\":\"https:\/\/www.holstein.ch\/fr\/suspension-des-prestations-questions-et-reponses\/#breadcrumb\",\"itemListElement\":[{\"@type\":\"ListItem\",\"position\":1,\"name\":\"Autres actualit\u00e9s\",\"item\":\"https:\/\/www.holstein.ch\/fr\/publications\/autres-actualites\/\"},{\"@type\":\"ListItem\",\"position\":2,\"name\":\"Suspension des prestations : Questions et r\u00e9ponses\"}]},{\"@type\":\"WebSite\",\"@id\":\"https:\/\/www.holstein.ch\/fr\/#website\",\"url\":\"https:\/\/www.holstein.ch\/fr\/\",\"name\":\"Holstein Switzerland\",\"description\":\"Holstein Switzerland\",\"publisher\":{\"@id\":\"https:\/\/www.holstein.ch\/fr\/#organization\"},\"potentialAction\":[{\"@type\":\"SearchAction\",\"target\":{\"@type\":\"EntryPoint\",\"urlTemplate\":\"https:\/\/www.holstein.ch\/fr\/?s={search_term_string}\"},\"query-input\":{\"@type\":\"PropertyValueSpecification\",\"valueRequired\":true,\"valueName\":\"search_term_string\"}}],\"inLanguage\":\"fr-FR\"},{\"@type\":\"Organization\",\"@id\":\"https:\/\/www.holstein.ch\/fr\/#organization\",\"name\":\"Holstein Switzerland\",\"url\":\"https:\/\/www.holstein.ch\/fr\/\",\"logo\":{\"@type\":\"ImageObject\",\"inLanguage\":\"fr-FR\",\"@id\":\"https:\/\/www.holstein.ch\/fr\/#\/schema\/logo\/image\/\",\"url\":\"https:\/\/www.holstein.ch\/wp-content\/uploads\/2023\/09\/holstein_switzerland_logo.png\",\"contentUrl\":\"https:\/\/www.holstein.ch\/wp-content\/uploads\/2023\/09\/holstein_switzerland_logo.png\",\"width\":800,\"height\":621,\"caption\":\"Holstein Switzerland\"},\"image\":{\"@id\":\"https:\/\/www.holstein.ch\/fr\/#\/schema\/logo\/image\/\"},\"sameAs\":[\"https:\/\/www.facebook.com\/HolSwi\",\"https:\/\/www.youtube.com\/@holsteinswitzerland\",\"https:\/\/www.instagram.com\/holstein_switzerland\"]},{\"@type\":\"Person\",\"@id\":\"https:\/\/www.holstein.ch\/fr\/#\/schema\/person\/a2ace477ff3383343477ba270f4888d4\",\"name\":\"Patrick Monod\",\"image\":{\"@type\":\"ImageObject\",\"inLanguage\":\"fr-FR\",\"@id\":\"https:\/\/www.holstein.ch\/fr\/#\/schema\/person\/image\/\",\"url\":\"https:\/\/secure.gravatar.com\/avatar\/07a4bcc52c1860dda0c210cc06a14fb51c110e3cb89aa716a61b79b9e9bf5efd?s=96&d=mm&r=g\",\"contentUrl\":\"https:\/\/secure.gravatar.com\/avatar\/07a4bcc52c1860dda0c210cc06a14fb51c110e3cb89aa716a61b79b9e9bf5efd?s=96&d=mm&r=g\",\"caption\":\"Patrick Monod\"}}]}<\/script>\n<!-- \/ Yoast SEO plugin. -->","yoast_head_json":{"title":"Suspension des prestations : Questions et r\u00e9ponses - Holstein Switzerland","robots":{"index":"index","follow":"follow","max-snippet":"max-snippet:-1","max-image-preview":"max-image-preview:large","max-video-preview":"max-video-preview:-1"},"canonical":"https:\/\/www.holstein.ch\/fr\/suspension-des-prestations-questions-et-reponses\/","og_locale":"fr_FR","og_type":"article","og_title":"Suspension des prestations : Questions et r\u00e9ponses - Holstein Switzerland","og_description":"[vc_row][vc_column][vc_column_text]Le communiqu\u00e9 du 16 mars 2020 concernant la suspension imm\u00e9diate de diverses prestations provoque de nombreuses questions. Nous sommes \u00e0 votre disposition au 026\u00a0305 59 00 ou info@holstein.ch. Afin d\u2019\u00e9viter de surcharger nos collaboratrices et collaborateurs, nous avons pr\u00e9par\u00e9 ci-apr\u00e8s les r\u00e9ponses aux questions les plus fr\u00e9quentes\u00a0: Contr\u00f4le laitier Jusqu&#8217;\u00e0 quand le contr\u00f4le laitier peut-il [&hellip;]","og_url":"https:\/\/www.holstein.ch\/fr\/suspension-des-prestations-questions-et-reponses\/","og_site_name":"Holstein Switzerland","article_publisher":"https:\/\/www.facebook.com\/HolSwi","article_published_time":"2020-03-18T15:37:58+00:00","article_modified_time":"2023-09-28T07:41:43+00:00","og_image":[{"width":1080,"height":1080,"url":"https:\/\/www.holstein.ch\/wp-content\/uploads\/FAQimgSquare.jpg","type":"image\/jpeg"}],"author":"Patrick Monod","twitter_card":"summary_large_image","twitter_misc":{"\u00c9crit par":"Patrick Monod","Dur\u00e9e de lecture estim\u00e9e":"3 minutes"},"schema":{"@context":"https:\/\/schema.org","@graph":[{"@type":"NewsArticle","@id":"https:\/\/www.holstein.ch\/fr\/suspension-des-prestations-questions-et-reponses\/#article","isPartOf":{"@id":"https:\/\/www.holstein.ch\/fr\/suspension-des-prestations-questions-et-reponses\/"},"author":{"name":"Patrick Monod","@id":"https:\/\/www.holstein.ch\/fr\/#\/schema\/person\/a2ace477ff3383343477ba270f4888d4"},"headline":"Suspension des prestations : Questions et r\u00e9ponses","datePublished":"2020-03-18T15:37:58+00:00","dateModified":"2023-09-28T07:41:43+00:00","mainEntityOfPage":{"@id":"https:\/\/www.holstein.ch\/fr\/suspension-des-prestations-questions-et-reponses\/"},"wordCount":541,"commentCount":0,"publisher":{"@id":"https:\/\/www.holstein.ch\/fr\/#organization"},"image":{"@id":"https:\/\/www.holstein.ch\/fr\/suspension-des-prestations-questions-et-reponses\/#primaryimage"},"thumbnailUrl":"https:\/\/www.holstein.ch\/wp-content\/uploads\/FAQimgSquare.jpg","articleSection":["Autres actualit\u00e9s"],"inLanguage":"fr-FR"},{"@type":"WebPage","@id":"https:\/\/www.holstein.ch\/fr\/suspension-des-prestations-questions-et-reponses\/","url":"https:\/\/www.holstein.ch\/fr\/suspension-des-prestations-questions-et-reponses\/","name":"Suspension des prestations : Questions et r\u00e9ponses - Holstein Switzerland","isPartOf":{"@id":"https:\/\/www.holstein.ch\/fr\/#website"},"primaryImageOfPage":{"@id":"https:\/\/www.holstein.ch\/fr\/suspension-des-prestations-questions-et-reponses\/#primaryimage"},"image":{"@id":"https:\/\/www.holstein.ch\/fr\/suspension-des-prestations-questions-et-reponses\/#primaryimage"},"thumbnailUrl":"https:\/\/www.holstein.ch\/wp-content\/uploads\/FAQimgSquare.jpg","datePublished":"2020-03-18T15:37:58+00:00","dateModified":"2023-09-28T07:41:43+00:00","breadcrumb":{"@id":"https:\/\/www.holstein.ch\/fr\/suspension-des-prestations-questions-et-reponses\/#breadcrumb"},"inLanguage":"fr-FR","potentialAction":[{"@type":"ReadAction","target":["https:\/\/www.holstein.ch\/fr\/suspension-des-prestations-questions-et-reponses\/"]}]},{"@type":"ImageObject","inLanguage":"fr-FR","@id":"https:\/\/www.holstein.ch\/fr\/suspension-des-prestations-questions-et-reponses\/#primaryimage","url":"https:\/\/www.holstein.ch\/wp-content\/uploads\/FAQimgSquare.jpg","contentUrl":"https:\/\/www.holstein.ch\/wp-content\/uploads\/FAQimgSquare.jpg","width":1080,"height":1080},{"@type":"BreadcrumbList","@id":"https:\/\/www.holstein.ch\/fr\/suspension-des-prestations-questions-et-reponses\/#breadcrumb","itemListElement":[{"@type":"ListItem","position":1,"name":"Autres actualit\u00e9s","item":"https:\/\/www.holstein.ch\/fr\/publications\/autres-actualites\/"},{"@type":"ListItem","position":2,"name":"Suspension des prestations : Questions et r\u00e9ponses"}]},{"@type":"WebSite","@id":"https:\/\/www.holstein.ch\/fr\/#website","url":"https:\/\/www.holstein.ch\/fr\/","name":"Holstein Switzerland","description":"Holstein Switzerland","publisher":{"@id":"https:\/\/www.holstein.ch\/fr\/#organization"},"potentialAction":[{"@type":"SearchAction","target":{"@type":"EntryPoint","urlTemplate":"https:\/\/www.holstein.ch\/fr\/?s={search_term_string}"},"query-input":{"@type":"PropertyValueSpecification","valueRequired":true,"valueName":"search_term_string"}}],"inLanguage":"fr-FR"},{"@type":"Organization","@id":"https:\/\/www.holstein.ch\/fr\/#organization","name":"Holstein Switzerland","url":"https:\/\/www.holstein.ch\/fr\/","logo":{"@type":"ImageObject","inLanguage":"fr-FR","@id":"https:\/\/www.holstein.ch\/fr\/#\/schema\/logo\/image\/","url":"https:\/\/www.holstein.ch\/wp-content\/uploads\/2023\/09\/holstein_switzerland_logo.png","contentUrl":"https:\/\/www.holstein.ch\/wp-content\/uploads\/2023\/09\/holstein_switzerland_logo.png","width":800,"height":621,"caption":"Holstein Switzerland"},"image":{"@id":"https:\/\/www.holstein.ch\/fr\/#\/schema\/logo\/image\/"},"sameAs":["https:\/\/www.facebook.com\/HolSwi","https:\/\/www.youtube.com\/@holsteinswitzerland","https:\/\/www.instagram.com\/holstein_switzerland"]},{"@type":"Person","@id":"https:\/\/www.holstein.ch\/fr\/#\/schema\/person\/a2ace477ff3383343477ba270f4888d4","name":"Patrick Monod","image":{"@type":"ImageObject","inLanguage":"fr-FR","@id":"https:\/\/www.holstein.ch\/fr\/#\/schema\/person\/image\/","url":"https:\/\/secure.gravatar.com\/avatar\/07a4bcc52c1860dda0c210cc06a14fb51c110e3cb89aa716a61b79b9e9bf5efd?s=96&d=mm&r=g","contentUrl":"https:\/\/secure.gravatar.com\/avatar\/07a4bcc52c1860dda0c210cc06a14fb51c110e3cb89aa716a61b79b9e9bf5efd?s=96&d=mm&r=g","caption":"Patrick Monod"}}]}},"_links":{"self":[{"href":"https:\/\/www.holstein.ch\/fr\/wp-json\/wp\/v2\/posts\/14009","targetHints":{"allow":["GET"]}}],"collection":[{"href":"https:\/\/www.holstein.ch\/fr\/wp-json\/wp\/v2\/posts"}],"about":[{"href":"https:\/\/www.holstein.ch\/fr\/wp-json\/wp\/v2\/types\/post"}],"author":[{"embeddable":true,"href":"https:\/\/www.holstein.ch\/fr\/wp-json\/wp\/v2\/users\/2"}],"replies":[{"embeddable":true,"href":"https:\/\/www.holstein.ch\/fr\/wp-json\/wp\/v2\/comments?post=14009"}],"version-history":[{"count":1,"href":"https:\/\/www.holstein.ch\/fr\/wp-json\/wp\/v2\/posts\/14009\/revisions"}],"predecessor-version":[{"id":24925,"href":"https:\/\/www.holstein.ch\/fr\/wp-json\/wp\/v2\/posts\/14009\/revisions\/24925"}],"wp:featuredmedia":[{"embeddable":true,"href":"https:\/\/www.holstein.ch\/fr\/wp-json\/wp\/v2\/media\/14007"}],"wp:attachment":[{"href":"https:\/\/www.holstein.ch\/fr\/wp-json\/wp\/v2\/media?parent=14009"}],"wp:term":[{"taxonomy":"category","embeddable":true,"href":"https:\/\/www.holstein.ch\/fr\/wp-json\/wp\/v2\/categories?post=14009"},{"taxonomy":"post_tag","embeddable":true,"href":"https:\/\/www.holstein.ch\/fr\/wp-json\/wp\/v2\/tags?post=14009"}],"curies":[{"name":"wp","href":"https:\/\/api.w.org\/{rel}","templated":true}]}}