{"id":14219,"date":"2020-04-27T17:11:05","date_gmt":"2020-04-27T15:11:05","guid":{"rendered":"https:\/\/www.holstein.ch\/?p=14219"},"modified":"2023-09-28T09:41:42","modified_gmt":"2023-09-28T07:41:42","slug":"cest-reparti-lelection-de-la-vache-holstein-switzerland-de-lannee-2020-est-lancee","status":"publish","type":"post","link":"https:\/\/www.holstein.ch\/fr\/cest-reparti-lelection-de-la-vache-holstein-switzerland-de-lannee-2020-est-lancee\/","title":{"rendered":"C\u2019est reparti : l&#8217;\u00e9lection de la \u00ab Vache Holstein Switzerland de l&#8217;ann\u00e9e 2020 \u00bb est lanc\u00e9e !"},"content":{"rendered":"<p>[vc_row][vc_column css=&#8221;.vc_custom_1588000397433{margin-bottom: 40px !important;}&#8221;][vc_column_text]<em>Stephan Schneider\u00a0<\/em><\/p>\n<p><strong>Apr\u00e8s la grande premi\u00e8re de l&#8217;ann\u00e9e derni\u00e8re, nous entrons maintenant dans le deuxi\u00e8me tour. Une fois de plus, Holstein Switzerland, en coop\u00e9ration avec Holstein International\/KuhFacto, organise l&#8217;\u00e9lection de la &#8220;Vache Holstein Switzerland de l&#8217;ann\u00e9e 2020&#8221;. Apr\u00e8s la phase de nomination et la s\u00e9lection des candidates finales, les cinq premi\u00e8res ont \u00e9t\u00e9 d\u00e9termin\u00e9es, et c\u2019est un excellent groupe de vaches que nous pr\u00e9sentons \u00e0 votre choix. C&#8217;est donc \u00e0 vous de d\u00e9cider laquelle des cinq finalistes recevra votre vote et la distinction offerte par Holstein Switzerland. <\/strong><\/p>\n<p>[\/vc_column_text][vc_column_text]<\/p>\n<p>Alors que le titre a \u00e9t\u00e9 remport\u00e9 l&#8217;ann\u00e9e derni\u00e8re par Baugosse Goldwyn Melodie de l&#8217;\u00e9curie de Silvio Baume, il y aura une nouvelle vache Holstein Switzerland de l&#8217;ann\u00e9e en 2020. Le fait que ce titre ait un statut tr\u00e8s particulier est \u00e9galement d\u00fb au fait que c\u2019est vous qui nominez les candidates et qui \u00e9lisez votre favorite\u00a0! Apr\u00e8s tout, la vache de l&#8217;ann\u00e9e est le seul v\u00e9ritable prix du public qui puisse \u00eatre remport\u00e9 dans l&#8217;\u00e9levage suisse de la Holstein. Bien s\u00fbr, les cinq vaches impressionnantes qui sont candidates \u00e0 l&#8217;\u00e9lection ont \u00e9t\u00e9 nomin\u00e9es pour leurs performances d&#8217;\u00e9levage, mais c&#8217;est maintenant \u00e0 vous de faire votre choix. Le r\u00e9sultat du vote et avec lui la nouvelle vache de l&#8217;ann\u00e9e seront annonc\u00e9s cet \u00e9t\u00e9, lors des Holstein Awards, organis\u00e9s par Holstein Switzerland. Et n\u2019oubliez pas\u00a0: par votre vote, vous d\u00e9signerez \u00e9galement la vache qui repr\u00e9sentera la Suisse en automne lors de l&#8217;\u00e9lection tout aussi traditionnelle et importante de la &#8220;Vache internationale de l&#8217;ann\u00e9e&#8221;.<\/p>\n<p>[\/vc_column_text][vc_column_text]<\/p>\n<h3><\/h3>\n<h3>L&#8217;\u00c9LECTION<\/h3>\n<p>C&#8217;est donc \u00e0 vous de prendre une d\u00e9cision. Prenez le temps pour \u00e9tudier attentivement les candidates d\u00e9crites et leurs performances d&#8217;\u00e9levage. Avez-vous fait votre choix ? Inscrivez ensuite votre favorite sur le formulaire ci-joint. N&#8217;oubliez pas d&#8217;indiquer votre nom et votre adresse. Un commentaire sur votre choix est \u00e9galement le bienvenu. Tous les membres de Holstein Switzerland et tous les lecteurs de HI\/KuhFacto peuvent participer. Un seul vote est possible par membre et par cotisation. Envoyez le formulaire rempli par courrier (Route de Grangeneuve 27, CH-1725 Posieux) ou sous forme \u00e9lectronique par courriel (<a href=\"mailto:info@holstein.ch\">info@holstein.ch<\/a> ou <a href=\"mailto:st_kuhfacto@yahoo.de\">st_kuhfacto@yahoo.de<\/a>) \u00e0 Holstein Switzerland ou HI\/KuhFacto. En m\u00eame temps, tous les membres de Holstein Switzerland et tous les lecteurs de HI\/KuhFacto pour lesquels nous avons un contact par courriel recevront dans les prochains jours un e-mail qui contiendra une fonction de r\u00e9ponse pour voter simplement par voie num\u00e9rique. La date limite pour le vote est fix\u00e9e au 31 mai 2020, mais amusez-vous bien \u00e0 analyser les candidates et bonne chance pour le vote de la &#8220;Vache Holstein Switzerland de l&#8217;ann\u00e9e 2020&#8243;.[\/vc_column_text][\/vc_column][\/vc_row][vc_row css=&#8221;.vc_custom_1588007433596{margin-bottom: 30px !important;}&#8221;][vc_column][vc_btn title=&#8221;Ouvrir le PDF&#8221; color=&#8221;turquoise&#8221; size=&#8221;lg&#8221; align=&#8221;center&#8221; button_block=&#8221;true&#8221; link=&#8221;url:https%3A%2F%2Fwww.holstein.ch%2Fwp-content%2Fuploads%2FKuh-des-Jahres-2020-F.pdf|title:Vers%20le%20PDF|target:%20_blank|&#8221; css=&#8221;.vc_custom_1588007388504{margin-bottom: 30px !important;}&#8221;][\/vc_column][\/vc_row]<\/p>\n","protected":false},"excerpt":{"rendered":"<p>[vc_row][vc_column css=&#8221;.vc_custom_1588000397433{margin-bottom: 40px !important;}&#8221;][vc_column_text]Stephan Schneider\u00a0 Apr\u00e8s la grande premi\u00e8re de l&#8217;ann\u00e9e derni\u00e8re, nous entrons maintenant dans le deuxi\u00e8me tour. Une fois de plus, Holstein Switzerland, en coop\u00e9ration avec Holstein International\/KuhFacto, organise l&#8217;\u00e9lection de la &#8220;Vache Holstein Switzerland de l&#8217;ann\u00e9e 2020&#8221;. Apr\u00e8s la phase de nomination et la s\u00e9lection des candidates finales, les cinq premi\u00e8res ont [&hellip;]<\/p>\n","protected":false},"author":42,"featured_media":13739,"comment_status":"open","ping_status":"open","sticky":false,"template":"","format":"standard","meta":{"_acf_changed":false,"_monsterinsights_skip_tracking":false,"_monsterinsights_sitenote_active":false,"_monsterinsights_sitenote_note":"","_monsterinsights_sitenote_category":0,"footnotes":""},"categories":[599],"tags":[],"class_list":["post-14219","post","type-post","status-publish","format-standard","has-post-thumbnail","hentry","category-autres-actualites"],"acf":[],"yoast_head":"<!-- This site is optimized with the Yoast SEO plugin v26.9 - https:\/\/yoast.com\/product\/yoast-seo-wordpress\/ -->\n<title>C\u2019est reparti : l&#039;\u00e9lection de la \u00ab Vache Holstein Switzerland de l&#039;ann\u00e9e 2020 \u00bb est lanc\u00e9e ! - Holstein Switzerland<\/title>\n<meta name=\"robots\" content=\"index, follow, max-snippet:-1, max-image-preview:large, max-video-preview:-1\" \/>\n<link rel=\"canonical\" href=\"https:\/\/www.holstein.ch\/fr\/cest-reparti-lelection-de-la-vache-holstein-switzerland-de-lannee-2020-est-lancee\/\" \/>\n<meta property=\"og:locale\" content=\"fr_FR\" \/>\n<meta property=\"og:type\" content=\"article\" \/>\n<meta property=\"og:title\" content=\"C\u2019est reparti : l&#039;\u00e9lection de la \u00ab Vache Holstein Switzerland de l&#039;ann\u00e9e 2020 \u00bb est lanc\u00e9e ! - Holstein Switzerland\" \/>\n<meta property=\"og:description\" content=\"[vc_row][vc_column css=&#8221;.vc_custom_1588000397433{margin-bottom: 40px !important;}&#8221;][vc_column_text]Stephan Schneider\u00a0 Apr\u00e8s la grande premi\u00e8re de l&#8217;ann\u00e9e derni\u00e8re, nous entrons maintenant dans le deuxi\u00e8me tour. Une fois de plus, Holstein Switzerland, en coop\u00e9ration avec Holstein International\/KuhFacto, organise l&#8217;\u00e9lection de la &#8220;Vache Holstein Switzerland de l&#8217;ann\u00e9e 2020&#8221;. Apr\u00e8s la phase de nomination et la s\u00e9lection des candidates finales, les cinq premi\u00e8res ont [&hellip;]\" \/>\n<meta property=\"og:url\" content=\"https:\/\/www.holstein.ch\/fr\/cest-reparti-lelection-de-la-vache-holstein-switzerland-de-lannee-2020-est-lancee\/\" \/>\n<meta property=\"og:site_name\" content=\"Holstein Switzerland\" \/>\n<meta property=\"article:publisher\" content=\"https:\/\/www.facebook.com\/HolSwi\" \/>\n<meta property=\"article:published_time\" content=\"2020-04-27T15:11:05+00:00\" \/>\n<meta property=\"article:modified_time\" content=\"2023-09-28T07:41:42+00:00\" \/>\n<meta property=\"og:image\" content=\"https:\/\/www.holstein.ch\/wp-content\/uploads\/IMG_E2629-2.jpg\" \/>\n\t<meta property=\"og:image:width\" content=\"1746\" \/>\n\t<meta property=\"og:image:height\" content=\"2328\" \/>\n\t<meta property=\"og:image:type\" content=\"image\/jpeg\" \/>\n<meta name=\"author\" content=\"Marie-Jos\u00e9 Rossier\" \/>\n<meta name=\"twitter:card\" content=\"summary_large_image\" \/>\n<meta name=\"twitter:label1\" content=\"\u00c9crit par\" \/>\n\t<meta name=\"twitter:data1\" content=\"Marie-Jos\u00e9 Rossier\" \/>\n\t<meta name=\"twitter:label2\" content=\"Dur\u00e9e de lecture estim\u00e9e\" \/>\n\t<meta name=\"twitter:data2\" content=\"3 minutes\" \/>\n<script type=\"application\/ld+json\" class=\"yoast-schema-graph\">{\"@context\":\"https:\/\/schema.org\",\"@graph\":[{\"@type\":\"NewsArticle\",\"@id\":\"https:\/\/www.holstein.ch\/fr\/cest-reparti-lelection-de-la-vache-holstein-switzerland-de-lannee-2020-est-lancee\/#article\",\"isPartOf\":{\"@id\":\"https:\/\/www.holstein.ch\/fr\/cest-reparti-lelection-de-la-vache-holstein-switzerland-de-lannee-2020-est-lancee\/\"},\"author\":{\"name\":\"Marie-Jos\u00e9 Rossier\",\"@id\":\"https:\/\/www.holstein.ch\/fr\/#\/schema\/person\/91e83d490a3dfd0906e65d37ecbcbfb6\"},\"headline\":\"C\u2019est reparti : l&#8217;\u00e9lection de la \u00ab Vache Holstein Switzerland de l&#8217;ann\u00e9e 2020 \u00bb est lanc\u00e9e !\",\"datePublished\":\"2020-04-27T15:11:05+00:00\",\"dateModified\":\"2023-09-28T07:41:42+00:00\",\"mainEntityOfPage\":{\"@id\":\"https:\/\/www.holstein.ch\/fr\/cest-reparti-lelection-de-la-vache-holstein-switzerland-de-lannee-2020-est-lancee\/\"},\"wordCount\":585,\"commentCount\":0,\"publisher\":{\"@id\":\"https:\/\/www.holstein.ch\/fr\/#organization\"},\"image\":{\"@id\":\"https:\/\/www.holstein.ch\/fr\/cest-reparti-lelection-de-la-vache-holstein-switzerland-de-lannee-2020-est-lancee\/#primaryimage\"},\"thumbnailUrl\":\"https:\/\/www.holstein.ch\/wp-content\/uploads\/IMG_E2629-2.jpg\",\"articleSection\":[\"Autres actualit\u00e9s\"],\"inLanguage\":\"fr-FR\"},{\"@type\":\"WebPage\",\"@id\":\"https:\/\/www.holstein.ch\/fr\/cest-reparti-lelection-de-la-vache-holstein-switzerland-de-lannee-2020-est-lancee\/\",\"url\":\"https:\/\/www.holstein.ch\/fr\/cest-reparti-lelection-de-la-vache-holstein-switzerland-de-lannee-2020-est-lancee\/\",\"name\":\"C\u2019est reparti : l'\u00e9lection de la \u00ab Vache Holstein Switzerland de l'ann\u00e9e 2020 \u00bb est lanc\u00e9e ! - Holstein Switzerland\",\"isPartOf\":{\"@id\":\"https:\/\/www.holstein.ch\/fr\/#website\"},\"primaryImageOfPage\":{\"@id\":\"https:\/\/www.holstein.ch\/fr\/cest-reparti-lelection-de-la-vache-holstein-switzerland-de-lannee-2020-est-lancee\/#primaryimage\"},\"image\":{\"@id\":\"https:\/\/www.holstein.ch\/fr\/cest-reparti-lelection-de-la-vache-holstein-switzerland-de-lannee-2020-est-lancee\/#primaryimage\"},\"thumbnailUrl\":\"https:\/\/www.holstein.ch\/wp-content\/uploads\/IMG_E2629-2.jpg\",\"datePublished\":\"2020-04-27T15:11:05+00:00\",\"dateModified\":\"2023-09-28T07:41:42+00:00\",\"breadcrumb\":{\"@id\":\"https:\/\/www.holstein.ch\/fr\/cest-reparti-lelection-de-la-vache-holstein-switzerland-de-lannee-2020-est-lancee\/#breadcrumb\"},\"inLanguage\":\"fr-FR\",\"potentialAction\":[{\"@type\":\"ReadAction\",\"target\":[\"https:\/\/www.holstein.ch\/fr\/cest-reparti-lelection-de-la-vache-holstein-switzerland-de-lannee-2020-est-lancee\/\"]}]},{\"@type\":\"ImageObject\",\"inLanguage\":\"fr-FR\",\"@id\":\"https:\/\/www.holstein.ch\/fr\/cest-reparti-lelection-de-la-vache-holstein-switzerland-de-lannee-2020-est-lancee\/#primaryimage\",\"url\":\"https:\/\/www.holstein.ch\/wp-content\/uploads\/IMG_E2629-2.jpg\",\"contentUrl\":\"https:\/\/www.holstein.ch\/wp-content\/uploads\/IMG_E2629-2.jpg\",\"width\":1746,\"height\":2328},{\"@type\":\"BreadcrumbList\",\"@id\":\"https:\/\/www.holstein.ch\/fr\/cest-reparti-lelection-de-la-vache-holstein-switzerland-de-lannee-2020-est-lancee\/#breadcrumb\",\"itemListElement\":[{\"@type\":\"ListItem\",\"position\":1,\"name\":\"Autres actualit\u00e9s\",\"item\":\"https:\/\/www.holstein.ch\/fr\/publications\/autres-actualites\/\"},{\"@type\":\"ListItem\",\"position\":2,\"name\":\"C\u2019est reparti : l&#8217;\u00e9lection de la \u00ab Vache Holstein Switzerland de l&#8217;ann\u00e9e 2020 \u00bb est lanc\u00e9e !\"}]},{\"@type\":\"WebSite\",\"@id\":\"https:\/\/www.holstein.ch\/fr\/#website\",\"url\":\"https:\/\/www.holstein.ch\/fr\/\",\"name\":\"Holstein Switzerland\",\"description\":\"Holstein Switzerland\",\"publisher\":{\"@id\":\"https:\/\/www.holstein.ch\/fr\/#organization\"},\"potentialAction\":[{\"@type\":\"SearchAction\",\"target\":{\"@type\":\"EntryPoint\",\"urlTemplate\":\"https:\/\/www.holstein.ch\/fr\/?s={search_term_string}\"},\"query-input\":{\"@type\":\"PropertyValueSpecification\",\"valueRequired\":true,\"valueName\":\"search_term_string\"}}],\"inLanguage\":\"fr-FR\"},{\"@type\":\"Organization\",\"@id\":\"https:\/\/www.holstein.ch\/fr\/#organization\",\"name\":\"Holstein Switzerland\",\"url\":\"https:\/\/www.holstein.ch\/fr\/\",\"logo\":{\"@type\":\"ImageObject\",\"inLanguage\":\"fr-FR\",\"@id\":\"https:\/\/www.holstein.ch\/fr\/#\/schema\/logo\/image\/\",\"url\":\"https:\/\/www.holstein.ch\/wp-content\/uploads\/2023\/09\/holstein_switzerland_logo.png\",\"contentUrl\":\"https:\/\/www.holstein.ch\/wp-content\/uploads\/2023\/09\/holstein_switzerland_logo.png\",\"width\":800,\"height\":621,\"caption\":\"Holstein Switzerland\"},\"image\":{\"@id\":\"https:\/\/www.holstein.ch\/fr\/#\/schema\/logo\/image\/\"},\"sameAs\":[\"https:\/\/www.facebook.com\/HolSwi\",\"https:\/\/www.youtube.com\/@holsteinswitzerland\",\"https:\/\/www.instagram.com\/holstein_switzerland\"]},{\"@type\":\"Person\",\"@id\":\"https:\/\/www.holstein.ch\/fr\/#\/schema\/person\/91e83d490a3dfd0906e65d37ecbcbfb6\",\"name\":\"Marie-Jos\u00e9 Rossier\",\"image\":{\"@type\":\"ImageObject\",\"inLanguage\":\"fr-FR\",\"@id\":\"https:\/\/www.holstein.ch\/fr\/#\/schema\/person\/image\/\",\"url\":\"https:\/\/secure.gravatar.com\/avatar\/68ae16187ec4e6b8556e0e811e57dcb7c21c138f955e02087102f283ee2b3bb6?s=96&d=mm&r=g\",\"contentUrl\":\"https:\/\/secure.gravatar.com\/avatar\/68ae16187ec4e6b8556e0e811e57dcb7c21c138f955e02087102f283ee2b3bb6?s=96&d=mm&r=g\",\"caption\":\"Marie-Jos\u00e9 Rossier\"}}]}<\/script>\n<!-- \/ Yoast SEO plugin. -->","yoast_head_json":{"title":"C\u2019est reparti : l'\u00e9lection de la \u00ab Vache Holstein Switzerland de l'ann\u00e9e 2020 \u00bb est lanc\u00e9e ! - Holstein Switzerland","robots":{"index":"index","follow":"follow","max-snippet":"max-snippet:-1","max-image-preview":"max-image-preview:large","max-video-preview":"max-video-preview:-1"},"canonical":"https:\/\/www.holstein.ch\/fr\/cest-reparti-lelection-de-la-vache-holstein-switzerland-de-lannee-2020-est-lancee\/","og_locale":"fr_FR","og_type":"article","og_title":"C\u2019est reparti : l'\u00e9lection de la \u00ab Vache Holstein Switzerland de l'ann\u00e9e 2020 \u00bb est lanc\u00e9e ! - Holstein Switzerland","og_description":"[vc_row][vc_column css=&#8221;.vc_custom_1588000397433{margin-bottom: 40px !important;}&#8221;][vc_column_text]Stephan Schneider\u00a0 Apr\u00e8s la grande premi\u00e8re de l&#8217;ann\u00e9e derni\u00e8re, nous entrons maintenant dans le deuxi\u00e8me tour. Une fois de plus, Holstein Switzerland, en coop\u00e9ration avec Holstein International\/KuhFacto, organise l&#8217;\u00e9lection de la &#8220;Vache Holstein Switzerland de l&#8217;ann\u00e9e 2020&#8221;. Apr\u00e8s la phase de nomination et la s\u00e9lection des candidates finales, les cinq premi\u00e8res ont [&hellip;]","og_url":"https:\/\/www.holstein.ch\/fr\/cest-reparti-lelection-de-la-vache-holstein-switzerland-de-lannee-2020-est-lancee\/","og_site_name":"Holstein Switzerland","article_publisher":"https:\/\/www.facebook.com\/HolSwi","article_published_time":"2020-04-27T15:11:05+00:00","article_modified_time":"2023-09-28T07:41:42+00:00","og_image":[{"width":1746,"height":2328,"url":"https:\/\/www.holstein.ch\/wp-content\/uploads\/IMG_E2629-2.jpg","type":"image\/jpeg"}],"author":"Marie-Jos\u00e9 Rossier","twitter_card":"summary_large_image","twitter_misc":{"\u00c9crit par":"Marie-Jos\u00e9 Rossier","Dur\u00e9e de lecture estim\u00e9e":"3 minutes"},"schema":{"@context":"https:\/\/schema.org","@graph":[{"@type":"NewsArticle","@id":"https:\/\/www.holstein.ch\/fr\/cest-reparti-lelection-de-la-vache-holstein-switzerland-de-lannee-2020-est-lancee\/#article","isPartOf":{"@id":"https:\/\/www.holstein.ch\/fr\/cest-reparti-lelection-de-la-vache-holstein-switzerland-de-lannee-2020-est-lancee\/"},"author":{"name":"Marie-Jos\u00e9 Rossier","@id":"https:\/\/www.holstein.ch\/fr\/#\/schema\/person\/91e83d490a3dfd0906e65d37ecbcbfb6"},"headline":"C\u2019est reparti : l&#8217;\u00e9lection de la \u00ab Vache Holstein Switzerland de l&#8217;ann\u00e9e 2020 \u00bb est lanc\u00e9e !","datePublished":"2020-04-27T15:11:05+00:00","dateModified":"2023-09-28T07:41:42+00:00","mainEntityOfPage":{"@id":"https:\/\/www.holstein.ch\/fr\/cest-reparti-lelection-de-la-vache-holstein-switzerland-de-lannee-2020-est-lancee\/"},"wordCount":585,"commentCount":0,"publisher":{"@id":"https:\/\/www.holstein.ch\/fr\/#organization"},"image":{"@id":"https:\/\/www.holstein.ch\/fr\/cest-reparti-lelection-de-la-vache-holstein-switzerland-de-lannee-2020-est-lancee\/#primaryimage"},"thumbnailUrl":"https:\/\/www.holstein.ch\/wp-content\/uploads\/IMG_E2629-2.jpg","articleSection":["Autres actualit\u00e9s"],"inLanguage":"fr-FR"},{"@type":"WebPage","@id":"https:\/\/www.holstein.ch\/fr\/cest-reparti-lelection-de-la-vache-holstein-switzerland-de-lannee-2020-est-lancee\/","url":"https:\/\/www.holstein.ch\/fr\/cest-reparti-lelection-de-la-vache-holstein-switzerland-de-lannee-2020-est-lancee\/","name":"C\u2019est reparti : l'\u00e9lection de la \u00ab Vache Holstein Switzerland de l'ann\u00e9e 2020 \u00bb est lanc\u00e9e ! - Holstein Switzerland","isPartOf":{"@id":"https:\/\/www.holstein.ch\/fr\/#website"},"primaryImageOfPage":{"@id":"https:\/\/www.holstein.ch\/fr\/cest-reparti-lelection-de-la-vache-holstein-switzerland-de-lannee-2020-est-lancee\/#primaryimage"},"image":{"@id":"https:\/\/www.holstein.ch\/fr\/cest-reparti-lelection-de-la-vache-holstein-switzerland-de-lannee-2020-est-lancee\/#primaryimage"},"thumbnailUrl":"https:\/\/www.holstein.ch\/wp-content\/uploads\/IMG_E2629-2.jpg","datePublished":"2020-04-27T15:11:05+00:00","dateModified":"2023-09-28T07:41:42+00:00","breadcrumb":{"@id":"https:\/\/www.holstein.ch\/fr\/cest-reparti-lelection-de-la-vache-holstein-switzerland-de-lannee-2020-est-lancee\/#breadcrumb"},"inLanguage":"fr-FR","potentialAction":[{"@type":"ReadAction","target":["https:\/\/www.holstein.ch\/fr\/cest-reparti-lelection-de-la-vache-holstein-switzerland-de-lannee-2020-est-lancee\/"]}]},{"@type":"ImageObject","inLanguage":"fr-FR","@id":"https:\/\/www.holstein.ch\/fr\/cest-reparti-lelection-de-la-vache-holstein-switzerland-de-lannee-2020-est-lancee\/#primaryimage","url":"https:\/\/www.holstein.ch\/wp-content\/uploads\/IMG_E2629-2.jpg","contentUrl":"https:\/\/www.holstein.ch\/wp-content\/uploads\/IMG_E2629-2.jpg","width":1746,"height":2328},{"@type":"BreadcrumbList","@id":"https:\/\/www.holstein.ch\/fr\/cest-reparti-lelection-de-la-vache-holstein-switzerland-de-lannee-2020-est-lancee\/#breadcrumb","itemListElement":[{"@type":"ListItem","position":1,"name":"Autres actualit\u00e9s","item":"https:\/\/www.holstein.ch\/fr\/publications\/autres-actualites\/"},{"@type":"ListItem","position":2,"name":"C\u2019est reparti : l&#8217;\u00e9lection de la \u00ab Vache Holstein Switzerland de l&#8217;ann\u00e9e 2020 \u00bb est lanc\u00e9e !"}]},{"@type":"WebSite","@id":"https:\/\/www.holstein.ch\/fr\/#website","url":"https:\/\/www.holstein.ch\/fr\/","name":"Holstein Switzerland","description":"Holstein Switzerland","publisher":{"@id":"https:\/\/www.holstein.ch\/fr\/#organization"},"potentialAction":[{"@type":"SearchAction","target":{"@type":"EntryPoint","urlTemplate":"https:\/\/www.holstein.ch\/fr\/?s={search_term_string}"},"query-input":{"@type":"PropertyValueSpecification","valueRequired":true,"valueName":"search_term_string"}}],"inLanguage":"fr-FR"},{"@type":"Organization","@id":"https:\/\/www.holstein.ch\/fr\/#organization","name":"Holstein Switzerland","url":"https:\/\/www.holstein.ch\/fr\/","logo":{"@type":"ImageObject","inLanguage":"fr-FR","@id":"https:\/\/www.holstein.ch\/fr\/#\/schema\/logo\/image\/","url":"https:\/\/www.holstein.ch\/wp-content\/uploads\/2023\/09\/holstein_switzerland_logo.png","contentUrl":"https:\/\/www.holstein.ch\/wp-content\/uploads\/2023\/09\/holstein_switzerland_logo.png","width":800,"height":621,"caption":"Holstein Switzerland"},"image":{"@id":"https:\/\/www.holstein.ch\/fr\/#\/schema\/logo\/image\/"},"sameAs":["https:\/\/www.facebook.com\/HolSwi","https:\/\/www.youtube.com\/@holsteinswitzerland","https:\/\/www.instagram.com\/holstein_switzerland"]},{"@type":"Person","@id":"https:\/\/www.holstein.ch\/fr\/#\/schema\/person\/91e83d490a3dfd0906e65d37ecbcbfb6","name":"Marie-Jos\u00e9 Rossier","image":{"@type":"ImageObject","inLanguage":"fr-FR","@id":"https:\/\/www.holstein.ch\/fr\/#\/schema\/person\/image\/","url":"https:\/\/secure.gravatar.com\/avatar\/68ae16187ec4e6b8556e0e811e57dcb7c21c138f955e02087102f283ee2b3bb6?s=96&d=mm&r=g","contentUrl":"https:\/\/secure.gravatar.com\/avatar\/68ae16187ec4e6b8556e0e811e57dcb7c21c138f955e02087102f283ee2b3bb6?s=96&d=mm&r=g","caption":"Marie-Jos\u00e9 Rossier"}}]}},"_links":{"self":[{"href":"https:\/\/www.holstein.ch\/fr\/wp-json\/wp\/v2\/posts\/14219","targetHints":{"allow":["GET"]}}],"collection":[{"href":"https:\/\/www.holstein.ch\/fr\/wp-json\/wp\/v2\/posts"}],"about":[{"href":"https:\/\/www.holstein.ch\/fr\/wp-json\/wp\/v2\/types\/post"}],"author":[{"embeddable":true,"href":"https:\/\/www.holstein.ch\/fr\/wp-json\/wp\/v2\/users\/42"}],"replies":[{"embeddable":true,"href":"https:\/\/www.holstein.ch\/fr\/wp-json\/wp\/v2\/comments?post=14219"}],"version-history":[{"count":1,"href":"https:\/\/www.holstein.ch\/fr\/wp-json\/wp\/v2\/posts\/14219\/revisions"}],"predecessor-version":[{"id":24922,"href":"https:\/\/www.holstein.ch\/fr\/wp-json\/wp\/v2\/posts\/14219\/revisions\/24922"}],"wp:featuredmedia":[{"embeddable":true,"href":"https:\/\/www.holstein.ch\/fr\/wp-json\/wp\/v2\/media\/13739"}],"wp:attachment":[{"href":"https:\/\/www.holstein.ch\/fr\/wp-json\/wp\/v2\/media?parent=14219"}],"wp:term":[{"taxonomy":"category","embeddable":true,"href":"https:\/\/www.holstein.ch\/fr\/wp-json\/wp\/v2\/categories?post=14219"},{"taxonomy":"post_tag","embeddable":true,"href":"https:\/\/www.holstein.ch\/fr\/wp-json\/wp\/v2\/tags?post=14219"}],"curies":[{"name":"wp","href":"https:\/\/api.w.org\/{rel}","templated":true}]}}