{"id":15015,"date":"2020-08-14T09:38:48","date_gmt":"2020-08-14T07:38:48","guid":{"rendered":"https:\/\/www.holstein.ch\/?p=15015"},"modified":"2023-09-28T09:41:40","modified_gmt":"2023-09-28T07:41:40","slug":"notice-pour-lorganisation-dexpositions-de-betail-en-automne-2020","status":"publish","type":"post","link":"https:\/\/www.holstein.ch\/fr\/notice-pour-lorganisation-dexpositions-de-betail-en-automne-2020\/","title":{"rendered":"Notice pour  l\u2019organisation d\u2019expositions de b\u00e9tail en automne 2020"},"content":{"rendered":"<p>[vc_row][vc_column][vc_column_text]Apr\u00e8s l\u2019annulation des expositions de b\u00e9tail ce printemps, les f\u00e9d\u00e9rations d\u2019\u00e9levage souhaitent que les expositions puissent avoir lieu cet automne dans le respect des dispositions li\u00e9es au COVID-19. Les mesures g\u00e9n\u00e9rales de protection contre le coronavirus et les mesures d\u2019hygi\u00e8ne valent notamment aussi pour les expositions et doivent imp\u00e9rativement \u00eatre respect\u00e9es.<\/p>\n<p>L\u2019\u00e9valuation des vaches est au premier plan et des mesures strictes valent pour les participants et pour les visiteurs afin de prot\u00e9ger la sant\u00e9 de ces derniers, des familles des \u00e9leveurs et des experts. Des mesures particuli\u00e8res doivent \u00eatre prises si un grand nombre de visiteurs est attendu.<\/p>\n<p>Les organisateurs sont responsables du respect des mesures de protection. Un plan de protection doit, de plus, \u00eatre \u00e9tabli et mis en \u0153uvre par l\u2019organisateur pour toutes les installations et exploitations accessibles au public ainsi que pour les manifestations (mod\u00e8le sur les sites web des f\u00e9d\u00e9rations d\u2019\u00e9levage et de la CTEBS).<\/p>\n<p>Les directives g\u00e9n\u00e9rales suivantes s\u2019appliquent\u00a0:<\/p>\n<ul>\n<li>Le plan de protection doit pr\u00e9voir des mesures d\u2019hygi\u00e8ne (p. ex. possibilit\u00e9 de se laver ou de se d\u00e9sinfecter les mains, nettoyage r\u00e9gulier des surfaces) et des mesures pour respecter une distance d\u2019au minimum 1,5 m\u00a0;<\/li>\n<li>Si cette distance ne peut pas \u00eatre respect\u00e9e, des mesures ad\u00e9quates de protection doivent \u00eatre prises (p. ex. port d\u2019un masque hygi\u00e9nique). Il est recommand\u00e9 de distribuer des masques hygi\u00e9niques sur place\u00a0;<\/li>\n<li>Si tant la distance que les mesures de protection ne peuvent pas \u00eatre respect\u00e9es, les organisateurs doivent saisir et v\u00e9rifier les donn\u00e9es de contact des personnes pr\u00e9sentes (nom, adresse, num\u00e9ro de t\u00e9l\u00e9phone).<br \/>\nEn cas de pr\u00e9sence de plus de 300 visiteurs, il faut proc\u00e9der, lors de la saisie des donn\u00e9es de contact, \u00e0 une s\u00e9paration entre secteurs avec places assises et secteurs debout avec au maximum 300 personnes.<br \/>\nLes visiteurs ne sont pas autoris\u00e9s \u00e0 changer de secteur.<br \/>\n<span style=\"color: #ff0000;\">Veuillez tenir compte des dispositions sp\u00e9cifiques des cantons\u00a0!<\/span><\/li>\n<li>Les grandes manifestations avec plus de 1000 personnes sont interdites pour le moment\u00a0:<\/li>\n<li>Un responsable de la mise en \u0153uvre du plan de protection et des contacts avec les autorit\u00e9s cantonales est nomm\u00e9 dans le plan de protection.<\/li>\n<\/ul>\n<p>&nbsp;<\/p>\n<p>Concernant la restauration\/buvette, une organisation d\u00e9centralis\u00e9e est recommand\u00e9e (stands de restauration) afin d\u2019\u00e9viter des rassemblements trop importants de personnes. Le plan de protection de la branche de GastroSuisse doit imp\u00e9rativement \u00eatre mis en \u0153uvre pour les buvettes (chapiteaux, etc.) (<a href=\"https:\/\/www.gastrosuisse.ch\/fr\/portail-de-la-branche\/informations-sur-la-branche\/informations-covid-19\/plan-de-protection-de-la-branche-sous-covid-19\/\">https:\/\/www.gastrosuisse.ch\/fr\/portail-de-la-branche\/informations-sur-la-branche\/informations-covid-19\/plan-de-protection-de-la-branche-sous-covid-19\/<\/a>).<\/p>\n<p>Les dispositions de l\u2019OFSP et les dispositions suppl\u00e9mentaires des cantons peuvent changer \u00e0 tout moment. Nous recommandons donc imp\u00e9rativement de se concerter avec l\u2019autorit\u00e9 cantonale comp\u00e9tente pour l\u2019\u00e9tablissement du plan de protection.<\/p>\n<p>Les dispositions cantonales suppl\u00e9mentaires sont actuellement en vigueur (\u00e9tat au 11 ao\u00fbt 2020)\u00a0:<\/p>\n<table>\n<tbody>\n<tr>\n<td width=\"104\"><strong>Canton<\/strong><\/td>\n<td width=\"514\"><strong>Mesures<\/strong><\/td>\n<\/tr>\n<tr>\n<td width=\"104\">AG, BL, BS, LU, SO<\/td>\n<td width=\"514\">Pour les manifestations de plus de 100 visiteurs et si la distance minimale ou les mesures de protection ne peuvent pas \u00eatre respect\u00e9es, il faut pr\u00e9voir des secteurs avec au maximum 100 personnes.<\/td>\n<\/tr>\n<tr>\n<td width=\"104\">FR<\/td>\n<td width=\"514\">Le nombre de participants aux manifestations est limit\u00e9 \u00e0 300 personnes au maximum.<\/td>\n<\/tr>\n<tr>\n<td width=\"104\">GE<\/td>\n<td width=\"514\">Dispositions sp\u00e9ciales (masque obligatoire, etc.).<\/td>\n<\/tr>\n<tr>\n<td width=\"104\">GL<\/td>\n<td width=\"514\">Saisie des donn\u00e9es de contact de tous les visiteurs si la distance minimale ne peut pas \u00eatre respect\u00e9e.<\/td>\n<\/tr>\n<tr>\n<td width=\"104\">GR<\/td>\n<td width=\"514\">Les donn\u00e9es de contact saisies doivent \u00eatre contr\u00f4l\u00e9es quant \u00e0 leur exactitude.<\/td>\n<\/tr>\n<tr>\n<td width=\"104\">TI<\/td>\n<td width=\"514\">Les rassemblements de plus de 30 personnes sont interdits.<\/td>\n<\/tr>\n<\/tbody>\n<\/table>\n<p>Nous ne garantissons pas l\u2019exhaustivit\u00e9 de cette liste et recommandons de contr\u00f4ler dans tous les cas les dispositions cantonales actuelles\u00a0!<\/p>\n<p>Plus d&#8217;information en cliquant sur le lien ci-dessous:[\/vc_column_text][\/vc_column][\/vc_row][vc_row][vc_column][vc_btn title=&#8221;Plan de protection pour les expositions de b\u00e9tail sous COVID-19&#8243; color=&#8221;turquoise&#8221; align=&#8221;center&#8221; link=&#8221;url:https%3A%2F%2Fwww.holstein.ch%2Fwp-content%2Fuploads%2Fchbv_ho_shb_Schutzkonzept_Viehschauen-f.pdf||target:%20_blank|&#8221;][\/vc_column][\/vc_row]<\/p>\n","protected":false},"excerpt":{"rendered":"<p>[vc_row][vc_column][vc_column_text]Apr\u00e8s l\u2019annulation des expositions de b\u00e9tail ce printemps, les f\u00e9d\u00e9rations d\u2019\u00e9levage souhaitent que les expositions puissent avoir lieu cet automne dans le respect des dispositions li\u00e9es au COVID-19. Les mesures g\u00e9n\u00e9rales de protection contre le coronavirus et les mesures d\u2019hygi\u00e8ne valent notamment aussi pour les expositions et doivent imp\u00e9rativement \u00eatre respect\u00e9es. L\u2019\u00e9valuation des vaches est [&hellip;]<\/p>\n","protected":false},"author":2,"featured_media":0,"comment_status":"open","ping_status":"open","sticky":false,"template":"","format":"standard","meta":{"_acf_changed":false,"_monsterinsights_skip_tracking":false,"_monsterinsights_sitenote_active":false,"_monsterinsights_sitenote_note":"","_monsterinsights_sitenote_category":0,"footnotes":""},"categories":[599],"tags":[],"class_list":["post-15015","post","type-post","status-publish","format-standard","hentry","category-autres-actualites"],"acf":[],"yoast_head":"<!-- This site is optimized with the Yoast SEO plugin v26.9 - https:\/\/yoast.com\/product\/yoast-seo-wordpress\/ -->\n<title>Notice pour l\u2019organisation d\u2019expositions de b\u00e9tail en automne 2020 - Holstein Switzerland<\/title>\n<meta name=\"robots\" content=\"index, follow, max-snippet:-1, max-image-preview:large, max-video-preview:-1\" \/>\n<link rel=\"canonical\" href=\"https:\/\/www.holstein.ch\/fr\/notice-pour-lorganisation-dexpositions-de-betail-en-automne-2020\/\" \/>\n<meta property=\"og:locale\" content=\"fr_FR\" \/>\n<meta property=\"og:type\" content=\"article\" \/>\n<meta property=\"og:title\" content=\"Notice pour l\u2019organisation d\u2019expositions de b\u00e9tail en automne 2020 - Holstein Switzerland\" \/>\n<meta property=\"og:description\" content=\"[vc_row][vc_column][vc_column_text]Apr\u00e8s l\u2019annulation des expositions de b\u00e9tail ce printemps, les f\u00e9d\u00e9rations d\u2019\u00e9levage souhaitent que les expositions puissent avoir lieu cet automne dans le respect des dispositions li\u00e9es au COVID-19. Les mesures g\u00e9n\u00e9rales de protection contre le coronavirus et les mesures d\u2019hygi\u00e8ne valent notamment aussi pour les expositions et doivent imp\u00e9rativement \u00eatre respect\u00e9es. L\u2019\u00e9valuation des vaches est [&hellip;]\" \/>\n<meta property=\"og:url\" content=\"https:\/\/www.holstein.ch\/fr\/notice-pour-lorganisation-dexpositions-de-betail-en-automne-2020\/\" \/>\n<meta property=\"og:site_name\" content=\"Holstein Switzerland\" \/>\n<meta property=\"article:publisher\" content=\"https:\/\/www.facebook.com\/HolSwi\" \/>\n<meta property=\"article:published_time\" content=\"2020-08-14T07:38:48+00:00\" \/>\n<meta property=\"article:modified_time\" content=\"2023-09-28T07:41:40+00:00\" \/>\n<meta name=\"author\" content=\"Patrick Monod\" \/>\n<meta name=\"twitter:card\" content=\"summary_large_image\" \/>\n<meta name=\"twitter:label1\" content=\"\u00c9crit par\" \/>\n\t<meta name=\"twitter:data1\" content=\"Patrick Monod\" \/>\n\t<meta name=\"twitter:label2\" content=\"Dur\u00e9e de lecture estim\u00e9e\" \/>\n\t<meta name=\"twitter:data2\" content=\"3 minutes\" \/>\n<script type=\"application\/ld+json\" class=\"yoast-schema-graph\">{\"@context\":\"https:\/\/schema.org\",\"@graph\":[{\"@type\":\"NewsArticle\",\"@id\":\"https:\/\/www.holstein.ch\/fr\/notice-pour-lorganisation-dexpositions-de-betail-en-automne-2020\/#article\",\"isPartOf\":{\"@id\":\"https:\/\/www.holstein.ch\/fr\/notice-pour-lorganisation-dexpositions-de-betail-en-automne-2020\/\"},\"author\":{\"name\":\"Patrick Monod\",\"@id\":\"https:\/\/www.holstein.ch\/fr\/#\/schema\/person\/a2ace477ff3383343477ba270f4888d4\"},\"headline\":\"Notice pour l\u2019organisation d\u2019expositions de b\u00e9tail en automne 2020\",\"datePublished\":\"2020-08-14T07:38:48+00:00\",\"dateModified\":\"2023-09-28T07:41:40+00:00\",\"mainEntityOfPage\":{\"@id\":\"https:\/\/www.holstein.ch\/fr\/notice-pour-lorganisation-dexpositions-de-betail-en-automne-2020\/\"},\"wordCount\":699,\"commentCount\":0,\"publisher\":{\"@id\":\"https:\/\/www.holstein.ch\/fr\/#organization\"},\"articleSection\":[\"Autres actualit\u00e9s\"],\"inLanguage\":\"fr-FR\"},{\"@type\":\"WebPage\",\"@id\":\"https:\/\/www.holstein.ch\/fr\/notice-pour-lorganisation-dexpositions-de-betail-en-automne-2020\/\",\"url\":\"https:\/\/www.holstein.ch\/fr\/notice-pour-lorganisation-dexpositions-de-betail-en-automne-2020\/\",\"name\":\"Notice pour l\u2019organisation d\u2019expositions de b\u00e9tail en automne 2020 - Holstein Switzerland\",\"isPartOf\":{\"@id\":\"https:\/\/www.holstein.ch\/fr\/#website\"},\"datePublished\":\"2020-08-14T07:38:48+00:00\",\"dateModified\":\"2023-09-28T07:41:40+00:00\",\"breadcrumb\":{\"@id\":\"https:\/\/www.holstein.ch\/fr\/notice-pour-lorganisation-dexpositions-de-betail-en-automne-2020\/#breadcrumb\"},\"inLanguage\":\"fr-FR\",\"potentialAction\":[{\"@type\":\"ReadAction\",\"target\":[\"https:\/\/www.holstein.ch\/fr\/notice-pour-lorganisation-dexpositions-de-betail-en-automne-2020\/\"]}]},{\"@type\":\"BreadcrumbList\",\"@id\":\"https:\/\/www.holstein.ch\/fr\/notice-pour-lorganisation-dexpositions-de-betail-en-automne-2020\/#breadcrumb\",\"itemListElement\":[{\"@type\":\"ListItem\",\"position\":1,\"name\":\"Autres actualit\u00e9s\",\"item\":\"https:\/\/www.holstein.ch\/fr\/publications\/autres-actualites\/\"},{\"@type\":\"ListItem\",\"position\":2,\"name\":\"Notice pour l\u2019organisation d\u2019expositions de b\u00e9tail en automne 2020\"}]},{\"@type\":\"WebSite\",\"@id\":\"https:\/\/www.holstein.ch\/fr\/#website\",\"url\":\"https:\/\/www.holstein.ch\/fr\/\",\"name\":\"Holstein Switzerland\",\"description\":\"Holstein Switzerland\",\"publisher\":{\"@id\":\"https:\/\/www.holstein.ch\/fr\/#organization\"},\"potentialAction\":[{\"@type\":\"SearchAction\",\"target\":{\"@type\":\"EntryPoint\",\"urlTemplate\":\"https:\/\/www.holstein.ch\/fr\/?s={search_term_string}\"},\"query-input\":{\"@type\":\"PropertyValueSpecification\",\"valueRequired\":true,\"valueName\":\"search_term_string\"}}],\"inLanguage\":\"fr-FR\"},{\"@type\":\"Organization\",\"@id\":\"https:\/\/www.holstein.ch\/fr\/#organization\",\"name\":\"Holstein Switzerland\",\"url\":\"https:\/\/www.holstein.ch\/fr\/\",\"logo\":{\"@type\":\"ImageObject\",\"inLanguage\":\"fr-FR\",\"@id\":\"https:\/\/www.holstein.ch\/fr\/#\/schema\/logo\/image\/\",\"url\":\"https:\/\/www.holstein.ch\/wp-content\/uploads\/2023\/09\/holstein_switzerland_logo.png\",\"contentUrl\":\"https:\/\/www.holstein.ch\/wp-content\/uploads\/2023\/09\/holstein_switzerland_logo.png\",\"width\":800,\"height\":621,\"caption\":\"Holstein Switzerland\"},\"image\":{\"@id\":\"https:\/\/www.holstein.ch\/fr\/#\/schema\/logo\/image\/\"},\"sameAs\":[\"https:\/\/www.facebook.com\/HolSwi\",\"https:\/\/www.youtube.com\/@holsteinswitzerland\",\"https:\/\/www.instagram.com\/holstein_switzerland\"]},{\"@type\":\"Person\",\"@id\":\"https:\/\/www.holstein.ch\/fr\/#\/schema\/person\/a2ace477ff3383343477ba270f4888d4\",\"name\":\"Patrick Monod\",\"image\":{\"@type\":\"ImageObject\",\"inLanguage\":\"fr-FR\",\"@id\":\"https:\/\/www.holstein.ch\/fr\/#\/schema\/person\/image\/\",\"url\":\"https:\/\/secure.gravatar.com\/avatar\/07a4bcc52c1860dda0c210cc06a14fb51c110e3cb89aa716a61b79b9e9bf5efd?s=96&d=mm&r=g\",\"contentUrl\":\"https:\/\/secure.gravatar.com\/avatar\/07a4bcc52c1860dda0c210cc06a14fb51c110e3cb89aa716a61b79b9e9bf5efd?s=96&d=mm&r=g\",\"caption\":\"Patrick Monod\"}}]}<\/script>\n<!-- \/ Yoast SEO plugin. -->","yoast_head_json":{"title":"Notice pour l\u2019organisation d\u2019expositions de b\u00e9tail en automne 2020 - Holstein Switzerland","robots":{"index":"index","follow":"follow","max-snippet":"max-snippet:-1","max-image-preview":"max-image-preview:large","max-video-preview":"max-video-preview:-1"},"canonical":"https:\/\/www.holstein.ch\/fr\/notice-pour-lorganisation-dexpositions-de-betail-en-automne-2020\/","og_locale":"fr_FR","og_type":"article","og_title":"Notice pour l\u2019organisation d\u2019expositions de b\u00e9tail en automne 2020 - Holstein Switzerland","og_description":"[vc_row][vc_column][vc_column_text]Apr\u00e8s l\u2019annulation des expositions de b\u00e9tail ce printemps, les f\u00e9d\u00e9rations d\u2019\u00e9levage souhaitent que les expositions puissent avoir lieu cet automne dans le respect des dispositions li\u00e9es au COVID-19. Les mesures g\u00e9n\u00e9rales de protection contre le coronavirus et les mesures d\u2019hygi\u00e8ne valent notamment aussi pour les expositions et doivent imp\u00e9rativement \u00eatre respect\u00e9es. L\u2019\u00e9valuation des vaches est [&hellip;]","og_url":"https:\/\/www.holstein.ch\/fr\/notice-pour-lorganisation-dexpositions-de-betail-en-automne-2020\/","og_site_name":"Holstein Switzerland","article_publisher":"https:\/\/www.facebook.com\/HolSwi","article_published_time":"2020-08-14T07:38:48+00:00","article_modified_time":"2023-09-28T07:41:40+00:00","author":"Patrick Monod","twitter_card":"summary_large_image","twitter_misc":{"\u00c9crit par":"Patrick Monod","Dur\u00e9e de lecture estim\u00e9e":"3 minutes"},"schema":{"@context":"https:\/\/schema.org","@graph":[{"@type":"NewsArticle","@id":"https:\/\/www.holstein.ch\/fr\/notice-pour-lorganisation-dexpositions-de-betail-en-automne-2020\/#article","isPartOf":{"@id":"https:\/\/www.holstein.ch\/fr\/notice-pour-lorganisation-dexpositions-de-betail-en-automne-2020\/"},"author":{"name":"Patrick Monod","@id":"https:\/\/www.holstein.ch\/fr\/#\/schema\/person\/a2ace477ff3383343477ba270f4888d4"},"headline":"Notice pour l\u2019organisation d\u2019expositions de b\u00e9tail en automne 2020","datePublished":"2020-08-14T07:38:48+00:00","dateModified":"2023-09-28T07:41:40+00:00","mainEntityOfPage":{"@id":"https:\/\/www.holstein.ch\/fr\/notice-pour-lorganisation-dexpositions-de-betail-en-automne-2020\/"},"wordCount":699,"commentCount":0,"publisher":{"@id":"https:\/\/www.holstein.ch\/fr\/#organization"},"articleSection":["Autres actualit\u00e9s"],"inLanguage":"fr-FR"},{"@type":"WebPage","@id":"https:\/\/www.holstein.ch\/fr\/notice-pour-lorganisation-dexpositions-de-betail-en-automne-2020\/","url":"https:\/\/www.holstein.ch\/fr\/notice-pour-lorganisation-dexpositions-de-betail-en-automne-2020\/","name":"Notice pour l\u2019organisation d\u2019expositions de b\u00e9tail en automne 2020 - Holstein Switzerland","isPartOf":{"@id":"https:\/\/www.holstein.ch\/fr\/#website"},"datePublished":"2020-08-14T07:38:48+00:00","dateModified":"2023-09-28T07:41:40+00:00","breadcrumb":{"@id":"https:\/\/www.holstein.ch\/fr\/notice-pour-lorganisation-dexpositions-de-betail-en-automne-2020\/#breadcrumb"},"inLanguage":"fr-FR","potentialAction":[{"@type":"ReadAction","target":["https:\/\/www.holstein.ch\/fr\/notice-pour-lorganisation-dexpositions-de-betail-en-automne-2020\/"]}]},{"@type":"BreadcrumbList","@id":"https:\/\/www.holstein.ch\/fr\/notice-pour-lorganisation-dexpositions-de-betail-en-automne-2020\/#breadcrumb","itemListElement":[{"@type":"ListItem","position":1,"name":"Autres actualit\u00e9s","item":"https:\/\/www.holstein.ch\/fr\/publications\/autres-actualites\/"},{"@type":"ListItem","position":2,"name":"Notice pour l\u2019organisation d\u2019expositions de b\u00e9tail en automne 2020"}]},{"@type":"WebSite","@id":"https:\/\/www.holstein.ch\/fr\/#website","url":"https:\/\/www.holstein.ch\/fr\/","name":"Holstein Switzerland","description":"Holstein Switzerland","publisher":{"@id":"https:\/\/www.holstein.ch\/fr\/#organization"},"potentialAction":[{"@type":"SearchAction","target":{"@type":"EntryPoint","urlTemplate":"https:\/\/www.holstein.ch\/fr\/?s={search_term_string}"},"query-input":{"@type":"PropertyValueSpecification","valueRequired":true,"valueName":"search_term_string"}}],"inLanguage":"fr-FR"},{"@type":"Organization","@id":"https:\/\/www.holstein.ch\/fr\/#organization","name":"Holstein Switzerland","url":"https:\/\/www.holstein.ch\/fr\/","logo":{"@type":"ImageObject","inLanguage":"fr-FR","@id":"https:\/\/www.holstein.ch\/fr\/#\/schema\/logo\/image\/","url":"https:\/\/www.holstein.ch\/wp-content\/uploads\/2023\/09\/holstein_switzerland_logo.png","contentUrl":"https:\/\/www.holstein.ch\/wp-content\/uploads\/2023\/09\/holstein_switzerland_logo.png","width":800,"height":621,"caption":"Holstein Switzerland"},"image":{"@id":"https:\/\/www.holstein.ch\/fr\/#\/schema\/logo\/image\/"},"sameAs":["https:\/\/www.facebook.com\/HolSwi","https:\/\/www.youtube.com\/@holsteinswitzerland","https:\/\/www.instagram.com\/holstein_switzerland"]},{"@type":"Person","@id":"https:\/\/www.holstein.ch\/fr\/#\/schema\/person\/a2ace477ff3383343477ba270f4888d4","name":"Patrick Monod","image":{"@type":"ImageObject","inLanguage":"fr-FR","@id":"https:\/\/www.holstein.ch\/fr\/#\/schema\/person\/image\/","url":"https:\/\/secure.gravatar.com\/avatar\/07a4bcc52c1860dda0c210cc06a14fb51c110e3cb89aa716a61b79b9e9bf5efd?s=96&d=mm&r=g","contentUrl":"https:\/\/secure.gravatar.com\/avatar\/07a4bcc52c1860dda0c210cc06a14fb51c110e3cb89aa716a61b79b9e9bf5efd?s=96&d=mm&r=g","caption":"Patrick Monod"}}]}},"_links":{"self":[{"href":"https:\/\/www.holstein.ch\/fr\/wp-json\/wp\/v2\/posts\/15015","targetHints":{"allow":["GET"]}}],"collection":[{"href":"https:\/\/www.holstein.ch\/fr\/wp-json\/wp\/v2\/posts"}],"about":[{"href":"https:\/\/www.holstein.ch\/fr\/wp-json\/wp\/v2\/types\/post"}],"author":[{"embeddable":true,"href":"https:\/\/www.holstein.ch\/fr\/wp-json\/wp\/v2\/users\/2"}],"replies":[{"embeddable":true,"href":"https:\/\/www.holstein.ch\/fr\/wp-json\/wp\/v2\/comments?post=15015"}],"version-history":[{"count":1,"href":"https:\/\/www.holstein.ch\/fr\/wp-json\/wp\/v2\/posts\/15015\/revisions"}],"predecessor-version":[{"id":24919,"href":"https:\/\/www.holstein.ch\/fr\/wp-json\/wp\/v2\/posts\/15015\/revisions\/24919"}],"wp:attachment":[{"href":"https:\/\/www.holstein.ch\/fr\/wp-json\/wp\/v2\/media?parent=15015"}],"wp:term":[{"taxonomy":"category","embeddable":true,"href":"https:\/\/www.holstein.ch\/fr\/wp-json\/wp\/v2\/categories?post=15015"},{"taxonomy":"post_tag","embeddable":true,"href":"https:\/\/www.holstein.ch\/fr\/wp-json\/wp\/v2\/tags?post=15015"}],"curies":[{"name":"wp","href":"https:\/\/api.w.org\/{rel}","templated":true}]}}