{"id":15136,"date":"2020-09-07T15:12:43","date_gmt":"2020-09-07T13:12:43","guid":{"rendered":"https:\/\/www.holstein.ch\/?p=15136"},"modified":"2023-09-28T09:41:39","modified_gmt":"2023-09-28T07:41:39","slug":"le-corona-influence-les-manifestations-de-swissgenetics","status":"publish","type":"post","link":"https:\/\/www.holstein.ch\/fr\/le-corona-influence-les-manifestations-de-swissgenetics\/","title":{"rendered":"Le Corona influence les manifestations de Swissgenetics"},"content":{"rendered":"<p>[vc_row][vc_column][vc_column_text]<\/p>\n<p class=\"p2\"><span style=\"color: #000000;\">Les restrictions dues au Corona exigent l\u2019annulation resp. la nouvelle organisation des manifestations de Swissgenetics. Dans ce contexte, la sant\u00e9 des participants a la premi\u00e8re priorit\u00e9. En raison des prescriptions et recommandations compr\u00e9hensibles \u00e9dict\u00e9es par les autorit\u00e9s publiques, l\u2019ex\u00e9cution des manifestations avec des efforts raisonnables devient tr\u00e8s difficile.<\/span><\/p>\n<p class=\"p2\"><span style=\"color: #000000;\">Le conseil de direction et le comit\u00e9 de Swissgenetics ont d\u00e9cid\u00e9 de proc\u00e9der comme suit:<\/span><\/p>\n<ul>\n<li class=\"p2\"><span style=\"color: #000000;\">La pr\u00e9sentation de descendances pr\u00e9vue pour les 25\/26 novembre 2020 dans le cadre de l\u2019<b>EXPO Swissgenetics <\/b>\u00e0 l\u2019ar\u00e8ne VIANCO <b>est annul\u00e9e. <\/b>Les contraintes des autorit\u00e9s publiques ne pourraient gu\u00e8re \u00eatre r\u00e9alis\u00e9es avec des efforts raisonnables et le but d\u2019organiser une r\u00e9union conviviale pour les \u00e9leveurs nous semble plut\u00f4t irr\u00e9aliste.<\/span><\/li>\n<li class=\"p2\"><span style=\"color: #000000;\"><b>La vente aux ench\u00e8res \u00abTop Sale\u00bb <\/b>du 25 au 27 novembre 2020 <b>aura lieu, <\/b>son concept sera toutefois adapt\u00e9. Swissgenetics communiquera \u00e0 temps sous quelle forme elle aura lieu.<\/span><\/li>\n<li class=\"p2\"><span style=\"color: #000000;\"><b>Swissgenetics n\u2019organisera pas de soir\u00e9es d\u2019information pour les \u00e9leveurs en 2020. <\/b>Au besoin, des intervenants seront \u00e0 disposition pour des manifestations externes \u00e0 Swissgenetics.<\/span><\/li>\n<li class=\"p2\"><span style=\"color: #000000;\">La d\u00e9cision concernant le <b>championnat de jeunes vaches \u00e0 Thoune <\/b>(21.01.2021) sera prise d\u2019ici fin septembre 2020.<\/span><\/li>\n<\/ul>\n<p class=\"p2\">Pour de plus amples informations:<\/p>\n<p>[\/vc_column_text][\/vc_column][\/vc_row][vc_row][vc_column][vc_btn title=&#8221;Communiqu\u00e9 de presse Swissgenetics&#8221; color=&#8221;turquoise&#8221; align=&#8221;center&#8221; link=&#8221;url:https%3A%2F%2Fwww.holstein.ch%2Fwp-content%2Fuploads%2FMM-Manifestations-2020_200907_F.pdf||target:%20_blank|&#8221;][\/vc_column][\/vc_row]<\/p>\n","protected":false},"excerpt":{"rendered":"<p>[vc_row][vc_column][vc_column_text] Les restrictions dues au Corona exigent l\u2019annulation resp. la nouvelle organisation des manifestations de Swissgenetics. Dans ce contexte, la sant\u00e9 des participants a la premi\u00e8re priorit\u00e9. En raison des prescriptions et recommandations compr\u00e9hensibles \u00e9dict\u00e9es par les autorit\u00e9s publiques, l\u2019ex\u00e9cution des manifestations avec des efforts raisonnables devient tr\u00e8s difficile. Le conseil de direction et le [&hellip;]<\/p>\n","protected":false},"author":2,"featured_media":0,"comment_status":"open","ping_status":"open","sticky":false,"template":"","format":"standard","meta":{"_acf_changed":false,"_monsterinsights_skip_tracking":false,"_monsterinsights_sitenote_active":false,"_monsterinsights_sitenote_note":"","_monsterinsights_sitenote_category":0,"footnotes":""},"categories":[599],"tags":[],"class_list":["post-15136","post","type-post","status-publish","format-standard","hentry","category-autres-actualites"],"acf":[],"yoast_head":"<!-- This site is optimized with the Yoast SEO plugin v26.9 - https:\/\/yoast.com\/product\/yoast-seo-wordpress\/ -->\n<title>Le Corona influence les manifestations de Swissgenetics - Holstein Switzerland<\/title>\n<meta name=\"robots\" content=\"index, follow, max-snippet:-1, max-image-preview:large, max-video-preview:-1\" \/>\n<link rel=\"canonical\" href=\"https:\/\/www.holstein.ch\/fr\/le-corona-influence-les-manifestations-de-swissgenetics\/\" \/>\n<meta property=\"og:locale\" content=\"fr_FR\" \/>\n<meta property=\"og:type\" content=\"article\" \/>\n<meta property=\"og:title\" content=\"Le Corona influence les manifestations de Swissgenetics - Holstein Switzerland\" \/>\n<meta property=\"og:description\" content=\"[vc_row][vc_column][vc_column_text] Les restrictions dues au Corona exigent l\u2019annulation resp. la nouvelle organisation des manifestations de Swissgenetics. Dans ce contexte, la sant\u00e9 des participants a la premi\u00e8re priorit\u00e9. En raison des prescriptions et recommandations compr\u00e9hensibles \u00e9dict\u00e9es par les autorit\u00e9s publiques, l\u2019ex\u00e9cution des manifestations avec des efforts raisonnables devient tr\u00e8s difficile. Le conseil de direction et le [&hellip;]\" \/>\n<meta property=\"og:url\" content=\"https:\/\/www.holstein.ch\/fr\/le-corona-influence-les-manifestations-de-swissgenetics\/\" \/>\n<meta property=\"og:site_name\" content=\"Holstein Switzerland\" \/>\n<meta property=\"article:publisher\" content=\"https:\/\/www.facebook.com\/HolSwi\" \/>\n<meta property=\"article:published_time\" content=\"2020-09-07T13:12:43+00:00\" \/>\n<meta property=\"article:modified_time\" content=\"2023-09-28T07:41:39+00:00\" \/>\n<meta name=\"author\" content=\"Patrick Monod\" \/>\n<meta name=\"twitter:card\" content=\"summary_large_image\" \/>\n<meta name=\"twitter:label1\" content=\"\u00c9crit par\" \/>\n\t<meta name=\"twitter:data1\" content=\"Patrick Monod\" \/>\n\t<meta name=\"twitter:label2\" content=\"Dur\u00e9e de lecture estim\u00e9e\" \/>\n\t<meta name=\"twitter:data2\" content=\"1 minute\" \/>\n<script type=\"application\/ld+json\" class=\"yoast-schema-graph\">{\"@context\":\"https:\/\/schema.org\",\"@graph\":[{\"@type\":\"NewsArticle\",\"@id\":\"https:\/\/www.holstein.ch\/fr\/le-corona-influence-les-manifestations-de-swissgenetics\/#article\",\"isPartOf\":{\"@id\":\"https:\/\/www.holstein.ch\/fr\/le-corona-influence-les-manifestations-de-swissgenetics\/\"},\"author\":{\"name\":\"Patrick Monod\",\"@id\":\"https:\/\/www.holstein.ch\/fr\/#\/schema\/person\/a2ace477ff3383343477ba270f4888d4\"},\"headline\":\"Le Corona influence les manifestations de Swissgenetics\",\"datePublished\":\"2020-09-07T13:12:43+00:00\",\"dateModified\":\"2023-09-28T07:41:39+00:00\",\"mainEntityOfPage\":{\"@id\":\"https:\/\/www.holstein.ch\/fr\/le-corona-influence-les-manifestations-de-swissgenetics\/\"},\"wordCount\":259,\"commentCount\":0,\"publisher\":{\"@id\":\"https:\/\/www.holstein.ch\/fr\/#organization\"},\"articleSection\":[\"Autres actualit\u00e9s\"],\"inLanguage\":\"fr-FR\"},{\"@type\":\"WebPage\",\"@id\":\"https:\/\/www.holstein.ch\/fr\/le-corona-influence-les-manifestations-de-swissgenetics\/\",\"url\":\"https:\/\/www.holstein.ch\/fr\/le-corona-influence-les-manifestations-de-swissgenetics\/\",\"name\":\"Le Corona influence les manifestations de Swissgenetics - Holstein Switzerland\",\"isPartOf\":{\"@id\":\"https:\/\/www.holstein.ch\/fr\/#website\"},\"datePublished\":\"2020-09-07T13:12:43+00:00\",\"dateModified\":\"2023-09-28T07:41:39+00:00\",\"breadcrumb\":{\"@id\":\"https:\/\/www.holstein.ch\/fr\/le-corona-influence-les-manifestations-de-swissgenetics\/#breadcrumb\"},\"inLanguage\":\"fr-FR\",\"potentialAction\":[{\"@type\":\"ReadAction\",\"target\":[\"https:\/\/www.holstein.ch\/fr\/le-corona-influence-les-manifestations-de-swissgenetics\/\"]}]},{\"@type\":\"BreadcrumbList\",\"@id\":\"https:\/\/www.holstein.ch\/fr\/le-corona-influence-les-manifestations-de-swissgenetics\/#breadcrumb\",\"itemListElement\":[{\"@type\":\"ListItem\",\"position\":1,\"name\":\"Autres actualit\u00e9s\",\"item\":\"https:\/\/www.holstein.ch\/fr\/publications\/autres-actualites\/\"},{\"@type\":\"ListItem\",\"position\":2,\"name\":\"Le Corona influence les manifestations de Swissgenetics\"}]},{\"@type\":\"WebSite\",\"@id\":\"https:\/\/www.holstein.ch\/fr\/#website\",\"url\":\"https:\/\/www.holstein.ch\/fr\/\",\"name\":\"Holstein Switzerland\",\"description\":\"Holstein Switzerland\",\"publisher\":{\"@id\":\"https:\/\/www.holstein.ch\/fr\/#organization\"},\"potentialAction\":[{\"@type\":\"SearchAction\",\"target\":{\"@type\":\"EntryPoint\",\"urlTemplate\":\"https:\/\/www.holstein.ch\/fr\/?s={search_term_string}\"},\"query-input\":{\"@type\":\"PropertyValueSpecification\",\"valueRequired\":true,\"valueName\":\"search_term_string\"}}],\"inLanguage\":\"fr-FR\"},{\"@type\":\"Organization\",\"@id\":\"https:\/\/www.holstein.ch\/fr\/#organization\",\"name\":\"Holstein Switzerland\",\"url\":\"https:\/\/www.holstein.ch\/fr\/\",\"logo\":{\"@type\":\"ImageObject\",\"inLanguage\":\"fr-FR\",\"@id\":\"https:\/\/www.holstein.ch\/fr\/#\/schema\/logo\/image\/\",\"url\":\"https:\/\/www.holstein.ch\/wp-content\/uploads\/2023\/09\/holstein_switzerland_logo.png\",\"contentUrl\":\"https:\/\/www.holstein.ch\/wp-content\/uploads\/2023\/09\/holstein_switzerland_logo.png\",\"width\":800,\"height\":621,\"caption\":\"Holstein Switzerland\"},\"image\":{\"@id\":\"https:\/\/www.holstein.ch\/fr\/#\/schema\/logo\/image\/\"},\"sameAs\":[\"https:\/\/www.facebook.com\/HolSwi\",\"https:\/\/www.youtube.com\/@holsteinswitzerland\",\"https:\/\/www.instagram.com\/holstein_switzerland\"]},{\"@type\":\"Person\",\"@id\":\"https:\/\/www.holstein.ch\/fr\/#\/schema\/person\/a2ace477ff3383343477ba270f4888d4\",\"name\":\"Patrick Monod\",\"image\":{\"@type\":\"ImageObject\",\"inLanguage\":\"fr-FR\",\"@id\":\"https:\/\/www.holstein.ch\/fr\/#\/schema\/person\/image\/\",\"url\":\"https:\/\/secure.gravatar.com\/avatar\/07a4bcc52c1860dda0c210cc06a14fb51c110e3cb89aa716a61b79b9e9bf5efd?s=96&d=mm&r=g\",\"contentUrl\":\"https:\/\/secure.gravatar.com\/avatar\/07a4bcc52c1860dda0c210cc06a14fb51c110e3cb89aa716a61b79b9e9bf5efd?s=96&d=mm&r=g\",\"caption\":\"Patrick Monod\"}}]}<\/script>\n<!-- \/ Yoast SEO plugin. -->","yoast_head_json":{"title":"Le Corona influence les manifestations de Swissgenetics - Holstein Switzerland","robots":{"index":"index","follow":"follow","max-snippet":"max-snippet:-1","max-image-preview":"max-image-preview:large","max-video-preview":"max-video-preview:-1"},"canonical":"https:\/\/www.holstein.ch\/fr\/le-corona-influence-les-manifestations-de-swissgenetics\/","og_locale":"fr_FR","og_type":"article","og_title":"Le Corona influence les manifestations de Swissgenetics - Holstein Switzerland","og_description":"[vc_row][vc_column][vc_column_text] Les restrictions dues au Corona exigent l\u2019annulation resp. la nouvelle organisation des manifestations de Swissgenetics. Dans ce contexte, la sant\u00e9 des participants a la premi\u00e8re priorit\u00e9. En raison des prescriptions et recommandations compr\u00e9hensibles \u00e9dict\u00e9es par les autorit\u00e9s publiques, l\u2019ex\u00e9cution des manifestations avec des efforts raisonnables devient tr\u00e8s difficile. Le conseil de direction et le [&hellip;]","og_url":"https:\/\/www.holstein.ch\/fr\/le-corona-influence-les-manifestations-de-swissgenetics\/","og_site_name":"Holstein Switzerland","article_publisher":"https:\/\/www.facebook.com\/HolSwi","article_published_time":"2020-09-07T13:12:43+00:00","article_modified_time":"2023-09-28T07:41:39+00:00","author":"Patrick Monod","twitter_card":"summary_large_image","twitter_misc":{"\u00c9crit par":"Patrick Monod","Dur\u00e9e de lecture estim\u00e9e":"1 minute"},"schema":{"@context":"https:\/\/schema.org","@graph":[{"@type":"NewsArticle","@id":"https:\/\/www.holstein.ch\/fr\/le-corona-influence-les-manifestations-de-swissgenetics\/#article","isPartOf":{"@id":"https:\/\/www.holstein.ch\/fr\/le-corona-influence-les-manifestations-de-swissgenetics\/"},"author":{"name":"Patrick Monod","@id":"https:\/\/www.holstein.ch\/fr\/#\/schema\/person\/a2ace477ff3383343477ba270f4888d4"},"headline":"Le Corona influence les manifestations de Swissgenetics","datePublished":"2020-09-07T13:12:43+00:00","dateModified":"2023-09-28T07:41:39+00:00","mainEntityOfPage":{"@id":"https:\/\/www.holstein.ch\/fr\/le-corona-influence-les-manifestations-de-swissgenetics\/"},"wordCount":259,"commentCount":0,"publisher":{"@id":"https:\/\/www.holstein.ch\/fr\/#organization"},"articleSection":["Autres actualit\u00e9s"],"inLanguage":"fr-FR"},{"@type":"WebPage","@id":"https:\/\/www.holstein.ch\/fr\/le-corona-influence-les-manifestations-de-swissgenetics\/","url":"https:\/\/www.holstein.ch\/fr\/le-corona-influence-les-manifestations-de-swissgenetics\/","name":"Le Corona influence les manifestations de Swissgenetics - Holstein Switzerland","isPartOf":{"@id":"https:\/\/www.holstein.ch\/fr\/#website"},"datePublished":"2020-09-07T13:12:43+00:00","dateModified":"2023-09-28T07:41:39+00:00","breadcrumb":{"@id":"https:\/\/www.holstein.ch\/fr\/le-corona-influence-les-manifestations-de-swissgenetics\/#breadcrumb"},"inLanguage":"fr-FR","potentialAction":[{"@type":"ReadAction","target":["https:\/\/www.holstein.ch\/fr\/le-corona-influence-les-manifestations-de-swissgenetics\/"]}]},{"@type":"BreadcrumbList","@id":"https:\/\/www.holstein.ch\/fr\/le-corona-influence-les-manifestations-de-swissgenetics\/#breadcrumb","itemListElement":[{"@type":"ListItem","position":1,"name":"Autres actualit\u00e9s","item":"https:\/\/www.holstein.ch\/fr\/publications\/autres-actualites\/"},{"@type":"ListItem","position":2,"name":"Le Corona influence les manifestations de Swissgenetics"}]},{"@type":"WebSite","@id":"https:\/\/www.holstein.ch\/fr\/#website","url":"https:\/\/www.holstein.ch\/fr\/","name":"Holstein Switzerland","description":"Holstein Switzerland","publisher":{"@id":"https:\/\/www.holstein.ch\/fr\/#organization"},"potentialAction":[{"@type":"SearchAction","target":{"@type":"EntryPoint","urlTemplate":"https:\/\/www.holstein.ch\/fr\/?s={search_term_string}"},"query-input":{"@type":"PropertyValueSpecification","valueRequired":true,"valueName":"search_term_string"}}],"inLanguage":"fr-FR"},{"@type":"Organization","@id":"https:\/\/www.holstein.ch\/fr\/#organization","name":"Holstein Switzerland","url":"https:\/\/www.holstein.ch\/fr\/","logo":{"@type":"ImageObject","inLanguage":"fr-FR","@id":"https:\/\/www.holstein.ch\/fr\/#\/schema\/logo\/image\/","url":"https:\/\/www.holstein.ch\/wp-content\/uploads\/2023\/09\/holstein_switzerland_logo.png","contentUrl":"https:\/\/www.holstein.ch\/wp-content\/uploads\/2023\/09\/holstein_switzerland_logo.png","width":800,"height":621,"caption":"Holstein Switzerland"},"image":{"@id":"https:\/\/www.holstein.ch\/fr\/#\/schema\/logo\/image\/"},"sameAs":["https:\/\/www.facebook.com\/HolSwi","https:\/\/www.youtube.com\/@holsteinswitzerland","https:\/\/www.instagram.com\/holstein_switzerland"]},{"@type":"Person","@id":"https:\/\/www.holstein.ch\/fr\/#\/schema\/person\/a2ace477ff3383343477ba270f4888d4","name":"Patrick Monod","image":{"@type":"ImageObject","inLanguage":"fr-FR","@id":"https:\/\/www.holstein.ch\/fr\/#\/schema\/person\/image\/","url":"https:\/\/secure.gravatar.com\/avatar\/07a4bcc52c1860dda0c210cc06a14fb51c110e3cb89aa716a61b79b9e9bf5efd?s=96&d=mm&r=g","contentUrl":"https:\/\/secure.gravatar.com\/avatar\/07a4bcc52c1860dda0c210cc06a14fb51c110e3cb89aa716a61b79b9e9bf5efd?s=96&d=mm&r=g","caption":"Patrick Monod"}}]}},"_links":{"self":[{"href":"https:\/\/www.holstein.ch\/fr\/wp-json\/wp\/v2\/posts\/15136","targetHints":{"allow":["GET"]}}],"collection":[{"href":"https:\/\/www.holstein.ch\/fr\/wp-json\/wp\/v2\/posts"}],"about":[{"href":"https:\/\/www.holstein.ch\/fr\/wp-json\/wp\/v2\/types\/post"}],"author":[{"embeddable":true,"href":"https:\/\/www.holstein.ch\/fr\/wp-json\/wp\/v2\/users\/2"}],"replies":[{"embeddable":true,"href":"https:\/\/www.holstein.ch\/fr\/wp-json\/wp\/v2\/comments?post=15136"}],"version-history":[{"count":1,"href":"https:\/\/www.holstein.ch\/fr\/wp-json\/wp\/v2\/posts\/15136\/revisions"}],"predecessor-version":[{"id":24917,"href":"https:\/\/www.holstein.ch\/fr\/wp-json\/wp\/v2\/posts\/15136\/revisions\/24917"}],"wp:attachment":[{"href":"https:\/\/www.holstein.ch\/fr\/wp-json\/wp\/v2\/media?parent=15136"}],"wp:term":[{"taxonomy":"category","embeddable":true,"href":"https:\/\/www.holstein.ch\/fr\/wp-json\/wp\/v2\/categories?post=15136"},{"taxonomy":"post_tag","embeddable":true,"href":"https:\/\/www.holstein.ch\/fr\/wp-json\/wp\/v2\/tags?post=15136"}],"curies":[{"name":"wp","href":"https:\/\/api.w.org\/{rel}","templated":true}]}}