{"id":16989,"date":"2021-01-22T09:14:35","date_gmt":"2021-01-22T08:14:35","guid":{"rendered":"https:\/\/www.holstein.ch\/?p=16989"},"modified":"2023-11-14T21:39:52","modified_gmt":"2023-11-14T20:39:52","slug":"expo-bulle-2021-naura-pas-lieu-en-mars","status":"publish","type":"post","link":"https:\/\/www.holstein.ch\/fr\/expo-bulle-2021-naura-pas-lieu-en-mars\/","title":{"rendered":"EXPO Bulle 2021 n\u2019aura pas lieu en mars"},"content":{"rendered":"\n<p><strong>L\u2019\u00e9dition 2021 d\u2019EXPO Bulle ne pourra pas avoir lieu aux dates initialement pr\u00e9vues, les 26 et 27 mars. Les organisateurs r\u00e9fl\u00e9chissent actuellement \u00e0 des alternatives.<\/strong><\/p>\n\n\n\n<p>EXPO Bulle, haut lieu de l\u2019\u00e9levage Holstein et Red-Holstein, se voit contraint de renoncer \u00e0 la tenue de l\u2019exposition initialement pr\u00e9vue \u00e0 fin mars 2021 \u00e0 Espace Gruy\u00e8re. En effet, au vu de la situation sanitaire en lien avec le coronavirus, le comit\u00e9 d\u2019organisation a renonc\u00e9 \u00e0 mettre sur pied la manifestation selon le planning initial.<\/p>\n\n\n\n<p>Toutefois, le comit\u00e9 tient \u00e0 offrir la possibilit\u00e9 aux \u00e9leveurs de pr\u00e9senter leurs plus beaux sujets. Ainsi, il \u00e9tudie actuellement diff\u00e9rentes options pour mettre sur pied une exposition \u00e0 une date report\u00e9e. Si les conditions le permettent, cette \u00e9dition se tiendra \u00e9videmment dans un format particulier, sans stands commerciaux et sans public et sera diffus\u00e9e en streaming sur une plateforme num\u00e9rique.<\/p>\n","protected":false},"excerpt":{"rendered":"<p>L\u2019\u00e9dition 2021 d\u2019EXPO Bulle ne pourra pas avoir lieu aux dates initialement pr\u00e9vues, les 26 et 27 mars. Les organisateurs r\u00e9fl\u00e9chissent actuellement \u00e0 des alternatives. EXPO Bulle, haut lieu de l\u2019\u00e9levage Holstein et Red-Holstein, se voit contraint de renoncer \u00e0 la tenue de l\u2019exposition initialement pr\u00e9vue \u00e0 fin mars 2021 \u00e0 Espace Gruy\u00e8re. En effet, [&hellip;]<\/p>\n","protected":false},"author":42,"featured_media":0,"comment_status":"open","ping_status":"open","sticky":false,"template":"","format":"standard","meta":{"_acf_changed":false,"_monsterinsights_skip_tracking":false,"_monsterinsights_sitenote_active":false,"_monsterinsights_sitenote_note":"","_monsterinsights_sitenote_category":0,"footnotes":""},"categories":[599],"tags":[],"class_list":["post-16989","post","type-post","status-publish","format-standard","hentry","category-autres-actualites"],"acf":[],"yoast_head":"<!-- This site is optimized with the Yoast SEO plugin v26.9 - https:\/\/yoast.com\/product\/yoast-seo-wordpress\/ -->\n<title>EXPO Bulle 2021 n\u2019aura pas lieu en mars - Holstein Switzerland<\/title>\n<meta name=\"robots\" content=\"index, follow, max-snippet:-1, max-image-preview:large, max-video-preview:-1\" \/>\n<link rel=\"canonical\" href=\"https:\/\/www.holstein.ch\/fr\/expo-bulle-2021-naura-pas-lieu-en-mars\/\" \/>\n<meta property=\"og:locale\" content=\"fr_FR\" \/>\n<meta property=\"og:type\" content=\"article\" \/>\n<meta property=\"og:title\" content=\"EXPO Bulle 2021 n\u2019aura pas lieu en mars - Holstein Switzerland\" \/>\n<meta property=\"og:description\" content=\"L\u2019\u00e9dition 2021 d\u2019EXPO Bulle ne pourra pas avoir lieu aux dates initialement pr\u00e9vues, les 26 et 27 mars. Les organisateurs r\u00e9fl\u00e9chissent actuellement \u00e0 des alternatives. EXPO Bulle, haut lieu de l\u2019\u00e9levage Holstein et Red-Holstein, se voit contraint de renoncer \u00e0 la tenue de l\u2019exposition initialement pr\u00e9vue \u00e0 fin mars 2021 \u00e0 Espace Gruy\u00e8re. En effet, [&hellip;]\" \/>\n<meta property=\"og:url\" content=\"https:\/\/www.holstein.ch\/fr\/expo-bulle-2021-naura-pas-lieu-en-mars\/\" \/>\n<meta property=\"og:site_name\" content=\"Holstein Switzerland\" \/>\n<meta property=\"article:publisher\" content=\"https:\/\/www.facebook.com\/HolSwi\" \/>\n<meta property=\"article:published_time\" content=\"2021-01-22T08:14:35+00:00\" \/>\n<meta property=\"article:modified_time\" content=\"2023-11-14T20:39:52+00:00\" \/>\n<meta property=\"og:image\" content=\"https:\/\/www.holstein.ch\/wp-content\/uploads\/ExpoBulle_fond-rouge-2020.png\" \/>\n\t<meta property=\"og:image:width\" content=\"600\" \/>\n\t<meta property=\"og:image:height\" content=\"600\" \/>\n\t<meta property=\"og:image:type\" content=\"image\/png\" \/>\n<meta name=\"author\" content=\"Marie-Jos\u00e9 Rossier\" \/>\n<meta name=\"twitter:card\" content=\"summary_large_image\" \/>\n<meta name=\"twitter:label1\" content=\"\u00c9crit par\" \/>\n\t<meta name=\"twitter:data1\" content=\"Marie-Jos\u00e9 Rossier\" \/>\n\t<meta name=\"twitter:label2\" content=\"Dur\u00e9e de lecture estim\u00e9e\" \/>\n\t<meta name=\"twitter:data2\" content=\"1 minute\" \/>\n<script type=\"application\/ld+json\" class=\"yoast-schema-graph\">{\"@context\":\"https:\/\/schema.org\",\"@graph\":[{\"@type\":\"NewsArticle\",\"@id\":\"https:\/\/www.holstein.ch\/fr\/expo-bulle-2021-naura-pas-lieu-en-mars\/#article\",\"isPartOf\":{\"@id\":\"https:\/\/www.holstein.ch\/fr\/expo-bulle-2021-naura-pas-lieu-en-mars\/\"},\"author\":{\"name\":\"Marie-Jos\u00e9 Rossier\",\"@id\":\"https:\/\/www.holstein.ch\/fr\/#\/schema\/person\/91e83d490a3dfd0906e65d37ecbcbfb6\"},\"headline\":\"EXPO Bulle 2021 n\u2019aura pas lieu en mars\",\"datePublished\":\"2021-01-22T08:14:35+00:00\",\"dateModified\":\"2023-11-14T20:39:52+00:00\",\"mainEntityOfPage\":{\"@id\":\"https:\/\/www.holstein.ch\/fr\/expo-bulle-2021-naura-pas-lieu-en-mars\/\"},\"wordCount\":154,\"commentCount\":0,\"publisher\":{\"@id\":\"https:\/\/www.holstein.ch\/fr\/#organization\"},\"articleSection\":[\"Autres actualit\u00e9s\"],\"inLanguage\":\"fr-FR\"},{\"@type\":\"WebPage\",\"@id\":\"https:\/\/www.holstein.ch\/fr\/expo-bulle-2021-naura-pas-lieu-en-mars\/\",\"url\":\"https:\/\/www.holstein.ch\/fr\/expo-bulle-2021-naura-pas-lieu-en-mars\/\",\"name\":\"EXPO Bulle 2021 n\u2019aura pas lieu en mars - Holstein Switzerland\",\"isPartOf\":{\"@id\":\"https:\/\/www.holstein.ch\/fr\/#website\"},\"datePublished\":\"2021-01-22T08:14:35+00:00\",\"dateModified\":\"2023-11-14T20:39:52+00:00\",\"breadcrumb\":{\"@id\":\"https:\/\/www.holstein.ch\/fr\/expo-bulle-2021-naura-pas-lieu-en-mars\/#breadcrumb\"},\"inLanguage\":\"fr-FR\",\"potentialAction\":[{\"@type\":\"ReadAction\",\"target\":[\"https:\/\/www.holstein.ch\/fr\/expo-bulle-2021-naura-pas-lieu-en-mars\/\"]}]},{\"@type\":\"BreadcrumbList\",\"@id\":\"https:\/\/www.holstein.ch\/fr\/expo-bulle-2021-naura-pas-lieu-en-mars\/#breadcrumb\",\"itemListElement\":[{\"@type\":\"ListItem\",\"position\":1,\"name\":\"Autres actualit\u00e9s\",\"item\":\"https:\/\/www.holstein.ch\/fr\/publications\/autres-actualites\/\"},{\"@type\":\"ListItem\",\"position\":2,\"name\":\"EXPO Bulle 2021 n\u2019aura pas lieu en mars\"}]},{\"@type\":\"WebSite\",\"@id\":\"https:\/\/www.holstein.ch\/fr\/#website\",\"url\":\"https:\/\/www.holstein.ch\/fr\/\",\"name\":\"Holstein Switzerland\",\"description\":\"Holstein Switzerland\",\"publisher\":{\"@id\":\"https:\/\/www.holstein.ch\/fr\/#organization\"},\"potentialAction\":[{\"@type\":\"SearchAction\",\"target\":{\"@type\":\"EntryPoint\",\"urlTemplate\":\"https:\/\/www.holstein.ch\/fr\/?s={search_term_string}\"},\"query-input\":{\"@type\":\"PropertyValueSpecification\",\"valueRequired\":true,\"valueName\":\"search_term_string\"}}],\"inLanguage\":\"fr-FR\"},{\"@type\":\"Organization\",\"@id\":\"https:\/\/www.holstein.ch\/fr\/#organization\",\"name\":\"Holstein Switzerland\",\"url\":\"https:\/\/www.holstein.ch\/fr\/\",\"logo\":{\"@type\":\"ImageObject\",\"inLanguage\":\"fr-FR\",\"@id\":\"https:\/\/www.holstein.ch\/fr\/#\/schema\/logo\/image\/\",\"url\":\"https:\/\/www.holstein.ch\/wp-content\/uploads\/2023\/09\/holstein_switzerland_logo.png\",\"contentUrl\":\"https:\/\/www.holstein.ch\/wp-content\/uploads\/2023\/09\/holstein_switzerland_logo.png\",\"width\":800,\"height\":621,\"caption\":\"Holstein Switzerland\"},\"image\":{\"@id\":\"https:\/\/www.holstein.ch\/fr\/#\/schema\/logo\/image\/\"},\"sameAs\":[\"https:\/\/www.facebook.com\/HolSwi\",\"https:\/\/www.youtube.com\/@holsteinswitzerland\",\"https:\/\/www.instagram.com\/holstein_switzerland\"]},{\"@type\":\"Person\",\"@id\":\"https:\/\/www.holstein.ch\/fr\/#\/schema\/person\/91e83d490a3dfd0906e65d37ecbcbfb6\",\"name\":\"Marie-Jos\u00e9 Rossier\",\"image\":{\"@type\":\"ImageObject\",\"inLanguage\":\"fr-FR\",\"@id\":\"https:\/\/www.holstein.ch\/fr\/#\/schema\/person\/image\/\",\"url\":\"https:\/\/secure.gravatar.com\/avatar\/68ae16187ec4e6b8556e0e811e57dcb7c21c138f955e02087102f283ee2b3bb6?s=96&d=mm&r=g\",\"contentUrl\":\"https:\/\/secure.gravatar.com\/avatar\/68ae16187ec4e6b8556e0e811e57dcb7c21c138f955e02087102f283ee2b3bb6?s=96&d=mm&r=g\",\"caption\":\"Marie-Jos\u00e9 Rossier\"}}]}<\/script>\n<!-- \/ Yoast SEO plugin. -->","yoast_head_json":{"title":"EXPO Bulle 2021 n\u2019aura pas lieu en mars - Holstein Switzerland","robots":{"index":"index","follow":"follow","max-snippet":"max-snippet:-1","max-image-preview":"max-image-preview:large","max-video-preview":"max-video-preview:-1"},"canonical":"https:\/\/www.holstein.ch\/fr\/expo-bulle-2021-naura-pas-lieu-en-mars\/","og_locale":"fr_FR","og_type":"article","og_title":"EXPO Bulle 2021 n\u2019aura pas lieu en mars - Holstein Switzerland","og_description":"L\u2019\u00e9dition 2021 d\u2019EXPO Bulle ne pourra pas avoir lieu aux dates initialement pr\u00e9vues, les 26 et 27 mars. Les organisateurs r\u00e9fl\u00e9chissent actuellement \u00e0 des alternatives. EXPO Bulle, haut lieu de l\u2019\u00e9levage Holstein et Red-Holstein, se voit contraint de renoncer \u00e0 la tenue de l\u2019exposition initialement pr\u00e9vue \u00e0 fin mars 2021 \u00e0 Espace Gruy\u00e8re. En effet, [&hellip;]","og_url":"https:\/\/www.holstein.ch\/fr\/expo-bulle-2021-naura-pas-lieu-en-mars\/","og_site_name":"Holstein Switzerland","article_publisher":"https:\/\/www.facebook.com\/HolSwi","article_published_time":"2021-01-22T08:14:35+00:00","article_modified_time":"2023-11-14T20:39:52+00:00","og_image":[{"width":600,"height":600,"url":"https:\/\/www.holstein.ch\/wp-content\/uploads\/ExpoBulle_fond-rouge-2020.png","type":"image\/png"}],"author":"Marie-Jos\u00e9 Rossier","twitter_card":"summary_large_image","twitter_misc":{"\u00c9crit par":"Marie-Jos\u00e9 Rossier","Dur\u00e9e de lecture estim\u00e9e":"1 minute"},"schema":{"@context":"https:\/\/schema.org","@graph":[{"@type":"NewsArticle","@id":"https:\/\/www.holstein.ch\/fr\/expo-bulle-2021-naura-pas-lieu-en-mars\/#article","isPartOf":{"@id":"https:\/\/www.holstein.ch\/fr\/expo-bulle-2021-naura-pas-lieu-en-mars\/"},"author":{"name":"Marie-Jos\u00e9 Rossier","@id":"https:\/\/www.holstein.ch\/fr\/#\/schema\/person\/91e83d490a3dfd0906e65d37ecbcbfb6"},"headline":"EXPO Bulle 2021 n\u2019aura pas lieu en mars","datePublished":"2021-01-22T08:14:35+00:00","dateModified":"2023-11-14T20:39:52+00:00","mainEntityOfPage":{"@id":"https:\/\/www.holstein.ch\/fr\/expo-bulle-2021-naura-pas-lieu-en-mars\/"},"wordCount":154,"commentCount":0,"publisher":{"@id":"https:\/\/www.holstein.ch\/fr\/#organization"},"articleSection":["Autres actualit\u00e9s"],"inLanguage":"fr-FR"},{"@type":"WebPage","@id":"https:\/\/www.holstein.ch\/fr\/expo-bulle-2021-naura-pas-lieu-en-mars\/","url":"https:\/\/www.holstein.ch\/fr\/expo-bulle-2021-naura-pas-lieu-en-mars\/","name":"EXPO Bulle 2021 n\u2019aura pas lieu en mars - Holstein Switzerland","isPartOf":{"@id":"https:\/\/www.holstein.ch\/fr\/#website"},"datePublished":"2021-01-22T08:14:35+00:00","dateModified":"2023-11-14T20:39:52+00:00","breadcrumb":{"@id":"https:\/\/www.holstein.ch\/fr\/expo-bulle-2021-naura-pas-lieu-en-mars\/#breadcrumb"},"inLanguage":"fr-FR","potentialAction":[{"@type":"ReadAction","target":["https:\/\/www.holstein.ch\/fr\/expo-bulle-2021-naura-pas-lieu-en-mars\/"]}]},{"@type":"BreadcrumbList","@id":"https:\/\/www.holstein.ch\/fr\/expo-bulle-2021-naura-pas-lieu-en-mars\/#breadcrumb","itemListElement":[{"@type":"ListItem","position":1,"name":"Autres actualit\u00e9s","item":"https:\/\/www.holstein.ch\/fr\/publications\/autres-actualites\/"},{"@type":"ListItem","position":2,"name":"EXPO Bulle 2021 n\u2019aura pas lieu en mars"}]},{"@type":"WebSite","@id":"https:\/\/www.holstein.ch\/fr\/#website","url":"https:\/\/www.holstein.ch\/fr\/","name":"Holstein Switzerland","description":"Holstein Switzerland","publisher":{"@id":"https:\/\/www.holstein.ch\/fr\/#organization"},"potentialAction":[{"@type":"SearchAction","target":{"@type":"EntryPoint","urlTemplate":"https:\/\/www.holstein.ch\/fr\/?s={search_term_string}"},"query-input":{"@type":"PropertyValueSpecification","valueRequired":true,"valueName":"search_term_string"}}],"inLanguage":"fr-FR"},{"@type":"Organization","@id":"https:\/\/www.holstein.ch\/fr\/#organization","name":"Holstein Switzerland","url":"https:\/\/www.holstein.ch\/fr\/","logo":{"@type":"ImageObject","inLanguage":"fr-FR","@id":"https:\/\/www.holstein.ch\/fr\/#\/schema\/logo\/image\/","url":"https:\/\/www.holstein.ch\/wp-content\/uploads\/2023\/09\/holstein_switzerland_logo.png","contentUrl":"https:\/\/www.holstein.ch\/wp-content\/uploads\/2023\/09\/holstein_switzerland_logo.png","width":800,"height":621,"caption":"Holstein Switzerland"},"image":{"@id":"https:\/\/www.holstein.ch\/fr\/#\/schema\/logo\/image\/"},"sameAs":["https:\/\/www.facebook.com\/HolSwi","https:\/\/www.youtube.com\/@holsteinswitzerland","https:\/\/www.instagram.com\/holstein_switzerland"]},{"@type":"Person","@id":"https:\/\/www.holstein.ch\/fr\/#\/schema\/person\/91e83d490a3dfd0906e65d37ecbcbfb6","name":"Marie-Jos\u00e9 Rossier","image":{"@type":"ImageObject","inLanguage":"fr-FR","@id":"https:\/\/www.holstein.ch\/fr\/#\/schema\/person\/image\/","url":"https:\/\/secure.gravatar.com\/avatar\/68ae16187ec4e6b8556e0e811e57dcb7c21c138f955e02087102f283ee2b3bb6?s=96&d=mm&r=g","contentUrl":"https:\/\/secure.gravatar.com\/avatar\/68ae16187ec4e6b8556e0e811e57dcb7c21c138f955e02087102f283ee2b3bb6?s=96&d=mm&r=g","caption":"Marie-Jos\u00e9 Rossier"}}]}},"_links":{"self":[{"href":"https:\/\/www.holstein.ch\/fr\/wp-json\/wp\/v2\/posts\/16989","targetHints":{"allow":["GET"]}}],"collection":[{"href":"https:\/\/www.holstein.ch\/fr\/wp-json\/wp\/v2\/posts"}],"about":[{"href":"https:\/\/www.holstein.ch\/fr\/wp-json\/wp\/v2\/types\/post"}],"author":[{"embeddable":true,"href":"https:\/\/www.holstein.ch\/fr\/wp-json\/wp\/v2\/users\/42"}],"replies":[{"embeddable":true,"href":"https:\/\/www.holstein.ch\/fr\/wp-json\/wp\/v2\/comments?post=16989"}],"version-history":[{"count":3,"href":"https:\/\/www.holstein.ch\/fr\/wp-json\/wp\/v2\/posts\/16989\/revisions"}],"predecessor-version":[{"id":27833,"href":"https:\/\/www.holstein.ch\/fr\/wp-json\/wp\/v2\/posts\/16989\/revisions\/27833"}],"wp:attachment":[{"href":"https:\/\/www.holstein.ch\/fr\/wp-json\/wp\/v2\/media?parent=16989"}],"wp:term":[{"taxonomy":"category","embeddable":true,"href":"https:\/\/www.holstein.ch\/fr\/wp-json\/wp\/v2\/categories?post=16989"},{"taxonomy":"post_tag","embeddable":true,"href":"https:\/\/www.holstein.ch\/fr\/wp-json\/wp\/v2\/tags?post=16989"}],"curies":[{"name":"wp","href":"https:\/\/api.w.org\/{rel}","templated":true}]}}