{"id":17212,"date":"2021-02-15T08:00:14","date_gmt":"2021-02-15T07:00:14","guid":{"rendered":"https:\/\/www.holstein.ch\/?p=17212"},"modified":"2023-11-14T21:45:36","modified_gmt":"2023-11-14T20:45:36","slug":"la-vache-holstein-switzerland-de-lannee-2021","status":"publish","type":"post","link":"https:\/\/www.holstein.ch\/fr\/la-vache-holstein-switzerland-de-lannee-2021\/","title":{"rendered":"La Vache HOLSTEIN SWITZERLAND de l&#8217;ann\u00e9e 2021"},"content":{"rendered":"\n<p>Comme en 2019 et en 2020, la &#8220;<strong>Vache HOLSTEIN SWITZERLAND de l&#8217;ann\u00e9e<\/strong>&#8221; officielle sera honor\u00e9e lors des Holstein Awards 2021. Cette distinction est issue d\u2019une collaboration sp\u00e9ciale entre<br>Holstein International et Holstein Switzerland.<\/p>\n\n\n\n<p>Vous pouvez \u00e9galement d\u00e9cider quelles seront les 5 vaches qui, au final, seront en comp\u00e9tition pour le titre de &#8220;Vache Holstein Switzerland de l&#8217;ann\u00e9e&#8221;. Envoyez vos suggestions avant le<br>2 avril 2021 \u00e0 <a href=\"mailto:info@holsteininternational.com\">info@holsteininternational.com<\/a> ou <a href=\"mailto:info@holstein.ch\">info@holstein.ch<\/a>.<\/p>\n\n\n\n<p>Les vaches qui remplissent les crit\u00e8res suivants peuvent \u00eatre nomin\u00e9es:<\/p>\n\n\n\n<div class=\"wp-block-buttons is-layout-flex wp-block-buttons-is-layout-flex\">\n<div class=\"wp-block-button\"><a class=\"wp-block-button__link wp-element-button\" href=\"\/wp-content\/uploads\/2023\/11\/210105_Vache_de_lannee_2021_F.pdf\" target=\"_blank\" rel=\"noreferrer noopener\">Ouvrir le PDF dans un nouvel onglet<\/a><\/div>\n<\/div>\n","protected":false},"excerpt":{"rendered":"<p>Comme en 2019 et en 2020, la &#8220;Vache HOLSTEIN SWITZERLAND de l&#8217;ann\u00e9e&#8221; officielle sera honor\u00e9e lors des Holstein Awards 2021. Cette distinction est issue d\u2019une collaboration sp\u00e9ciale entreHolstein International et Holstein Switzerland. Vous pouvez \u00e9galement d\u00e9cider quelles seront les 5 vaches qui, au final, seront en comp\u00e9tition pour le titre de &#8220;Vache Holstein Switzerland de [&hellip;]<\/p>\n","protected":false},"author":42,"featured_media":17215,"comment_status":"open","ping_status":"open","sticky":false,"template":"","format":"standard","meta":{"_acf_changed":false,"_monsterinsights_skip_tracking":false,"_monsterinsights_sitenote_active":false,"_monsterinsights_sitenote_note":"","_monsterinsights_sitenote_category":0,"footnotes":""},"categories":[599],"tags":[],"class_list":["post-17212","post","type-post","status-publish","format-standard","has-post-thumbnail","hentry","category-autres-actualites"],"acf":[],"yoast_head":"<!-- This site is optimized with the Yoast SEO plugin v26.9 - https:\/\/yoast.com\/product\/yoast-seo-wordpress\/ -->\n<title>La Vache HOLSTEIN SWITZERLAND de l&#039;ann\u00e9e 2021 - Holstein Switzerland<\/title>\n<meta name=\"robots\" content=\"index, follow, max-snippet:-1, max-image-preview:large, max-video-preview:-1\" \/>\n<link rel=\"canonical\" href=\"https:\/\/www.holstein.ch\/fr\/la-vache-holstein-switzerland-de-lannee-2021\/\" \/>\n<meta property=\"og:locale\" content=\"fr_FR\" \/>\n<meta property=\"og:type\" content=\"article\" \/>\n<meta property=\"og:title\" content=\"La Vache HOLSTEIN SWITZERLAND de l&#039;ann\u00e9e 2021 - Holstein Switzerland\" \/>\n<meta property=\"og:description\" content=\"Comme en 2019 et en 2020, la &#8220;Vache HOLSTEIN SWITZERLAND de l&#8217;ann\u00e9e&#8221; officielle sera honor\u00e9e lors des Holstein Awards 2021. Cette distinction est issue d\u2019une collaboration sp\u00e9ciale entreHolstein International et Holstein Switzerland. Vous pouvez \u00e9galement d\u00e9cider quelles seront les 5 vaches qui, au final, seront en comp\u00e9tition pour le titre de &#8220;Vache Holstein Switzerland de [&hellip;]\" \/>\n<meta property=\"og:url\" content=\"https:\/\/www.holstein.ch\/fr\/la-vache-holstein-switzerland-de-lannee-2021\/\" \/>\n<meta property=\"og:site_name\" content=\"Holstein Switzerland\" \/>\n<meta property=\"article:publisher\" content=\"https:\/\/www.facebook.com\/HolSwi\" \/>\n<meta property=\"article:published_time\" content=\"2021-02-15T07:00:14+00:00\" \/>\n<meta property=\"article:modified_time\" content=\"2023-11-14T20:45:36+00:00\" \/>\n<meta property=\"og:image\" content=\"https:\/\/www.holstein.ch\/wp-content\/uploads\/VHOS2021_StartConcours.jpg\" \/>\n\t<meta property=\"og:image:width\" content=\"1080\" \/>\n\t<meta property=\"og:image:height\" content=\"868\" \/>\n\t<meta property=\"og:image:type\" content=\"image\/jpeg\" \/>\n<meta name=\"author\" content=\"Marie-Jos\u00e9 Rossier\" \/>\n<meta name=\"twitter:card\" content=\"summary_large_image\" \/>\n<meta name=\"twitter:label1\" content=\"\u00c9crit par\" \/>\n\t<meta name=\"twitter:data1\" content=\"Marie-Jos\u00e9 Rossier\" \/>\n\t<meta name=\"twitter:label2\" content=\"Dur\u00e9e de lecture estim\u00e9e\" \/>\n\t<meta name=\"twitter:data2\" content=\"1 minute\" \/>\n<script type=\"application\/ld+json\" class=\"yoast-schema-graph\">{\"@context\":\"https:\/\/schema.org\",\"@graph\":[{\"@type\":\"NewsArticle\",\"@id\":\"https:\/\/www.holstein.ch\/fr\/la-vache-holstein-switzerland-de-lannee-2021\/#article\",\"isPartOf\":{\"@id\":\"https:\/\/www.holstein.ch\/fr\/la-vache-holstein-switzerland-de-lannee-2021\/\"},\"author\":{\"name\":\"Marie-Jos\u00e9 Rossier\",\"@id\":\"https:\/\/www.holstein.ch\/fr\/#\/schema\/person\/91e83d490a3dfd0906e65d37ecbcbfb6\"},\"headline\":\"La Vache HOLSTEIN SWITZERLAND de l&#8217;ann\u00e9e 2021\",\"datePublished\":\"2021-02-15T07:00:14+00:00\",\"dateModified\":\"2023-11-14T20:45:36+00:00\",\"mainEntityOfPage\":{\"@id\":\"https:\/\/www.holstein.ch\/fr\/la-vache-holstein-switzerland-de-lannee-2021\/\"},\"wordCount\":101,\"commentCount\":0,\"publisher\":{\"@id\":\"https:\/\/www.holstein.ch\/fr\/#organization\"},\"image\":{\"@id\":\"https:\/\/www.holstein.ch\/fr\/la-vache-holstein-switzerland-de-lannee-2021\/#primaryimage\"},\"thumbnailUrl\":\"https:\/\/www.holstein.ch\/wp-content\/uploads\/VHOS2021_StartConcours.jpg\",\"articleSection\":[\"Autres actualit\u00e9s\"],\"inLanguage\":\"fr-FR\"},{\"@type\":\"WebPage\",\"@id\":\"https:\/\/www.holstein.ch\/fr\/la-vache-holstein-switzerland-de-lannee-2021\/\",\"url\":\"https:\/\/www.holstein.ch\/fr\/la-vache-holstein-switzerland-de-lannee-2021\/\",\"name\":\"La Vache HOLSTEIN SWITZERLAND de l'ann\u00e9e 2021 - Holstein Switzerland\",\"isPartOf\":{\"@id\":\"https:\/\/www.holstein.ch\/fr\/#website\"},\"primaryImageOfPage\":{\"@id\":\"https:\/\/www.holstein.ch\/fr\/la-vache-holstein-switzerland-de-lannee-2021\/#primaryimage\"},\"image\":{\"@id\":\"https:\/\/www.holstein.ch\/fr\/la-vache-holstein-switzerland-de-lannee-2021\/#primaryimage\"},\"thumbnailUrl\":\"https:\/\/www.holstein.ch\/wp-content\/uploads\/VHOS2021_StartConcours.jpg\",\"datePublished\":\"2021-02-15T07:00:14+00:00\",\"dateModified\":\"2023-11-14T20:45:36+00:00\",\"breadcrumb\":{\"@id\":\"https:\/\/www.holstein.ch\/fr\/la-vache-holstein-switzerland-de-lannee-2021\/#breadcrumb\"},\"inLanguage\":\"fr-FR\",\"potentialAction\":[{\"@type\":\"ReadAction\",\"target\":[\"https:\/\/www.holstein.ch\/fr\/la-vache-holstein-switzerland-de-lannee-2021\/\"]}]},{\"@type\":\"ImageObject\",\"inLanguage\":\"fr-FR\",\"@id\":\"https:\/\/www.holstein.ch\/fr\/la-vache-holstein-switzerland-de-lannee-2021\/#primaryimage\",\"url\":\"https:\/\/www.holstein.ch\/wp-content\/uploads\/VHOS2021_StartConcours.jpg\",\"contentUrl\":\"https:\/\/www.holstein.ch\/wp-content\/uploads\/VHOS2021_StartConcours.jpg\",\"width\":1080,\"height\":868},{\"@type\":\"BreadcrumbList\",\"@id\":\"https:\/\/www.holstein.ch\/fr\/la-vache-holstein-switzerland-de-lannee-2021\/#breadcrumb\",\"itemListElement\":[{\"@type\":\"ListItem\",\"position\":1,\"name\":\"Autres actualit\u00e9s\",\"item\":\"https:\/\/www.holstein.ch\/fr\/publications\/autres-actualites\/\"},{\"@type\":\"ListItem\",\"position\":2,\"name\":\"La Vache HOLSTEIN SWITZERLAND de l&#8217;ann\u00e9e 2021\"}]},{\"@type\":\"WebSite\",\"@id\":\"https:\/\/www.holstein.ch\/fr\/#website\",\"url\":\"https:\/\/www.holstein.ch\/fr\/\",\"name\":\"Holstein Switzerland\",\"description\":\"Holstein Switzerland\",\"publisher\":{\"@id\":\"https:\/\/www.holstein.ch\/fr\/#organization\"},\"potentialAction\":[{\"@type\":\"SearchAction\",\"target\":{\"@type\":\"EntryPoint\",\"urlTemplate\":\"https:\/\/www.holstein.ch\/fr\/?s={search_term_string}\"},\"query-input\":{\"@type\":\"PropertyValueSpecification\",\"valueRequired\":true,\"valueName\":\"search_term_string\"}}],\"inLanguage\":\"fr-FR\"},{\"@type\":\"Organization\",\"@id\":\"https:\/\/www.holstein.ch\/fr\/#organization\",\"name\":\"Holstein Switzerland\",\"url\":\"https:\/\/www.holstein.ch\/fr\/\",\"logo\":{\"@type\":\"ImageObject\",\"inLanguage\":\"fr-FR\",\"@id\":\"https:\/\/www.holstein.ch\/fr\/#\/schema\/logo\/image\/\",\"url\":\"https:\/\/www.holstein.ch\/wp-content\/uploads\/2023\/09\/holstein_switzerland_logo.png\",\"contentUrl\":\"https:\/\/www.holstein.ch\/wp-content\/uploads\/2023\/09\/holstein_switzerland_logo.png\",\"width\":800,\"height\":621,\"caption\":\"Holstein Switzerland\"},\"image\":{\"@id\":\"https:\/\/www.holstein.ch\/fr\/#\/schema\/logo\/image\/\"},\"sameAs\":[\"https:\/\/www.facebook.com\/HolSwi\",\"https:\/\/www.youtube.com\/@holsteinswitzerland\",\"https:\/\/www.instagram.com\/holstein_switzerland\"]},{\"@type\":\"Person\",\"@id\":\"https:\/\/www.holstein.ch\/fr\/#\/schema\/person\/91e83d490a3dfd0906e65d37ecbcbfb6\",\"name\":\"Marie-Jos\u00e9 Rossier\",\"image\":{\"@type\":\"ImageObject\",\"inLanguage\":\"fr-FR\",\"@id\":\"https:\/\/www.holstein.ch\/fr\/#\/schema\/person\/image\/\",\"url\":\"https:\/\/secure.gravatar.com\/avatar\/68ae16187ec4e6b8556e0e811e57dcb7c21c138f955e02087102f283ee2b3bb6?s=96&d=mm&r=g\",\"contentUrl\":\"https:\/\/secure.gravatar.com\/avatar\/68ae16187ec4e6b8556e0e811e57dcb7c21c138f955e02087102f283ee2b3bb6?s=96&d=mm&r=g\",\"caption\":\"Marie-Jos\u00e9 Rossier\"}}]}<\/script>\n<!-- \/ Yoast SEO plugin. -->","yoast_head_json":{"title":"La Vache HOLSTEIN SWITZERLAND de l'ann\u00e9e 2021 - Holstein Switzerland","robots":{"index":"index","follow":"follow","max-snippet":"max-snippet:-1","max-image-preview":"max-image-preview:large","max-video-preview":"max-video-preview:-1"},"canonical":"https:\/\/www.holstein.ch\/fr\/la-vache-holstein-switzerland-de-lannee-2021\/","og_locale":"fr_FR","og_type":"article","og_title":"La Vache HOLSTEIN SWITZERLAND de l'ann\u00e9e 2021 - Holstein Switzerland","og_description":"Comme en 2019 et en 2020, la &#8220;Vache HOLSTEIN SWITZERLAND de l&#8217;ann\u00e9e&#8221; officielle sera honor\u00e9e lors des Holstein Awards 2021. Cette distinction est issue d\u2019une collaboration sp\u00e9ciale entreHolstein International et Holstein Switzerland. Vous pouvez \u00e9galement d\u00e9cider quelles seront les 5 vaches qui, au final, seront en comp\u00e9tition pour le titre de &#8220;Vache Holstein Switzerland de [&hellip;]","og_url":"https:\/\/www.holstein.ch\/fr\/la-vache-holstein-switzerland-de-lannee-2021\/","og_site_name":"Holstein Switzerland","article_publisher":"https:\/\/www.facebook.com\/HolSwi","article_published_time":"2021-02-15T07:00:14+00:00","article_modified_time":"2023-11-14T20:45:36+00:00","og_image":[{"width":1080,"height":868,"url":"https:\/\/www.holstein.ch\/wp-content\/uploads\/VHOS2021_StartConcours.jpg","type":"image\/jpeg"}],"author":"Marie-Jos\u00e9 Rossier","twitter_card":"summary_large_image","twitter_misc":{"\u00c9crit par":"Marie-Jos\u00e9 Rossier","Dur\u00e9e de lecture estim\u00e9e":"1 minute"},"schema":{"@context":"https:\/\/schema.org","@graph":[{"@type":"NewsArticle","@id":"https:\/\/www.holstein.ch\/fr\/la-vache-holstein-switzerland-de-lannee-2021\/#article","isPartOf":{"@id":"https:\/\/www.holstein.ch\/fr\/la-vache-holstein-switzerland-de-lannee-2021\/"},"author":{"name":"Marie-Jos\u00e9 Rossier","@id":"https:\/\/www.holstein.ch\/fr\/#\/schema\/person\/91e83d490a3dfd0906e65d37ecbcbfb6"},"headline":"La Vache HOLSTEIN SWITZERLAND de l&#8217;ann\u00e9e 2021","datePublished":"2021-02-15T07:00:14+00:00","dateModified":"2023-11-14T20:45:36+00:00","mainEntityOfPage":{"@id":"https:\/\/www.holstein.ch\/fr\/la-vache-holstein-switzerland-de-lannee-2021\/"},"wordCount":101,"commentCount":0,"publisher":{"@id":"https:\/\/www.holstein.ch\/fr\/#organization"},"image":{"@id":"https:\/\/www.holstein.ch\/fr\/la-vache-holstein-switzerland-de-lannee-2021\/#primaryimage"},"thumbnailUrl":"https:\/\/www.holstein.ch\/wp-content\/uploads\/VHOS2021_StartConcours.jpg","articleSection":["Autres actualit\u00e9s"],"inLanguage":"fr-FR"},{"@type":"WebPage","@id":"https:\/\/www.holstein.ch\/fr\/la-vache-holstein-switzerland-de-lannee-2021\/","url":"https:\/\/www.holstein.ch\/fr\/la-vache-holstein-switzerland-de-lannee-2021\/","name":"La Vache HOLSTEIN SWITZERLAND de l'ann\u00e9e 2021 - Holstein Switzerland","isPartOf":{"@id":"https:\/\/www.holstein.ch\/fr\/#website"},"primaryImageOfPage":{"@id":"https:\/\/www.holstein.ch\/fr\/la-vache-holstein-switzerland-de-lannee-2021\/#primaryimage"},"image":{"@id":"https:\/\/www.holstein.ch\/fr\/la-vache-holstein-switzerland-de-lannee-2021\/#primaryimage"},"thumbnailUrl":"https:\/\/www.holstein.ch\/wp-content\/uploads\/VHOS2021_StartConcours.jpg","datePublished":"2021-02-15T07:00:14+00:00","dateModified":"2023-11-14T20:45:36+00:00","breadcrumb":{"@id":"https:\/\/www.holstein.ch\/fr\/la-vache-holstein-switzerland-de-lannee-2021\/#breadcrumb"},"inLanguage":"fr-FR","potentialAction":[{"@type":"ReadAction","target":["https:\/\/www.holstein.ch\/fr\/la-vache-holstein-switzerland-de-lannee-2021\/"]}]},{"@type":"ImageObject","inLanguage":"fr-FR","@id":"https:\/\/www.holstein.ch\/fr\/la-vache-holstein-switzerland-de-lannee-2021\/#primaryimage","url":"https:\/\/www.holstein.ch\/wp-content\/uploads\/VHOS2021_StartConcours.jpg","contentUrl":"https:\/\/www.holstein.ch\/wp-content\/uploads\/VHOS2021_StartConcours.jpg","width":1080,"height":868},{"@type":"BreadcrumbList","@id":"https:\/\/www.holstein.ch\/fr\/la-vache-holstein-switzerland-de-lannee-2021\/#breadcrumb","itemListElement":[{"@type":"ListItem","position":1,"name":"Autres actualit\u00e9s","item":"https:\/\/www.holstein.ch\/fr\/publications\/autres-actualites\/"},{"@type":"ListItem","position":2,"name":"La Vache HOLSTEIN SWITZERLAND de l&#8217;ann\u00e9e 2021"}]},{"@type":"WebSite","@id":"https:\/\/www.holstein.ch\/fr\/#website","url":"https:\/\/www.holstein.ch\/fr\/","name":"Holstein Switzerland","description":"Holstein Switzerland","publisher":{"@id":"https:\/\/www.holstein.ch\/fr\/#organization"},"potentialAction":[{"@type":"SearchAction","target":{"@type":"EntryPoint","urlTemplate":"https:\/\/www.holstein.ch\/fr\/?s={search_term_string}"},"query-input":{"@type":"PropertyValueSpecification","valueRequired":true,"valueName":"search_term_string"}}],"inLanguage":"fr-FR"},{"@type":"Organization","@id":"https:\/\/www.holstein.ch\/fr\/#organization","name":"Holstein Switzerland","url":"https:\/\/www.holstein.ch\/fr\/","logo":{"@type":"ImageObject","inLanguage":"fr-FR","@id":"https:\/\/www.holstein.ch\/fr\/#\/schema\/logo\/image\/","url":"https:\/\/www.holstein.ch\/wp-content\/uploads\/2023\/09\/holstein_switzerland_logo.png","contentUrl":"https:\/\/www.holstein.ch\/wp-content\/uploads\/2023\/09\/holstein_switzerland_logo.png","width":800,"height":621,"caption":"Holstein Switzerland"},"image":{"@id":"https:\/\/www.holstein.ch\/fr\/#\/schema\/logo\/image\/"},"sameAs":["https:\/\/www.facebook.com\/HolSwi","https:\/\/www.youtube.com\/@holsteinswitzerland","https:\/\/www.instagram.com\/holstein_switzerland"]},{"@type":"Person","@id":"https:\/\/www.holstein.ch\/fr\/#\/schema\/person\/91e83d490a3dfd0906e65d37ecbcbfb6","name":"Marie-Jos\u00e9 Rossier","image":{"@type":"ImageObject","inLanguage":"fr-FR","@id":"https:\/\/www.holstein.ch\/fr\/#\/schema\/person\/image\/","url":"https:\/\/secure.gravatar.com\/avatar\/68ae16187ec4e6b8556e0e811e57dcb7c21c138f955e02087102f283ee2b3bb6?s=96&d=mm&r=g","contentUrl":"https:\/\/secure.gravatar.com\/avatar\/68ae16187ec4e6b8556e0e811e57dcb7c21c138f955e02087102f283ee2b3bb6?s=96&d=mm&r=g","caption":"Marie-Jos\u00e9 Rossier"}}]}},"_links":{"self":[{"href":"https:\/\/www.holstein.ch\/fr\/wp-json\/wp\/v2\/posts\/17212","targetHints":{"allow":["GET"]}}],"collection":[{"href":"https:\/\/www.holstein.ch\/fr\/wp-json\/wp\/v2\/posts"}],"about":[{"href":"https:\/\/www.holstein.ch\/fr\/wp-json\/wp\/v2\/types\/post"}],"author":[{"embeddable":true,"href":"https:\/\/www.holstein.ch\/fr\/wp-json\/wp\/v2\/users\/42"}],"replies":[{"embeddable":true,"href":"https:\/\/www.holstein.ch\/fr\/wp-json\/wp\/v2\/comments?post=17212"}],"version-history":[{"count":2,"href":"https:\/\/www.holstein.ch\/fr\/wp-json\/wp\/v2\/posts\/17212\/revisions"}],"predecessor-version":[{"id":27840,"href":"https:\/\/www.holstein.ch\/fr\/wp-json\/wp\/v2\/posts\/17212\/revisions\/27840"}],"wp:featuredmedia":[{"embeddable":true,"href":"https:\/\/www.holstein.ch\/fr\/wp-json\/wp\/v2\/media\/17215"}],"wp:attachment":[{"href":"https:\/\/www.holstein.ch\/fr\/wp-json\/wp\/v2\/media?parent=17212"}],"wp:term":[{"taxonomy":"category","embeddable":true,"href":"https:\/\/www.holstein.ch\/fr\/wp-json\/wp\/v2\/categories?post=17212"},{"taxonomy":"post_tag","embeddable":true,"href":"https:\/\/www.holstein.ch\/fr\/wp-json\/wp\/v2\/tags?post=17212"}],"curies":[{"name":"wp","href":"https:\/\/api.w.org\/{rel}","templated":true}]}}