{"id":21061,"date":"2022-06-29T08:30:16","date_gmt":"2022-06-29T06:30:16","guid":{"rendered":"https:\/\/www.holstein.ch\/?p=21061"},"modified":"2023-11-14T20:45:15","modified_gmt":"2023-11-14T19:45:15","slug":"holstein-switzerland-demenage","status":"publish","type":"post","link":"https:\/\/www.holstein.ch\/fr\/holstein-switzerland-demenage\/","title":{"rendered":"HOLSTEIN SWITZERLAND D\u00c9M\u00c9NAGE"},"content":{"rendered":"\n<p>Afin de laisser la place \u00e0 la nouvelle section \u00ab agriculture \u00bb de Grangeneuve, qui regroupe le centre de conseils et les services cantonaux, Holstein Switzerland change de bureaux au d\u00e9but juillet 2022.<\/p>\n\n\n\n<p>Holstein Switzerland en profite pour modifier sa t\u00e9l\u00e9phonie. Veuillez noter les nouvelles coordonn\u00e9es que vous trouverez ci-dessous, valables d\u00e8s le 1<sup>er<\/sup> juillet 2022 :<\/p>\n\n\n\n<p class=\"has-text-align-center\"><strong>Holstein Switzerland<\/strong><strong><br>Route de Grangeneuve 37<br>1725 Posieux<br>&#8212;&#8212;&#8212;&#8212;&#8211;<br>026 564 12 00<\/strong><\/p>\n\n\n\n<p>Pour cause de d\u00e9m\u00e9nagement, nos serveurs informatiques seront indisponibles: le mercredi 6 juillet<br>Merci d&#8217;avance pour votre compr\u00e9hension<\/p>\n","protected":false},"excerpt":{"rendered":"<p>Afin de laisser la place \u00e0 la nouvelle section \u00ab agriculture \u00bb de Grangeneuve, qui regroupe le centre de conseils et les services cantonaux, Holstein Switzerland change de bureaux au d\u00e9but juillet 2022. Holstein Switzerland en profite pour modifier sa t\u00e9l\u00e9phonie. Veuillez noter les nouvelles coordonn\u00e9es que vous trouverez ci-dessous, valables d\u00e8s le 1er juillet [&hellip;]<\/p>\n","protected":false},"author":42,"featured_media":21065,"comment_status":"open","ping_status":"open","sticky":false,"template":"","format":"standard","meta":{"_acf_changed":false,"_monsterinsights_skip_tracking":false,"_monsterinsights_sitenote_active":false,"_monsterinsights_sitenote_note":"","_monsterinsights_sitenote_category":0,"footnotes":""},"categories":[599],"tags":[],"class_list":["post-21061","post","type-post","status-publish","format-standard","has-post-thumbnail","hentry","category-autres-actualites"],"acf":[],"yoast_head":"<!-- This site is optimized with the Yoast SEO plugin v26.9 - https:\/\/yoast.com\/product\/yoast-seo-wordpress\/ -->\n<title>HOLSTEIN SWITZERLAND D\u00c9M\u00c9NAGE - Holstein Switzerland<\/title>\n<meta name=\"robots\" content=\"index, follow, max-snippet:-1, max-image-preview:large, max-video-preview:-1\" \/>\n<link rel=\"canonical\" href=\"https:\/\/www.holstein.ch\/fr\/holstein-switzerland-demenage\/\" \/>\n<meta property=\"og:locale\" content=\"fr_FR\" \/>\n<meta property=\"og:type\" content=\"article\" \/>\n<meta property=\"og:title\" content=\"HOLSTEIN SWITZERLAND D\u00c9M\u00c9NAGE - Holstein Switzerland\" \/>\n<meta property=\"og:description\" content=\"Afin de laisser la place \u00e0 la nouvelle section \u00ab agriculture \u00bb de Grangeneuve, qui regroupe le centre de conseils et les services cantonaux, Holstein Switzerland change de bureaux au d\u00e9but juillet 2022. Holstein Switzerland en profite pour modifier sa t\u00e9l\u00e9phonie. Veuillez noter les nouvelles coordonn\u00e9es que vous trouverez ci-dessous, valables d\u00e8s le 1er juillet [&hellip;]\" \/>\n<meta property=\"og:url\" content=\"https:\/\/www.holstein.ch\/fr\/holstein-switzerland-demenage\/\" \/>\n<meta property=\"og:site_name\" content=\"Holstein Switzerland\" \/>\n<meta property=\"article:publisher\" content=\"https:\/\/www.facebook.com\/HolSwi\" \/>\n<meta property=\"article:published_time\" content=\"2022-06-29T06:30:16+00:00\" \/>\n<meta property=\"article:modified_time\" content=\"2023-11-14T19:45:15+00:00\" \/>\n<meta property=\"og:image\" content=\"https:\/\/www.holstein.ch\/wp-content\/uploads\/DJI_0175-scaled.jpg\" \/>\n\t<meta property=\"og:image:width\" content=\"2560\" \/>\n\t<meta property=\"og:image:height\" content=\"1707\" \/>\n\t<meta property=\"og:image:type\" content=\"image\/jpeg\" \/>\n<meta name=\"author\" content=\"Marie-Jos\u00e9 Rossier\" \/>\n<meta name=\"twitter:card\" content=\"summary_large_image\" \/>\n<meta name=\"twitter:label1\" content=\"\u00c9crit par\" \/>\n\t<meta name=\"twitter:data1\" content=\"Marie-Jos\u00e9 Rossier\" \/>\n\t<meta name=\"twitter:label2\" content=\"Dur\u00e9e de lecture estim\u00e9e\" \/>\n\t<meta name=\"twitter:data2\" content=\"1 minute\" \/>\n<script type=\"application\/ld+json\" class=\"yoast-schema-graph\">{\"@context\":\"https:\/\/schema.org\",\"@graph\":[{\"@type\":\"NewsArticle\",\"@id\":\"https:\/\/www.holstein.ch\/fr\/holstein-switzerland-demenage\/#article\",\"isPartOf\":{\"@id\":\"https:\/\/www.holstein.ch\/fr\/holstein-switzerland-demenage\/\"},\"author\":{\"name\":\"Marie-Jos\u00e9 Rossier\",\"@id\":\"https:\/\/www.holstein.ch\/fr\/#\/schema\/person\/91e83d490a3dfd0906e65d37ecbcbfb6\"},\"headline\":\"HOLSTEIN SWITZERLAND D\u00c9M\u00c9NAGE\",\"datePublished\":\"2022-06-29T06:30:16+00:00\",\"dateModified\":\"2023-11-14T19:45:15+00:00\",\"mainEntityOfPage\":{\"@id\":\"https:\/\/www.holstein.ch\/fr\/holstein-switzerland-demenage\/\"},\"wordCount\":87,\"commentCount\":0,\"publisher\":{\"@id\":\"https:\/\/www.holstein.ch\/fr\/#organization\"},\"image\":{\"@id\":\"https:\/\/www.holstein.ch\/fr\/holstein-switzerland-demenage\/#primaryimage\"},\"thumbnailUrl\":\"https:\/\/www.holstein.ch\/wp-content\/uploads\/DJI_0175-scaled.jpg\",\"articleSection\":[\"Autres actualit\u00e9s\"],\"inLanguage\":\"fr-FR\"},{\"@type\":\"WebPage\",\"@id\":\"https:\/\/www.holstein.ch\/fr\/holstein-switzerland-demenage\/\",\"url\":\"https:\/\/www.holstein.ch\/fr\/holstein-switzerland-demenage\/\",\"name\":\"HOLSTEIN SWITZERLAND D\u00c9M\u00c9NAGE - Holstein Switzerland\",\"isPartOf\":{\"@id\":\"https:\/\/www.holstein.ch\/fr\/#website\"},\"primaryImageOfPage\":{\"@id\":\"https:\/\/www.holstein.ch\/fr\/holstein-switzerland-demenage\/#primaryimage\"},\"image\":{\"@id\":\"https:\/\/www.holstein.ch\/fr\/holstein-switzerland-demenage\/#primaryimage\"},\"thumbnailUrl\":\"https:\/\/www.holstein.ch\/wp-content\/uploads\/DJI_0175-scaled.jpg\",\"datePublished\":\"2022-06-29T06:30:16+00:00\",\"dateModified\":\"2023-11-14T19:45:15+00:00\",\"breadcrumb\":{\"@id\":\"https:\/\/www.holstein.ch\/fr\/holstein-switzerland-demenage\/#breadcrumb\"},\"inLanguage\":\"fr-FR\",\"potentialAction\":[{\"@type\":\"ReadAction\",\"target\":[\"https:\/\/www.holstein.ch\/fr\/holstein-switzerland-demenage\/\"]}]},{\"@type\":\"ImageObject\",\"inLanguage\":\"fr-FR\",\"@id\":\"https:\/\/www.holstein.ch\/fr\/holstein-switzerland-demenage\/#primaryimage\",\"url\":\"https:\/\/www.holstein.ch\/wp-content\/uploads\/DJI_0175-scaled.jpg\",\"contentUrl\":\"https:\/\/www.holstein.ch\/wp-content\/uploads\/DJI_0175-scaled.jpg\",\"width\":2560,\"height\":1707,\"caption\":\"default\"},{\"@type\":\"BreadcrumbList\",\"@id\":\"https:\/\/www.holstein.ch\/fr\/holstein-switzerland-demenage\/#breadcrumb\",\"itemListElement\":[{\"@type\":\"ListItem\",\"position\":1,\"name\":\"Autres actualit\u00e9s\",\"item\":\"https:\/\/www.holstein.ch\/fr\/publications\/autres-actualites\/\"},{\"@type\":\"ListItem\",\"position\":2,\"name\":\"HOLSTEIN SWITZERLAND D\u00c9M\u00c9NAGE\"}]},{\"@type\":\"WebSite\",\"@id\":\"https:\/\/www.holstein.ch\/fr\/#website\",\"url\":\"https:\/\/www.holstein.ch\/fr\/\",\"name\":\"Holstein Switzerland\",\"description\":\"Holstein Switzerland\",\"publisher\":{\"@id\":\"https:\/\/www.holstein.ch\/fr\/#organization\"},\"potentialAction\":[{\"@type\":\"SearchAction\",\"target\":{\"@type\":\"EntryPoint\",\"urlTemplate\":\"https:\/\/www.holstein.ch\/fr\/?s={search_term_string}\"},\"query-input\":{\"@type\":\"PropertyValueSpecification\",\"valueRequired\":true,\"valueName\":\"search_term_string\"}}],\"inLanguage\":\"fr-FR\"},{\"@type\":\"Organization\",\"@id\":\"https:\/\/www.holstein.ch\/fr\/#organization\",\"name\":\"Holstein Switzerland\",\"url\":\"https:\/\/www.holstein.ch\/fr\/\",\"logo\":{\"@type\":\"ImageObject\",\"inLanguage\":\"fr-FR\",\"@id\":\"https:\/\/www.holstein.ch\/fr\/#\/schema\/logo\/image\/\",\"url\":\"https:\/\/www.holstein.ch\/wp-content\/uploads\/2023\/09\/holstein_switzerland_logo.png\",\"contentUrl\":\"https:\/\/www.holstein.ch\/wp-content\/uploads\/2023\/09\/holstein_switzerland_logo.png\",\"width\":800,\"height\":621,\"caption\":\"Holstein Switzerland\"},\"image\":{\"@id\":\"https:\/\/www.holstein.ch\/fr\/#\/schema\/logo\/image\/\"},\"sameAs\":[\"https:\/\/www.facebook.com\/HolSwi\",\"https:\/\/www.youtube.com\/@holsteinswitzerland\",\"https:\/\/www.instagram.com\/holstein_switzerland\"]},{\"@type\":\"Person\",\"@id\":\"https:\/\/www.holstein.ch\/fr\/#\/schema\/person\/91e83d490a3dfd0906e65d37ecbcbfb6\",\"name\":\"Marie-Jos\u00e9 Rossier\",\"image\":{\"@type\":\"ImageObject\",\"inLanguage\":\"fr-FR\",\"@id\":\"https:\/\/www.holstein.ch\/fr\/#\/schema\/person\/image\/\",\"url\":\"https:\/\/secure.gravatar.com\/avatar\/68ae16187ec4e6b8556e0e811e57dcb7c21c138f955e02087102f283ee2b3bb6?s=96&d=mm&r=g\",\"contentUrl\":\"https:\/\/secure.gravatar.com\/avatar\/68ae16187ec4e6b8556e0e811e57dcb7c21c138f955e02087102f283ee2b3bb6?s=96&d=mm&r=g\",\"caption\":\"Marie-Jos\u00e9 Rossier\"}}]}<\/script>\n<!-- \/ Yoast SEO plugin. -->","yoast_head_json":{"title":"HOLSTEIN SWITZERLAND D\u00c9M\u00c9NAGE - Holstein Switzerland","robots":{"index":"index","follow":"follow","max-snippet":"max-snippet:-1","max-image-preview":"max-image-preview:large","max-video-preview":"max-video-preview:-1"},"canonical":"https:\/\/www.holstein.ch\/fr\/holstein-switzerland-demenage\/","og_locale":"fr_FR","og_type":"article","og_title":"HOLSTEIN SWITZERLAND D\u00c9M\u00c9NAGE - Holstein Switzerland","og_description":"Afin de laisser la place \u00e0 la nouvelle section \u00ab agriculture \u00bb de Grangeneuve, qui regroupe le centre de conseils et les services cantonaux, Holstein Switzerland change de bureaux au d\u00e9but juillet 2022. Holstein Switzerland en profite pour modifier sa t\u00e9l\u00e9phonie. Veuillez noter les nouvelles coordonn\u00e9es que vous trouverez ci-dessous, valables d\u00e8s le 1er juillet [&hellip;]","og_url":"https:\/\/www.holstein.ch\/fr\/holstein-switzerland-demenage\/","og_site_name":"Holstein Switzerland","article_publisher":"https:\/\/www.facebook.com\/HolSwi","article_published_time":"2022-06-29T06:30:16+00:00","article_modified_time":"2023-11-14T19:45:15+00:00","og_image":[{"width":2560,"height":1707,"url":"https:\/\/www.holstein.ch\/wp-content\/uploads\/DJI_0175-scaled.jpg","type":"image\/jpeg"}],"author":"Marie-Jos\u00e9 Rossier","twitter_card":"summary_large_image","twitter_misc":{"\u00c9crit par":"Marie-Jos\u00e9 Rossier","Dur\u00e9e de lecture estim\u00e9e":"1 minute"},"schema":{"@context":"https:\/\/schema.org","@graph":[{"@type":"NewsArticle","@id":"https:\/\/www.holstein.ch\/fr\/holstein-switzerland-demenage\/#article","isPartOf":{"@id":"https:\/\/www.holstein.ch\/fr\/holstein-switzerland-demenage\/"},"author":{"name":"Marie-Jos\u00e9 Rossier","@id":"https:\/\/www.holstein.ch\/fr\/#\/schema\/person\/91e83d490a3dfd0906e65d37ecbcbfb6"},"headline":"HOLSTEIN SWITZERLAND D\u00c9M\u00c9NAGE","datePublished":"2022-06-29T06:30:16+00:00","dateModified":"2023-11-14T19:45:15+00:00","mainEntityOfPage":{"@id":"https:\/\/www.holstein.ch\/fr\/holstein-switzerland-demenage\/"},"wordCount":87,"commentCount":0,"publisher":{"@id":"https:\/\/www.holstein.ch\/fr\/#organization"},"image":{"@id":"https:\/\/www.holstein.ch\/fr\/holstein-switzerland-demenage\/#primaryimage"},"thumbnailUrl":"https:\/\/www.holstein.ch\/wp-content\/uploads\/DJI_0175-scaled.jpg","articleSection":["Autres actualit\u00e9s"],"inLanguage":"fr-FR"},{"@type":"WebPage","@id":"https:\/\/www.holstein.ch\/fr\/holstein-switzerland-demenage\/","url":"https:\/\/www.holstein.ch\/fr\/holstein-switzerland-demenage\/","name":"HOLSTEIN SWITZERLAND D\u00c9M\u00c9NAGE - Holstein Switzerland","isPartOf":{"@id":"https:\/\/www.holstein.ch\/fr\/#website"},"primaryImageOfPage":{"@id":"https:\/\/www.holstein.ch\/fr\/holstein-switzerland-demenage\/#primaryimage"},"image":{"@id":"https:\/\/www.holstein.ch\/fr\/holstein-switzerland-demenage\/#primaryimage"},"thumbnailUrl":"https:\/\/www.holstein.ch\/wp-content\/uploads\/DJI_0175-scaled.jpg","datePublished":"2022-06-29T06:30:16+00:00","dateModified":"2023-11-14T19:45:15+00:00","breadcrumb":{"@id":"https:\/\/www.holstein.ch\/fr\/holstein-switzerland-demenage\/#breadcrumb"},"inLanguage":"fr-FR","potentialAction":[{"@type":"ReadAction","target":["https:\/\/www.holstein.ch\/fr\/holstein-switzerland-demenage\/"]}]},{"@type":"ImageObject","inLanguage":"fr-FR","@id":"https:\/\/www.holstein.ch\/fr\/holstein-switzerland-demenage\/#primaryimage","url":"https:\/\/www.holstein.ch\/wp-content\/uploads\/DJI_0175-scaled.jpg","contentUrl":"https:\/\/www.holstein.ch\/wp-content\/uploads\/DJI_0175-scaled.jpg","width":2560,"height":1707,"caption":"default"},{"@type":"BreadcrumbList","@id":"https:\/\/www.holstein.ch\/fr\/holstein-switzerland-demenage\/#breadcrumb","itemListElement":[{"@type":"ListItem","position":1,"name":"Autres actualit\u00e9s","item":"https:\/\/www.holstein.ch\/fr\/publications\/autres-actualites\/"},{"@type":"ListItem","position":2,"name":"HOLSTEIN SWITZERLAND D\u00c9M\u00c9NAGE"}]},{"@type":"WebSite","@id":"https:\/\/www.holstein.ch\/fr\/#website","url":"https:\/\/www.holstein.ch\/fr\/","name":"Holstein Switzerland","description":"Holstein Switzerland","publisher":{"@id":"https:\/\/www.holstein.ch\/fr\/#organization"},"potentialAction":[{"@type":"SearchAction","target":{"@type":"EntryPoint","urlTemplate":"https:\/\/www.holstein.ch\/fr\/?s={search_term_string}"},"query-input":{"@type":"PropertyValueSpecification","valueRequired":true,"valueName":"search_term_string"}}],"inLanguage":"fr-FR"},{"@type":"Organization","@id":"https:\/\/www.holstein.ch\/fr\/#organization","name":"Holstein Switzerland","url":"https:\/\/www.holstein.ch\/fr\/","logo":{"@type":"ImageObject","inLanguage":"fr-FR","@id":"https:\/\/www.holstein.ch\/fr\/#\/schema\/logo\/image\/","url":"https:\/\/www.holstein.ch\/wp-content\/uploads\/2023\/09\/holstein_switzerland_logo.png","contentUrl":"https:\/\/www.holstein.ch\/wp-content\/uploads\/2023\/09\/holstein_switzerland_logo.png","width":800,"height":621,"caption":"Holstein Switzerland"},"image":{"@id":"https:\/\/www.holstein.ch\/fr\/#\/schema\/logo\/image\/"},"sameAs":["https:\/\/www.facebook.com\/HolSwi","https:\/\/www.youtube.com\/@holsteinswitzerland","https:\/\/www.instagram.com\/holstein_switzerland"]},{"@type":"Person","@id":"https:\/\/www.holstein.ch\/fr\/#\/schema\/person\/91e83d490a3dfd0906e65d37ecbcbfb6","name":"Marie-Jos\u00e9 Rossier","image":{"@type":"ImageObject","inLanguage":"fr-FR","@id":"https:\/\/www.holstein.ch\/fr\/#\/schema\/person\/image\/","url":"https:\/\/secure.gravatar.com\/avatar\/68ae16187ec4e6b8556e0e811e57dcb7c21c138f955e02087102f283ee2b3bb6?s=96&d=mm&r=g","contentUrl":"https:\/\/secure.gravatar.com\/avatar\/68ae16187ec4e6b8556e0e811e57dcb7c21c138f955e02087102f283ee2b3bb6?s=96&d=mm&r=g","caption":"Marie-Jos\u00e9 Rossier"}}]}},"_links":{"self":[{"href":"https:\/\/www.holstein.ch\/fr\/wp-json\/wp\/v2\/posts\/21061","targetHints":{"allow":["GET"]}}],"collection":[{"href":"https:\/\/www.holstein.ch\/fr\/wp-json\/wp\/v2\/posts"}],"about":[{"href":"https:\/\/www.holstein.ch\/fr\/wp-json\/wp\/v2\/types\/post"}],"author":[{"embeddable":true,"href":"https:\/\/www.holstein.ch\/fr\/wp-json\/wp\/v2\/users\/42"}],"replies":[{"embeddable":true,"href":"https:\/\/www.holstein.ch\/fr\/wp-json\/wp\/v2\/comments?post=21061"}],"version-history":[{"count":7,"href":"https:\/\/www.holstein.ch\/fr\/wp-json\/wp\/v2\/posts\/21061\/revisions"}],"predecessor-version":[{"id":27782,"href":"https:\/\/www.holstein.ch\/fr\/wp-json\/wp\/v2\/posts\/21061\/revisions\/27782"}],"wp:featuredmedia":[{"embeddable":true,"href":"https:\/\/www.holstein.ch\/fr\/wp-json\/wp\/v2\/media\/21065"}],"wp:attachment":[{"href":"https:\/\/www.holstein.ch\/fr\/wp-json\/wp\/v2\/media?parent=21061"}],"wp:term":[{"taxonomy":"category","embeddable":true,"href":"https:\/\/www.holstein.ch\/fr\/wp-json\/wp\/v2\/categories?post=21061"},{"taxonomy":"post_tag","embeddable":true,"href":"https:\/\/www.holstein.ch\/fr\/wp-json\/wp\/v2\/tags?post=21061"}],"curies":[{"name":"wp","href":"https:\/\/api.w.org\/{rel}","templated":true}]}}