{"id":21968,"date":"2022-10-10T16:56:22","date_gmt":"2022-10-10T14:56:22","guid":{"rendered":"https:\/\/www.holstein.ch\/?p=21968"},"modified":"2025-01-21T11:04:52","modified_gmt":"2025-01-21T10:04:52","slug":"ob-und-nidwaldner-kantonale-holsteinschau-2022","status":"publish","type":"post","link":"https:\/\/www.holstein.ch\/fr\/ob-und-nidwaldner-kantonale-holsteinschau-2022\/","title":{"rendered":"Ob- und Nidwaldner Kantonale Holsteinschau 2022"},"content":{"rendered":"\n<p><em>De gauche \u00e0 droite : Juge St\u00e9phane Henchoz, Championne Vache: Bad O`Kyra \/ R\u00e9serve Championne: Awesome O`Kamilla toutes les deux propri\u00e9t\u00e9 de V-Cows \u00e0 Giswil \/ Mention Honorable Dempsey Hiskia de Karl Hess Engelberg avec le ringman Axel Demont. &#8211; photo : Daniela H\u00e4felifinger<br><\/em><\/p>\n\n\n\n<p>Championne vache Holstein : <strong>O`Kyra (Bad-ET), V-Cows, Giswil<\/strong><\/p>\n\n\n\n<p>R\u00e9serve Championne :<strong> O`Kamilla (Awesome), V-Cows, Giswil<\/strong><\/p>\n\n\n\n<p>Mention honorable : <strong>Hiskia (Dempsey), Karl Hess, Engelberg<\/strong><\/p>\n\n\n\n<p>Championne g\u00e9nisse Holstein : <strong>Kiki (Dateline), Christof B\u00fcrgi, Giswil<\/strong><\/p>\n\n\n\n<p>R\u00e9serve Championne g\u00e9nisse : <strong>O`Kiana (Power-ET), V-Cows, Giswil<\/strong><\/p>\n\n\n\n<p>Mention honorable g\u00e9nisse : <strong>Bellissima (Amaretto-ET), Corin Omlin, Stalden<\/strong><\/p>\n\n\n\n<p><strong>Championnat du pis<\/strong><\/p>\n\n\n\n<p>Primipares :<\/p>\n\n\n\n<ol class=\"wp-block-list\">\n<li>Luma (Fry), Andreas Gander, Emmetten<\/li>\n\n\n\n<li>Raja (Denver), V-Cows, Giswil<\/li>\n\n\n\n<li>Peaches (Soundsystem), Stefan Rohrer, Fl\u00fceli-Ranft<\/li>\n<\/ol>\n\n\n\n<p>Deuxi\u00e8me et troisi\u00e8me lactations :<\/p>\n\n\n\n<ol class=\"wp-block-list\">\n<li>Hope (Dice Red) von Jasmin K\u00fcchler, K\u00e4giswil<\/li>\n\n\n\n<li>Hillary (Axel-ET), Thomas Wagner, Kerns<\/li>\n\n\n\n<li>O`Kira (Bad-ET), V-Cows, Giswil<\/li>\n<\/ol>\n\n\n\n<p>Plus de trois lactations<\/p>\n\n\n\n<ol class=\"wp-block-list\">\n<li>O`Kamilla (Awesome), V-Cows, Giswil<\/li>\n\n\n\n<li>Paola (Lookout-ET), Peter Durrer, Kerns<\/li>\n\n\n\n<li>Hiskia (Demspey), Karl Hess, Engelberg<\/li>\n<\/ol>\n","protected":false},"excerpt":{"rendered":"<p>De gauche \u00e0 droite : Juge St\u00e9phane Henchoz, Championne Vache: Bad O`Kyra \/ R\u00e9serve Championne: Awesome O`Kamilla toutes les deux propri\u00e9t\u00e9 de V-Cows \u00e0 Giswil \/ Mention Honorable Dempsey Hiskia de Karl Hess Engelberg avec le ringman Axel Demont. &#8211; photo : Daniela H\u00e4felifinger Championne vache Holstein : O`Kyra (Bad-ET), V-Cows, Giswil R\u00e9serve Championne : [&hellip;]<\/p>\n","protected":false},"author":42,"featured_media":21961,"comment_status":"open","ping_status":"open","sticky":false,"template":"","format":"standard","meta":{"_acf_changed":false,"_monsterinsights_skip_tracking":false,"_monsterinsights_sitenote_active":false,"_monsterinsights_sitenote_note":"","_monsterinsights_sitenote_category":0,"footnotes":""},"categories":[163],"tags":[],"class_list":["post-21968","post","type-post","status-publish","format-standard","has-post-thumbnail","hentry","category-resultats-dexposition"],"acf":[],"yoast_head":"<!-- This site is optimized with the Yoast SEO plugin v26.9 - https:\/\/yoast.com\/product\/yoast-seo-wordpress\/ -->\n<title>Ob- und Nidwaldner Kantonale Holsteinschau 2022 - Holstein Switzerland<\/title>\n<meta name=\"robots\" content=\"index, follow, max-snippet:-1, max-image-preview:large, max-video-preview:-1\" \/>\n<link rel=\"canonical\" href=\"https:\/\/www.holstein.ch\/fr\/ob-und-nidwaldner-kantonale-holsteinschau-2022\/\" \/>\n<meta property=\"og:locale\" content=\"fr_FR\" \/>\n<meta property=\"og:type\" content=\"article\" \/>\n<meta property=\"og:title\" content=\"Ob- und Nidwaldner Kantonale Holsteinschau 2022 - Holstein Switzerland\" \/>\n<meta property=\"og:description\" content=\"De gauche \u00e0 droite : Juge St\u00e9phane Henchoz, Championne Vache: Bad O`Kyra \/ R\u00e9serve Championne: Awesome O`Kamilla toutes les deux propri\u00e9t\u00e9 de V-Cows \u00e0 Giswil \/ Mention Honorable Dempsey Hiskia de Karl Hess Engelberg avec le ringman Axel Demont. &#8211; photo : Daniela H\u00e4felifinger Championne vache Holstein : O`Kyra (Bad-ET), V-Cows, Giswil R\u00e9serve Championne : [&hellip;]\" \/>\n<meta property=\"og:url\" content=\"https:\/\/www.holstein.ch\/fr\/ob-und-nidwaldner-kantonale-holsteinschau-2022\/\" \/>\n<meta property=\"og:site_name\" content=\"Holstein Switzerland\" \/>\n<meta property=\"article:publisher\" content=\"https:\/\/www.facebook.com\/HolSwi\" \/>\n<meta property=\"article:published_time\" content=\"2022-10-10T14:56:22+00:00\" \/>\n<meta property=\"article:modified_time\" content=\"2025-01-21T10:04:52+00:00\" \/>\n<meta property=\"og:image\" content=\"https:\/\/www.holstein.ch\/wp-content\/uploads\/nidwald-obwald.jpg\" \/>\n\t<meta property=\"og:image:width\" content=\"2048\" \/>\n\t<meta property=\"og:image:height\" content=\"1536\" \/>\n\t<meta property=\"og:image:type\" content=\"image\/jpeg\" \/>\n<meta name=\"author\" content=\"Marie-Jos\u00e9 Rossier\" \/>\n<meta name=\"twitter:card\" content=\"summary_large_image\" \/>\n<meta name=\"twitter:label1\" content=\"\u00c9crit par\" \/>\n\t<meta name=\"twitter:data1\" content=\"Marie-Jos\u00e9 Rossier\" \/>\n\t<meta name=\"twitter:label2\" content=\"Dur\u00e9e de lecture estim\u00e9e\" \/>\n\t<meta name=\"twitter:data2\" content=\"1 minute\" \/>\n<script type=\"application\/ld+json\" class=\"yoast-schema-graph\">{\"@context\":\"https:\/\/schema.org\",\"@graph\":[{\"@type\":\"NewsArticle\",\"@id\":\"https:\/\/www.holstein.ch\/fr\/ob-und-nidwaldner-kantonale-holsteinschau-2022\/#article\",\"isPartOf\":{\"@id\":\"https:\/\/www.holstein.ch\/fr\/ob-und-nidwaldner-kantonale-holsteinschau-2022\/\"},\"author\":{\"name\":\"Marie-Jos\u00e9 Rossier\",\"@id\":\"https:\/\/www.holstein.ch\/fr\/#\/schema\/person\/91e83d490a3dfd0906e65d37ecbcbfb6\"},\"headline\":\"Ob- und Nidwaldner Kantonale Holsteinschau 2022\",\"datePublished\":\"2022-10-10T14:56:22+00:00\",\"dateModified\":\"2025-01-21T10:04:52+00:00\",\"mainEntityOfPage\":{\"@id\":\"https:\/\/www.holstein.ch\/fr\/ob-und-nidwaldner-kantonale-holsteinschau-2022\/\"},\"wordCount\":164,\"commentCount\":0,\"publisher\":{\"@id\":\"https:\/\/www.holstein.ch\/fr\/#organization\"},\"image\":{\"@id\":\"https:\/\/www.holstein.ch\/fr\/ob-und-nidwaldner-kantonale-holsteinschau-2022\/#primaryimage\"},\"thumbnailUrl\":\"https:\/\/www.holstein.ch\/wp-content\/uploads\/nidwald-obwald.jpg\",\"articleSection\":[\"R\u00e9sultats d'exposition\"],\"inLanguage\":\"fr-FR\"},{\"@type\":\"WebPage\",\"@id\":\"https:\/\/www.holstein.ch\/fr\/ob-und-nidwaldner-kantonale-holsteinschau-2022\/\",\"url\":\"https:\/\/www.holstein.ch\/fr\/ob-und-nidwaldner-kantonale-holsteinschau-2022\/\",\"name\":\"Ob- und Nidwaldner Kantonale Holsteinschau 2022 - Holstein Switzerland\",\"isPartOf\":{\"@id\":\"https:\/\/www.holstein.ch\/fr\/#website\"},\"primaryImageOfPage\":{\"@id\":\"https:\/\/www.holstein.ch\/fr\/ob-und-nidwaldner-kantonale-holsteinschau-2022\/#primaryimage\"},\"image\":{\"@id\":\"https:\/\/www.holstein.ch\/fr\/ob-und-nidwaldner-kantonale-holsteinschau-2022\/#primaryimage\"},\"thumbnailUrl\":\"https:\/\/www.holstein.ch\/wp-content\/uploads\/nidwald-obwald.jpg\",\"datePublished\":\"2022-10-10T14:56:22+00:00\",\"dateModified\":\"2025-01-21T10:04:52+00:00\",\"breadcrumb\":{\"@id\":\"https:\/\/www.holstein.ch\/fr\/ob-und-nidwaldner-kantonale-holsteinschau-2022\/#breadcrumb\"},\"inLanguage\":\"fr-FR\",\"potentialAction\":[{\"@type\":\"ReadAction\",\"target\":[\"https:\/\/www.holstein.ch\/fr\/ob-und-nidwaldner-kantonale-holsteinschau-2022\/\"]}]},{\"@type\":\"ImageObject\",\"inLanguage\":\"fr-FR\",\"@id\":\"https:\/\/www.holstein.ch\/fr\/ob-und-nidwaldner-kantonale-holsteinschau-2022\/#primaryimage\",\"url\":\"https:\/\/www.holstein.ch\/wp-content\/uploads\/nidwald-obwald.jpg\",\"contentUrl\":\"https:\/\/www.holstein.ch\/wp-content\/uploads\/nidwald-obwald.jpg\",\"width\":2048,\"height\":1536},{\"@type\":\"BreadcrumbList\",\"@id\":\"https:\/\/www.holstein.ch\/fr\/ob-und-nidwaldner-kantonale-holsteinschau-2022\/#breadcrumb\",\"itemListElement\":[{\"@type\":\"ListItem\",\"position\":1,\"name\":\"R\u00e9sultats d'exposition\",\"item\":\"https:\/\/www.holstein.ch\/fr\/publications\/resultats-dexposition\/\"},{\"@type\":\"ListItem\",\"position\":2,\"name\":\"Ob- und Nidwaldner Kantonale Holsteinschau 2022\"}]},{\"@type\":\"WebSite\",\"@id\":\"https:\/\/www.holstein.ch\/fr\/#website\",\"url\":\"https:\/\/www.holstein.ch\/fr\/\",\"name\":\"Holstein Switzerland\",\"description\":\"Holstein Switzerland\",\"publisher\":{\"@id\":\"https:\/\/www.holstein.ch\/fr\/#organization\"},\"potentialAction\":[{\"@type\":\"SearchAction\",\"target\":{\"@type\":\"EntryPoint\",\"urlTemplate\":\"https:\/\/www.holstein.ch\/fr\/?s={search_term_string}\"},\"query-input\":{\"@type\":\"PropertyValueSpecification\",\"valueRequired\":true,\"valueName\":\"search_term_string\"}}],\"inLanguage\":\"fr-FR\"},{\"@type\":\"Organization\",\"@id\":\"https:\/\/www.holstein.ch\/fr\/#organization\",\"name\":\"Holstein Switzerland\",\"url\":\"https:\/\/www.holstein.ch\/fr\/\",\"logo\":{\"@type\":\"ImageObject\",\"inLanguage\":\"fr-FR\",\"@id\":\"https:\/\/www.holstein.ch\/fr\/#\/schema\/logo\/image\/\",\"url\":\"https:\/\/www.holstein.ch\/wp-content\/uploads\/2023\/09\/holstein_switzerland_logo.png\",\"contentUrl\":\"https:\/\/www.holstein.ch\/wp-content\/uploads\/2023\/09\/holstein_switzerland_logo.png\",\"width\":800,\"height\":621,\"caption\":\"Holstein Switzerland\"},\"image\":{\"@id\":\"https:\/\/www.holstein.ch\/fr\/#\/schema\/logo\/image\/\"},\"sameAs\":[\"https:\/\/www.facebook.com\/HolSwi\",\"https:\/\/www.youtube.com\/@holsteinswitzerland\",\"https:\/\/www.instagram.com\/holstein_switzerland\"]},{\"@type\":\"Person\",\"@id\":\"https:\/\/www.holstein.ch\/fr\/#\/schema\/person\/91e83d490a3dfd0906e65d37ecbcbfb6\",\"name\":\"Marie-Jos\u00e9 Rossier\",\"image\":{\"@type\":\"ImageObject\",\"inLanguage\":\"fr-FR\",\"@id\":\"https:\/\/www.holstein.ch\/fr\/#\/schema\/person\/image\/\",\"url\":\"https:\/\/secure.gravatar.com\/avatar\/68ae16187ec4e6b8556e0e811e57dcb7c21c138f955e02087102f283ee2b3bb6?s=96&d=mm&r=g\",\"contentUrl\":\"https:\/\/secure.gravatar.com\/avatar\/68ae16187ec4e6b8556e0e811e57dcb7c21c138f955e02087102f283ee2b3bb6?s=96&d=mm&r=g\",\"caption\":\"Marie-Jos\u00e9 Rossier\"}}]}<\/script>\n<!-- \/ Yoast SEO plugin. -->","yoast_head_json":{"title":"Ob- und Nidwaldner Kantonale Holsteinschau 2022 - Holstein Switzerland","robots":{"index":"index","follow":"follow","max-snippet":"max-snippet:-1","max-image-preview":"max-image-preview:large","max-video-preview":"max-video-preview:-1"},"canonical":"https:\/\/www.holstein.ch\/fr\/ob-und-nidwaldner-kantonale-holsteinschau-2022\/","og_locale":"fr_FR","og_type":"article","og_title":"Ob- und Nidwaldner Kantonale Holsteinschau 2022 - Holstein Switzerland","og_description":"De gauche \u00e0 droite : Juge St\u00e9phane Henchoz, Championne Vache: Bad O`Kyra \/ R\u00e9serve Championne: Awesome O`Kamilla toutes les deux propri\u00e9t\u00e9 de V-Cows \u00e0 Giswil \/ Mention Honorable Dempsey Hiskia de Karl Hess Engelberg avec le ringman Axel Demont. &#8211; photo : Daniela H\u00e4felifinger Championne vache Holstein : O`Kyra (Bad-ET), V-Cows, Giswil R\u00e9serve Championne : [&hellip;]","og_url":"https:\/\/www.holstein.ch\/fr\/ob-und-nidwaldner-kantonale-holsteinschau-2022\/","og_site_name":"Holstein Switzerland","article_publisher":"https:\/\/www.facebook.com\/HolSwi","article_published_time":"2022-10-10T14:56:22+00:00","article_modified_time":"2025-01-21T10:04:52+00:00","og_image":[{"width":2048,"height":1536,"url":"https:\/\/www.holstein.ch\/wp-content\/uploads\/nidwald-obwald.jpg","type":"image\/jpeg"}],"author":"Marie-Jos\u00e9 Rossier","twitter_card":"summary_large_image","twitter_misc":{"\u00c9crit par":"Marie-Jos\u00e9 Rossier","Dur\u00e9e de lecture estim\u00e9e":"1 minute"},"schema":{"@context":"https:\/\/schema.org","@graph":[{"@type":"NewsArticle","@id":"https:\/\/www.holstein.ch\/fr\/ob-und-nidwaldner-kantonale-holsteinschau-2022\/#article","isPartOf":{"@id":"https:\/\/www.holstein.ch\/fr\/ob-und-nidwaldner-kantonale-holsteinschau-2022\/"},"author":{"name":"Marie-Jos\u00e9 Rossier","@id":"https:\/\/www.holstein.ch\/fr\/#\/schema\/person\/91e83d490a3dfd0906e65d37ecbcbfb6"},"headline":"Ob- und Nidwaldner Kantonale Holsteinschau 2022","datePublished":"2022-10-10T14:56:22+00:00","dateModified":"2025-01-21T10:04:52+00:00","mainEntityOfPage":{"@id":"https:\/\/www.holstein.ch\/fr\/ob-und-nidwaldner-kantonale-holsteinschau-2022\/"},"wordCount":164,"commentCount":0,"publisher":{"@id":"https:\/\/www.holstein.ch\/fr\/#organization"},"image":{"@id":"https:\/\/www.holstein.ch\/fr\/ob-und-nidwaldner-kantonale-holsteinschau-2022\/#primaryimage"},"thumbnailUrl":"https:\/\/www.holstein.ch\/wp-content\/uploads\/nidwald-obwald.jpg","articleSection":["R\u00e9sultats d'exposition"],"inLanguage":"fr-FR"},{"@type":"WebPage","@id":"https:\/\/www.holstein.ch\/fr\/ob-und-nidwaldner-kantonale-holsteinschau-2022\/","url":"https:\/\/www.holstein.ch\/fr\/ob-und-nidwaldner-kantonale-holsteinschau-2022\/","name":"Ob- und Nidwaldner Kantonale Holsteinschau 2022 - Holstein Switzerland","isPartOf":{"@id":"https:\/\/www.holstein.ch\/fr\/#website"},"primaryImageOfPage":{"@id":"https:\/\/www.holstein.ch\/fr\/ob-und-nidwaldner-kantonale-holsteinschau-2022\/#primaryimage"},"image":{"@id":"https:\/\/www.holstein.ch\/fr\/ob-und-nidwaldner-kantonale-holsteinschau-2022\/#primaryimage"},"thumbnailUrl":"https:\/\/www.holstein.ch\/wp-content\/uploads\/nidwald-obwald.jpg","datePublished":"2022-10-10T14:56:22+00:00","dateModified":"2025-01-21T10:04:52+00:00","breadcrumb":{"@id":"https:\/\/www.holstein.ch\/fr\/ob-und-nidwaldner-kantonale-holsteinschau-2022\/#breadcrumb"},"inLanguage":"fr-FR","potentialAction":[{"@type":"ReadAction","target":["https:\/\/www.holstein.ch\/fr\/ob-und-nidwaldner-kantonale-holsteinschau-2022\/"]}]},{"@type":"ImageObject","inLanguage":"fr-FR","@id":"https:\/\/www.holstein.ch\/fr\/ob-und-nidwaldner-kantonale-holsteinschau-2022\/#primaryimage","url":"https:\/\/www.holstein.ch\/wp-content\/uploads\/nidwald-obwald.jpg","contentUrl":"https:\/\/www.holstein.ch\/wp-content\/uploads\/nidwald-obwald.jpg","width":2048,"height":1536},{"@type":"BreadcrumbList","@id":"https:\/\/www.holstein.ch\/fr\/ob-und-nidwaldner-kantonale-holsteinschau-2022\/#breadcrumb","itemListElement":[{"@type":"ListItem","position":1,"name":"R\u00e9sultats d'exposition","item":"https:\/\/www.holstein.ch\/fr\/publications\/resultats-dexposition\/"},{"@type":"ListItem","position":2,"name":"Ob- und Nidwaldner Kantonale Holsteinschau 2022"}]},{"@type":"WebSite","@id":"https:\/\/www.holstein.ch\/fr\/#website","url":"https:\/\/www.holstein.ch\/fr\/","name":"Holstein Switzerland","description":"Holstein Switzerland","publisher":{"@id":"https:\/\/www.holstein.ch\/fr\/#organization"},"potentialAction":[{"@type":"SearchAction","target":{"@type":"EntryPoint","urlTemplate":"https:\/\/www.holstein.ch\/fr\/?s={search_term_string}"},"query-input":{"@type":"PropertyValueSpecification","valueRequired":true,"valueName":"search_term_string"}}],"inLanguage":"fr-FR"},{"@type":"Organization","@id":"https:\/\/www.holstein.ch\/fr\/#organization","name":"Holstein Switzerland","url":"https:\/\/www.holstein.ch\/fr\/","logo":{"@type":"ImageObject","inLanguage":"fr-FR","@id":"https:\/\/www.holstein.ch\/fr\/#\/schema\/logo\/image\/","url":"https:\/\/www.holstein.ch\/wp-content\/uploads\/2023\/09\/holstein_switzerland_logo.png","contentUrl":"https:\/\/www.holstein.ch\/wp-content\/uploads\/2023\/09\/holstein_switzerland_logo.png","width":800,"height":621,"caption":"Holstein Switzerland"},"image":{"@id":"https:\/\/www.holstein.ch\/fr\/#\/schema\/logo\/image\/"},"sameAs":["https:\/\/www.facebook.com\/HolSwi","https:\/\/www.youtube.com\/@holsteinswitzerland","https:\/\/www.instagram.com\/holstein_switzerland"]},{"@type":"Person","@id":"https:\/\/www.holstein.ch\/fr\/#\/schema\/person\/91e83d490a3dfd0906e65d37ecbcbfb6","name":"Marie-Jos\u00e9 Rossier","image":{"@type":"ImageObject","inLanguage":"fr-FR","@id":"https:\/\/www.holstein.ch\/fr\/#\/schema\/person\/image\/","url":"https:\/\/secure.gravatar.com\/avatar\/68ae16187ec4e6b8556e0e811e57dcb7c21c138f955e02087102f283ee2b3bb6?s=96&d=mm&r=g","contentUrl":"https:\/\/secure.gravatar.com\/avatar\/68ae16187ec4e6b8556e0e811e57dcb7c21c138f955e02087102f283ee2b3bb6?s=96&d=mm&r=g","caption":"Marie-Jos\u00e9 Rossier"}}]}},"_links":{"self":[{"href":"https:\/\/www.holstein.ch\/fr\/wp-json\/wp\/v2\/posts\/21968","targetHints":{"allow":["GET"]}}],"collection":[{"href":"https:\/\/www.holstein.ch\/fr\/wp-json\/wp\/v2\/posts"}],"about":[{"href":"https:\/\/www.holstein.ch\/fr\/wp-json\/wp\/v2\/types\/post"}],"author":[{"embeddable":true,"href":"https:\/\/www.holstein.ch\/fr\/wp-json\/wp\/v2\/users\/42"}],"replies":[{"embeddable":true,"href":"https:\/\/www.holstein.ch\/fr\/wp-json\/wp\/v2\/comments?post=21968"}],"version-history":[{"count":5,"href":"https:\/\/www.holstein.ch\/fr\/wp-json\/wp\/v2\/posts\/21968\/revisions"}],"predecessor-version":[{"id":33761,"href":"https:\/\/www.holstein.ch\/fr\/wp-json\/wp\/v2\/posts\/21968\/revisions\/33761"}],"wp:featuredmedia":[{"embeddable":true,"href":"https:\/\/www.holstein.ch\/fr\/wp-json\/wp\/v2\/media\/21961"}],"wp:attachment":[{"href":"https:\/\/www.holstein.ch\/fr\/wp-json\/wp\/v2\/media?parent=21968"}],"wp:term":[{"taxonomy":"category","embeddable":true,"href":"https:\/\/www.holstein.ch\/fr\/wp-json\/wp\/v2\/categories?post=21968"},{"taxonomy":"post_tag","embeddable":true,"href":"https:\/\/www.holstein.ch\/fr\/wp-json\/wp\/v2\/tags?post=21968"}],"curies":[{"name":"wp","href":"https:\/\/api.w.org\/{rel}","templated":true}]}}