{"id":22661,"date":"2023-03-07T11:29:42","date_gmt":"2023-03-07T10:29:42","guid":{"rendered":"https:\/\/www.holstein.ch\/?p=22661"},"modified":"2023-11-14T23:13:55","modified_gmt":"2023-11-14T22:13:55","slug":"palmares-expo-glane-veveyse-2023","status":"publish","type":"post","link":"https:\/\/www.holstein.ch\/fr\/palmares-expo-glane-veveyse-2023\/","title":{"rendered":"Palmar\u00e8s Expo Gl\u00e2ne-Veveyse 2023"},"content":{"rendered":"\n<h3 class=\"wp-block-heading\">Palmar\u00e8s 24\u00e8me Expo Holstein Gl\u00e2ne-Veveyse du 4 mars 2023<\/h3>\n\n\n\n<p><a href=\"https:\/\/www.holstein.ch\/wp-content\/uploads\/Palmares-complet-24eme-Expo-G-V.pdf\" target=\"_blank\" rel=\"noopener\">PDF &#8211; Palmar\u00e8s complet<\/a><\/p>\n\n\n\n<h4 class=\"wp-block-heading\">Championnat G\u00e9nisses<\/h4>\n\n\n\n<p>15 La Biolleyre Doral ABRACADABRA \/\/ 26.01.2022 DORAL \/\/ Cardinaux Beno\u00eet, 1699 Bouloz<br>30 Ayer Chief REGLISSE \/\/ 07.11.2021 CHIEF-ET \/\/ Ayer Serge + Yvan, 1611 Le Cr\u00eat-p-Semsales<br>38 Ayer Swingman ROTTERDAM \/\/ 29.08.2021 SWINGMAN-ET \/\/ Ayer Serge + Yvan, 1611 Le Cr\u00eat-p-Semsales<\/p>\n\n\n\n<h4 class=\"wp-block-heading\">Championnat du Pis<\/h4>\n\n\n\n<p>174 Frico-Jack Power NANA \/\/ 12.01.2019 POWER-ET \/\/ Perrin + Progin + Seewer, 1624 Progens<br>180 C P P High Octane ATHINA \/\/ 22.11.2018 HIGH OCTANE \/\/ Papaux Alexandre, 1697 La Joux FR<br>221 Meyervilla Advent CAMARA \/\/ 24.09.2010 ADVENT \/\/ Papaux Patrice &amp; Thierry, 1624 La Verrerie<\/p>\n\n\n\n<h4 class=\"wp-block-heading\">Grand Championnat des Vaches<\/h4>\n\n\n\n<p>173 Praz-Berlan Fry JEUNESSE \/\/ 14.01.2019 FRY \/\/ Genoud Pascal, 1618 Ch\u00e2tel-St-Denis<br>195 Praz-Berlan Darlingo IBIZA \/\/ 29.06.2018 DARLINGO \/\/ Genoud Pascal, 1618 Ch\u00e2tel-St-Denis<br>73 Clair Delune Alligator EBONY \/\/ 28.10.2020 ALLIGATOR \/\/ Comex Cardinaux, 1697 La Joux FR<\/p>\n\n\n\n<h4 class=\"wp-block-heading\">Superpodium<\/h4>\n\n\n\n<p>1er rang &#8211; Charri\u00e8re Jacques et Denis, Hennens<br>2e rang &#8211; Suard Fr\u00e9d\u00e9ric, Siviriez<br>3e rang &#8211; Cardinaux Benoit, Bouloz<\/p>\n","protected":false},"excerpt":{"rendered":"<p>Palmar\u00e8s 24\u00e8me Expo Holstein Gl\u00e2ne-Veveyse du 4 mars 2023 PDF &#8211; Palmar\u00e8s complet Championnat G\u00e9nisses 15 La Biolleyre Doral ABRACADABRA \/\/ 26.01.2022 DORAL \/\/ Cardinaux Beno\u00eet, 1699 Bouloz30 Ayer Chief REGLISSE \/\/ 07.11.2021 CHIEF-ET \/\/ Ayer Serge + Yvan, 1611 Le Cr\u00eat-p-Semsales38 Ayer Swingman ROTTERDAM \/\/ 29.08.2021 SWINGMAN-ET \/\/ Ayer Serge + Yvan, 1611 Le [&hellip;]<\/p>\n","protected":false},"author":42,"featured_media":0,"comment_status":"open","ping_status":"open","sticky":false,"template":"","format":"standard","meta":{"_acf_changed":false,"_monsterinsights_skip_tracking":false,"_monsterinsights_sitenote_active":false,"_monsterinsights_sitenote_note":"","_monsterinsights_sitenote_category":0,"footnotes":""},"categories":[163],"tags":[],"class_list":["post-22661","post","type-post","status-publish","format-standard","hentry","category-resultats-dexposition"],"acf":[],"yoast_head":"<!-- This site is optimized with the Yoast SEO plugin v26.9 - https:\/\/yoast.com\/product\/yoast-seo-wordpress\/ -->\n<title>Palmar\u00e8s Expo Gl\u00e2ne-Veveyse 2023 - Holstein Switzerland<\/title>\n<meta name=\"robots\" content=\"index, follow, max-snippet:-1, max-image-preview:large, max-video-preview:-1\" \/>\n<link rel=\"canonical\" href=\"https:\/\/www.holstein.ch\/fr\/palmares-expo-glane-veveyse-2023\/\" \/>\n<meta property=\"og:locale\" content=\"fr_FR\" \/>\n<meta property=\"og:type\" content=\"article\" \/>\n<meta property=\"og:title\" content=\"Palmar\u00e8s Expo Gl\u00e2ne-Veveyse 2023 - Holstein Switzerland\" \/>\n<meta property=\"og:description\" content=\"Palmar\u00e8s 24\u00e8me Expo Holstein Gl\u00e2ne-Veveyse du 4 mars 2023 PDF &#8211; Palmar\u00e8s complet Championnat G\u00e9nisses 15 La Biolleyre Doral ABRACADABRA \/\/ 26.01.2022 DORAL \/\/ Cardinaux Beno\u00eet, 1699 Bouloz30 Ayer Chief REGLISSE \/\/ 07.11.2021 CHIEF-ET \/\/ Ayer Serge + Yvan, 1611 Le Cr\u00eat-p-Semsales38 Ayer Swingman ROTTERDAM \/\/ 29.08.2021 SWINGMAN-ET \/\/ Ayer Serge + Yvan, 1611 Le [&hellip;]\" \/>\n<meta property=\"og:url\" content=\"https:\/\/www.holstein.ch\/fr\/palmares-expo-glane-veveyse-2023\/\" \/>\n<meta property=\"og:site_name\" content=\"Holstein Switzerland\" \/>\n<meta property=\"article:publisher\" content=\"https:\/\/www.facebook.com\/HolSwi\" \/>\n<meta property=\"article:published_time\" content=\"2023-03-07T10:29:42+00:00\" \/>\n<meta property=\"article:modified_time\" content=\"2023-11-14T22:13:55+00:00\" \/>\n<meta property=\"og:image\" content=\"https:\/\/www.holstein.ch\/wp-content\/uploads\/logo-ClubHolstein-Glane-veveyse.jpg\" \/>\n\t<meta property=\"og:image:width\" content=\"550\" \/>\n\t<meta property=\"og:image:height\" content=\"550\" \/>\n\t<meta property=\"og:image:type\" content=\"image\/jpeg\" \/>\n<meta name=\"author\" content=\"Marie-Jos\u00e9 Rossier\" \/>\n<meta name=\"twitter:card\" content=\"summary_large_image\" \/>\n<meta name=\"twitter:label1\" content=\"\u00c9crit par\" \/>\n\t<meta name=\"twitter:data1\" content=\"Marie-Jos\u00e9 Rossier\" \/>\n\t<meta name=\"twitter:label2\" content=\"Dur\u00e9e de lecture estim\u00e9e\" \/>\n\t<meta name=\"twitter:data2\" content=\"1 minute\" \/>\n<script type=\"application\/ld+json\" class=\"yoast-schema-graph\">{\"@context\":\"https:\/\/schema.org\",\"@graph\":[{\"@type\":\"NewsArticle\",\"@id\":\"https:\/\/www.holstein.ch\/fr\/palmares-expo-glane-veveyse-2023\/#article\",\"isPartOf\":{\"@id\":\"https:\/\/www.holstein.ch\/fr\/palmares-expo-glane-veveyse-2023\/\"},\"author\":{\"name\":\"Marie-Jos\u00e9 Rossier\",\"@id\":\"https:\/\/www.holstein.ch\/fr\/#\/schema\/person\/91e83d490a3dfd0906e65d37ecbcbfb6\"},\"headline\":\"Palmar\u00e8s Expo Gl\u00e2ne-Veveyse 2023\",\"datePublished\":\"2023-03-07T10:29:42+00:00\",\"dateModified\":\"2023-11-14T22:13:55+00:00\",\"mainEntityOfPage\":{\"@id\":\"https:\/\/www.holstein.ch\/fr\/palmares-expo-glane-veveyse-2023\/\"},\"wordCount\":139,\"commentCount\":0,\"publisher\":{\"@id\":\"https:\/\/www.holstein.ch\/fr\/#organization\"},\"articleSection\":[\"R\u00e9sultats d'exposition\"],\"inLanguage\":\"fr-FR\"},{\"@type\":\"WebPage\",\"@id\":\"https:\/\/www.holstein.ch\/fr\/palmares-expo-glane-veveyse-2023\/\",\"url\":\"https:\/\/www.holstein.ch\/fr\/palmares-expo-glane-veveyse-2023\/\",\"name\":\"Palmar\u00e8s Expo Gl\u00e2ne-Veveyse 2023 - Holstein Switzerland\",\"isPartOf\":{\"@id\":\"https:\/\/www.holstein.ch\/fr\/#website\"},\"datePublished\":\"2023-03-07T10:29:42+00:00\",\"dateModified\":\"2023-11-14T22:13:55+00:00\",\"breadcrumb\":{\"@id\":\"https:\/\/www.holstein.ch\/fr\/palmares-expo-glane-veveyse-2023\/#breadcrumb\"},\"inLanguage\":\"fr-FR\",\"potentialAction\":[{\"@type\":\"ReadAction\",\"target\":[\"https:\/\/www.holstein.ch\/fr\/palmares-expo-glane-veveyse-2023\/\"]}]},{\"@type\":\"BreadcrumbList\",\"@id\":\"https:\/\/www.holstein.ch\/fr\/palmares-expo-glane-veveyse-2023\/#breadcrumb\",\"itemListElement\":[{\"@type\":\"ListItem\",\"position\":1,\"name\":\"R\u00e9sultats d'exposition\",\"item\":\"https:\/\/www.holstein.ch\/fr\/publications\/resultats-dexposition\/\"},{\"@type\":\"ListItem\",\"position\":2,\"name\":\"Palmar\u00e8s Expo Gl\u00e2ne-Veveyse 2023\"}]},{\"@type\":\"WebSite\",\"@id\":\"https:\/\/www.holstein.ch\/fr\/#website\",\"url\":\"https:\/\/www.holstein.ch\/fr\/\",\"name\":\"Holstein Switzerland\",\"description\":\"Holstein Switzerland\",\"publisher\":{\"@id\":\"https:\/\/www.holstein.ch\/fr\/#organization\"},\"potentialAction\":[{\"@type\":\"SearchAction\",\"target\":{\"@type\":\"EntryPoint\",\"urlTemplate\":\"https:\/\/www.holstein.ch\/fr\/?s={search_term_string}\"},\"query-input\":{\"@type\":\"PropertyValueSpecification\",\"valueRequired\":true,\"valueName\":\"search_term_string\"}}],\"inLanguage\":\"fr-FR\"},{\"@type\":\"Organization\",\"@id\":\"https:\/\/www.holstein.ch\/fr\/#organization\",\"name\":\"Holstein Switzerland\",\"url\":\"https:\/\/www.holstein.ch\/fr\/\",\"logo\":{\"@type\":\"ImageObject\",\"inLanguage\":\"fr-FR\",\"@id\":\"https:\/\/www.holstein.ch\/fr\/#\/schema\/logo\/image\/\",\"url\":\"https:\/\/www.holstein.ch\/wp-content\/uploads\/2023\/09\/holstein_switzerland_logo.png\",\"contentUrl\":\"https:\/\/www.holstein.ch\/wp-content\/uploads\/2023\/09\/holstein_switzerland_logo.png\",\"width\":800,\"height\":621,\"caption\":\"Holstein Switzerland\"},\"image\":{\"@id\":\"https:\/\/www.holstein.ch\/fr\/#\/schema\/logo\/image\/\"},\"sameAs\":[\"https:\/\/www.facebook.com\/HolSwi\",\"https:\/\/www.youtube.com\/@holsteinswitzerland\",\"https:\/\/www.instagram.com\/holstein_switzerland\"]},{\"@type\":\"Person\",\"@id\":\"https:\/\/www.holstein.ch\/fr\/#\/schema\/person\/91e83d490a3dfd0906e65d37ecbcbfb6\",\"name\":\"Marie-Jos\u00e9 Rossier\",\"image\":{\"@type\":\"ImageObject\",\"inLanguage\":\"fr-FR\",\"@id\":\"https:\/\/www.holstein.ch\/fr\/#\/schema\/person\/image\/\",\"url\":\"https:\/\/secure.gravatar.com\/avatar\/68ae16187ec4e6b8556e0e811e57dcb7c21c138f955e02087102f283ee2b3bb6?s=96&d=mm&r=g\",\"contentUrl\":\"https:\/\/secure.gravatar.com\/avatar\/68ae16187ec4e6b8556e0e811e57dcb7c21c138f955e02087102f283ee2b3bb6?s=96&d=mm&r=g\",\"caption\":\"Marie-Jos\u00e9 Rossier\"}}]}<\/script>\n<!-- \/ Yoast SEO plugin. -->","yoast_head_json":{"title":"Palmar\u00e8s Expo Gl\u00e2ne-Veveyse 2023 - Holstein Switzerland","robots":{"index":"index","follow":"follow","max-snippet":"max-snippet:-1","max-image-preview":"max-image-preview:large","max-video-preview":"max-video-preview:-1"},"canonical":"https:\/\/www.holstein.ch\/fr\/palmares-expo-glane-veveyse-2023\/","og_locale":"fr_FR","og_type":"article","og_title":"Palmar\u00e8s Expo Gl\u00e2ne-Veveyse 2023 - Holstein Switzerland","og_description":"Palmar\u00e8s 24\u00e8me Expo Holstein Gl\u00e2ne-Veveyse du 4 mars 2023 PDF &#8211; Palmar\u00e8s complet Championnat G\u00e9nisses 15 La Biolleyre Doral ABRACADABRA \/\/ 26.01.2022 DORAL \/\/ Cardinaux Beno\u00eet, 1699 Bouloz30 Ayer Chief REGLISSE \/\/ 07.11.2021 CHIEF-ET \/\/ Ayer Serge + Yvan, 1611 Le Cr\u00eat-p-Semsales38 Ayer Swingman ROTTERDAM \/\/ 29.08.2021 SWINGMAN-ET \/\/ Ayer Serge + Yvan, 1611 Le [&hellip;]","og_url":"https:\/\/www.holstein.ch\/fr\/palmares-expo-glane-veveyse-2023\/","og_site_name":"Holstein Switzerland","article_publisher":"https:\/\/www.facebook.com\/HolSwi","article_published_time":"2023-03-07T10:29:42+00:00","article_modified_time":"2023-11-14T22:13:55+00:00","og_image":[{"width":550,"height":550,"url":"https:\/\/www.holstein.ch\/wp-content\/uploads\/logo-ClubHolstein-Glane-veveyse.jpg","type":"image\/jpeg"}],"author":"Marie-Jos\u00e9 Rossier","twitter_card":"summary_large_image","twitter_misc":{"\u00c9crit par":"Marie-Jos\u00e9 Rossier","Dur\u00e9e de lecture estim\u00e9e":"1 minute"},"schema":{"@context":"https:\/\/schema.org","@graph":[{"@type":"NewsArticle","@id":"https:\/\/www.holstein.ch\/fr\/palmares-expo-glane-veveyse-2023\/#article","isPartOf":{"@id":"https:\/\/www.holstein.ch\/fr\/palmares-expo-glane-veveyse-2023\/"},"author":{"name":"Marie-Jos\u00e9 Rossier","@id":"https:\/\/www.holstein.ch\/fr\/#\/schema\/person\/91e83d490a3dfd0906e65d37ecbcbfb6"},"headline":"Palmar\u00e8s Expo Gl\u00e2ne-Veveyse 2023","datePublished":"2023-03-07T10:29:42+00:00","dateModified":"2023-11-14T22:13:55+00:00","mainEntityOfPage":{"@id":"https:\/\/www.holstein.ch\/fr\/palmares-expo-glane-veveyse-2023\/"},"wordCount":139,"commentCount":0,"publisher":{"@id":"https:\/\/www.holstein.ch\/fr\/#organization"},"articleSection":["R\u00e9sultats d'exposition"],"inLanguage":"fr-FR"},{"@type":"WebPage","@id":"https:\/\/www.holstein.ch\/fr\/palmares-expo-glane-veveyse-2023\/","url":"https:\/\/www.holstein.ch\/fr\/palmares-expo-glane-veveyse-2023\/","name":"Palmar\u00e8s Expo Gl\u00e2ne-Veveyse 2023 - Holstein Switzerland","isPartOf":{"@id":"https:\/\/www.holstein.ch\/fr\/#website"},"datePublished":"2023-03-07T10:29:42+00:00","dateModified":"2023-11-14T22:13:55+00:00","breadcrumb":{"@id":"https:\/\/www.holstein.ch\/fr\/palmares-expo-glane-veveyse-2023\/#breadcrumb"},"inLanguage":"fr-FR","potentialAction":[{"@type":"ReadAction","target":["https:\/\/www.holstein.ch\/fr\/palmares-expo-glane-veveyse-2023\/"]}]},{"@type":"BreadcrumbList","@id":"https:\/\/www.holstein.ch\/fr\/palmares-expo-glane-veveyse-2023\/#breadcrumb","itemListElement":[{"@type":"ListItem","position":1,"name":"R\u00e9sultats d'exposition","item":"https:\/\/www.holstein.ch\/fr\/publications\/resultats-dexposition\/"},{"@type":"ListItem","position":2,"name":"Palmar\u00e8s Expo Gl\u00e2ne-Veveyse 2023"}]},{"@type":"WebSite","@id":"https:\/\/www.holstein.ch\/fr\/#website","url":"https:\/\/www.holstein.ch\/fr\/","name":"Holstein Switzerland","description":"Holstein Switzerland","publisher":{"@id":"https:\/\/www.holstein.ch\/fr\/#organization"},"potentialAction":[{"@type":"SearchAction","target":{"@type":"EntryPoint","urlTemplate":"https:\/\/www.holstein.ch\/fr\/?s={search_term_string}"},"query-input":{"@type":"PropertyValueSpecification","valueRequired":true,"valueName":"search_term_string"}}],"inLanguage":"fr-FR"},{"@type":"Organization","@id":"https:\/\/www.holstein.ch\/fr\/#organization","name":"Holstein Switzerland","url":"https:\/\/www.holstein.ch\/fr\/","logo":{"@type":"ImageObject","inLanguage":"fr-FR","@id":"https:\/\/www.holstein.ch\/fr\/#\/schema\/logo\/image\/","url":"https:\/\/www.holstein.ch\/wp-content\/uploads\/2023\/09\/holstein_switzerland_logo.png","contentUrl":"https:\/\/www.holstein.ch\/wp-content\/uploads\/2023\/09\/holstein_switzerland_logo.png","width":800,"height":621,"caption":"Holstein Switzerland"},"image":{"@id":"https:\/\/www.holstein.ch\/fr\/#\/schema\/logo\/image\/"},"sameAs":["https:\/\/www.facebook.com\/HolSwi","https:\/\/www.youtube.com\/@holsteinswitzerland","https:\/\/www.instagram.com\/holstein_switzerland"]},{"@type":"Person","@id":"https:\/\/www.holstein.ch\/fr\/#\/schema\/person\/91e83d490a3dfd0906e65d37ecbcbfb6","name":"Marie-Jos\u00e9 Rossier","image":{"@type":"ImageObject","inLanguage":"fr-FR","@id":"https:\/\/www.holstein.ch\/fr\/#\/schema\/person\/image\/","url":"https:\/\/secure.gravatar.com\/avatar\/68ae16187ec4e6b8556e0e811e57dcb7c21c138f955e02087102f283ee2b3bb6?s=96&d=mm&r=g","contentUrl":"https:\/\/secure.gravatar.com\/avatar\/68ae16187ec4e6b8556e0e811e57dcb7c21c138f955e02087102f283ee2b3bb6?s=96&d=mm&r=g","caption":"Marie-Jos\u00e9 Rossier"}}]}},"_links":{"self":[{"href":"https:\/\/www.holstein.ch\/fr\/wp-json\/wp\/v2\/posts\/22661","targetHints":{"allow":["GET"]}}],"collection":[{"href":"https:\/\/www.holstein.ch\/fr\/wp-json\/wp\/v2\/posts"}],"about":[{"href":"https:\/\/www.holstein.ch\/fr\/wp-json\/wp\/v2\/types\/post"}],"author":[{"embeddable":true,"href":"https:\/\/www.holstein.ch\/fr\/wp-json\/wp\/v2\/users\/42"}],"replies":[{"embeddable":true,"href":"https:\/\/www.holstein.ch\/fr\/wp-json\/wp\/v2\/comments?post=22661"}],"version-history":[{"count":4,"href":"https:\/\/www.holstein.ch\/fr\/wp-json\/wp\/v2\/posts\/22661\/revisions"}],"predecessor-version":[{"id":28000,"href":"https:\/\/www.holstein.ch\/fr\/wp-json\/wp\/v2\/posts\/22661\/revisions\/28000"}],"wp:attachment":[{"href":"https:\/\/www.holstein.ch\/fr\/wp-json\/wp\/v2\/media?parent=22661"}],"wp:term":[{"taxonomy":"category","embeddable":true,"href":"https:\/\/www.holstein.ch\/fr\/wp-json\/wp\/v2\/categories?post=22661"},{"taxonomy":"post_tag","embeddable":true,"href":"https:\/\/www.holstein.ch\/fr\/wp-json\/wp\/v2\/tags?post=22661"}],"curies":[{"name":"wp","href":"https:\/\/api.w.org\/{rel}","templated":true}]}}