{"id":22711,"date":"2023-03-13T15:36:12","date_gmt":"2023-03-13T14:36:12","guid":{"rendered":"https:\/\/www.holstein.ch\/?p=22711"},"modified":"2023-11-14T20:13:17","modified_gmt":"2023-11-14T19:13:17","slug":"nouveaux-juges-holstein-switzerland","status":"publish","type":"post","link":"https:\/\/www.holstein.ch\/fr\/nouveaux-juges-holstein-switzerland\/","title":{"rendered":"Nouveaux juges &#8211; Holstein Switzerland"},"content":{"rendered":"\n<p>Apr\u00e8s avoir suivi avec succ\u00e8s le cours de formation pour juges Holstein, deux nouveaux juges ont pu \u00eatre ajout\u00e9s \u00e0 la liste officielle des juges Holstein Switzerland.<\/p>\n\n\n\n<p>Les 1 et 2 mars 2023 a eu lieu le cours de formation pour les juges de la race Holstein, organis\u00e9 conjointement par Holstein Switzerland et swissherdbook.<\/p>\n\n\n\n<p>Les deux meilleurs candidats ont \u00e9t\u00e9 ajout\u00e9s \u00e0 la liste officielle des juges agr\u00e9es.<\/p>\n\n\n\n<p>Les 10 juges agr\u00e9\u00e9s de Holstein Switzerland sont donc :<\/p>\n\n\n\n<ul class=\"wp-block-list\">\n<li>Charri\u00e8re Bruno, Cerniat (FR)<\/li>\n\n\n\n<li><strong>Dumas Dylan, Vaulruz (FR)*<\/strong><\/li>\n\n\n\n<li>Ender Thomas, Kallern (AG)<\/li>\n\n\n\n<li>Gubelmann Patrick, Villaz-St-Pierre (FR)<\/li>\n\n\n\n<li>Guillaume Marc-Henri, Grangettes (FR)<\/li>\n\n\n\n<li>Jungo Alain, Tentlingen (FR)<\/li>\n\n\n\n<li>Pharisa Dominique, Estavannens (FR)<\/li>\n\n\n\n<li>Rouiller Jacques, Rossens (FR)<\/li>\n\n\n\n<li>Salzmann Jonas, Sch\u00fcpbach (BE)<\/li>\n\n\n\n<li><strong>Schuwey Christian, Jaun (FR)*<\/strong><\/li>\n<\/ul>\n\n\n\n<p><strong>* nouveau<\/strong><\/p>\n\n\n\n<p>Holstein Switzerland f\u00e9licite les deux nouveaux juges et leur souhaite \u00e0 tous plein succ\u00e8s et beaucoup de satisfaction et les remercie de leur engagement en faveur de la Holstein !<\/p>\n","protected":false},"excerpt":{"rendered":"<p>Apr\u00e8s avoir suivi avec succ\u00e8s le cours de formation pour juges Holstein, deux nouveaux juges ont pu \u00eatre ajout\u00e9s \u00e0 la liste officielle des juges Holstein Switzerland. Les 1 et 2 mars 2023 a eu lieu le cours de formation pour les juges de la race Holstein, organis\u00e9 conjointement par Holstein Switzerland et swissherdbook. Les [&hellip;]<\/p>\n","protected":false},"author":42,"featured_media":22709,"comment_status":"open","ping_status":"open","sticky":false,"template":"","format":"standard","meta":{"_acf_changed":false,"_monsterinsights_skip_tracking":false,"_monsterinsights_sitenote_active":false,"_monsterinsights_sitenote_note":"","_monsterinsights_sitenote_category":0,"footnotes":""},"categories":[599],"tags":[],"class_list":["post-22711","post","type-post","status-publish","format-standard","has-post-thumbnail","hentry","category-autres-actualites"],"acf":[],"yoast_head":"<!-- This site is optimized with the Yoast SEO plugin v26.9 - https:\/\/yoast.com\/product\/yoast-seo-wordpress\/ -->\n<title>Nouveaux juges - Holstein Switzerland - Holstein Switzerland<\/title>\n<meta name=\"robots\" content=\"index, follow, max-snippet:-1, max-image-preview:large, max-video-preview:-1\" \/>\n<link rel=\"canonical\" href=\"https:\/\/www.holstein.ch\/fr\/nouveaux-juges-holstein-switzerland\/\" \/>\n<meta property=\"og:locale\" content=\"fr_FR\" \/>\n<meta property=\"og:type\" content=\"article\" \/>\n<meta property=\"og:title\" content=\"Nouveaux juges - Holstein Switzerland - Holstein Switzerland\" \/>\n<meta property=\"og:description\" content=\"Apr\u00e8s avoir suivi avec succ\u00e8s le cours de formation pour juges Holstein, deux nouveaux juges ont pu \u00eatre ajout\u00e9s \u00e0 la liste officielle des juges Holstein Switzerland. Les 1 et 2 mars 2023 a eu lieu le cours de formation pour les juges de la race Holstein, organis\u00e9 conjointement par Holstein Switzerland et swissherdbook. Les [&hellip;]\" \/>\n<meta property=\"og:url\" content=\"https:\/\/www.holstein.ch\/fr\/nouveaux-juges-holstein-switzerland\/\" \/>\n<meta property=\"og:site_name\" content=\"Holstein Switzerland\" \/>\n<meta property=\"article:publisher\" content=\"https:\/\/www.facebook.com\/HolSwi\" \/>\n<meta property=\"article:published_time\" content=\"2023-03-13T14:36:12+00:00\" \/>\n<meta property=\"article:modified_time\" content=\"2023-11-14T19:13:17+00:00\" \/>\n<meta property=\"og:image\" content=\"https:\/\/www.holstein.ch\/wp-content\/uploads\/NOUVEAUX-JUGES-NEU-RICHTER-2023-holstein-switzerland.jpg\" \/>\n\t<meta property=\"og:image:width\" content=\"1080\" \/>\n\t<meta property=\"og:image:height\" content=\"720\" \/>\n\t<meta property=\"og:image:type\" content=\"image\/jpeg\" \/>\n<meta name=\"author\" content=\"Marie-Jos\u00e9 Rossier\" \/>\n<meta name=\"twitter:card\" content=\"summary_large_image\" \/>\n<meta name=\"twitter:label1\" content=\"\u00c9crit par\" \/>\n\t<meta name=\"twitter:data1\" content=\"Marie-Jos\u00e9 Rossier\" \/>\n\t<meta name=\"twitter:label2\" content=\"Dur\u00e9e de lecture estim\u00e9e\" \/>\n\t<meta name=\"twitter:data2\" content=\"1 minute\" \/>\n<script type=\"application\/ld+json\" class=\"yoast-schema-graph\">{\"@context\":\"https:\/\/schema.org\",\"@graph\":[{\"@type\":\"NewsArticle\",\"@id\":\"https:\/\/www.holstein.ch\/fr\/nouveaux-juges-holstein-switzerland\/#article\",\"isPartOf\":{\"@id\":\"https:\/\/www.holstein.ch\/fr\/nouveaux-juges-holstein-switzerland\/\"},\"author\":{\"name\":\"Marie-Jos\u00e9 Rossier\",\"@id\":\"https:\/\/www.holstein.ch\/fr\/#\/schema\/person\/91e83d490a3dfd0906e65d37ecbcbfb6\"},\"headline\":\"Nouveaux juges &#8211; Holstein Switzerland\",\"datePublished\":\"2023-03-13T14:36:12+00:00\",\"dateModified\":\"2023-11-14T19:13:17+00:00\",\"mainEntityOfPage\":{\"@id\":\"https:\/\/www.holstein.ch\/fr\/nouveaux-juges-holstein-switzerland\/\"},\"wordCount\":155,\"commentCount\":0,\"publisher\":{\"@id\":\"https:\/\/www.holstein.ch\/fr\/#organization\"},\"image\":{\"@id\":\"https:\/\/www.holstein.ch\/fr\/nouveaux-juges-holstein-switzerland\/#primaryimage\"},\"thumbnailUrl\":\"https:\/\/www.holstein.ch\/wp-content\/uploads\/NOUVEAUX-JUGES-NEU-RICHTER-2023-holstein-switzerland.jpg\",\"articleSection\":[\"Autres actualit\u00e9s\"],\"inLanguage\":\"fr-FR\"},{\"@type\":\"WebPage\",\"@id\":\"https:\/\/www.holstein.ch\/fr\/nouveaux-juges-holstein-switzerland\/\",\"url\":\"https:\/\/www.holstein.ch\/fr\/nouveaux-juges-holstein-switzerland\/\",\"name\":\"Nouveaux juges - Holstein Switzerland - Holstein Switzerland\",\"isPartOf\":{\"@id\":\"https:\/\/www.holstein.ch\/fr\/#website\"},\"primaryImageOfPage\":{\"@id\":\"https:\/\/www.holstein.ch\/fr\/nouveaux-juges-holstein-switzerland\/#primaryimage\"},\"image\":{\"@id\":\"https:\/\/www.holstein.ch\/fr\/nouveaux-juges-holstein-switzerland\/#primaryimage\"},\"thumbnailUrl\":\"https:\/\/www.holstein.ch\/wp-content\/uploads\/NOUVEAUX-JUGES-NEU-RICHTER-2023-holstein-switzerland.jpg\",\"datePublished\":\"2023-03-13T14:36:12+00:00\",\"dateModified\":\"2023-11-14T19:13:17+00:00\",\"breadcrumb\":{\"@id\":\"https:\/\/www.holstein.ch\/fr\/nouveaux-juges-holstein-switzerland\/#breadcrumb\"},\"inLanguage\":\"fr-FR\",\"potentialAction\":[{\"@type\":\"ReadAction\",\"target\":[\"https:\/\/www.holstein.ch\/fr\/nouveaux-juges-holstein-switzerland\/\"]}]},{\"@type\":\"ImageObject\",\"inLanguage\":\"fr-FR\",\"@id\":\"https:\/\/www.holstein.ch\/fr\/nouveaux-juges-holstein-switzerland\/#primaryimage\",\"url\":\"https:\/\/www.holstein.ch\/wp-content\/uploads\/NOUVEAUX-JUGES-NEU-RICHTER-2023-holstein-switzerland.jpg\",\"contentUrl\":\"https:\/\/www.holstein.ch\/wp-content\/uploads\/NOUVEAUX-JUGES-NEU-RICHTER-2023-holstein-switzerland.jpg\",\"width\":1080,\"height\":720,\"caption\":\"NOUVEAUX-JUGES-NEU-RICHTER-2023-holstein-switzerland\"},{\"@type\":\"BreadcrumbList\",\"@id\":\"https:\/\/www.holstein.ch\/fr\/nouveaux-juges-holstein-switzerland\/#breadcrumb\",\"itemListElement\":[{\"@type\":\"ListItem\",\"position\":1,\"name\":\"Autres actualit\u00e9s\",\"item\":\"https:\/\/www.holstein.ch\/fr\/publications\/autres-actualites\/\"},{\"@type\":\"ListItem\",\"position\":2,\"name\":\"Nouveaux juges &#8211; Holstein Switzerland\"}]},{\"@type\":\"WebSite\",\"@id\":\"https:\/\/www.holstein.ch\/fr\/#website\",\"url\":\"https:\/\/www.holstein.ch\/fr\/\",\"name\":\"Holstein Switzerland\",\"description\":\"Holstein Switzerland\",\"publisher\":{\"@id\":\"https:\/\/www.holstein.ch\/fr\/#organization\"},\"potentialAction\":[{\"@type\":\"SearchAction\",\"target\":{\"@type\":\"EntryPoint\",\"urlTemplate\":\"https:\/\/www.holstein.ch\/fr\/?s={search_term_string}\"},\"query-input\":{\"@type\":\"PropertyValueSpecification\",\"valueRequired\":true,\"valueName\":\"search_term_string\"}}],\"inLanguage\":\"fr-FR\"},{\"@type\":\"Organization\",\"@id\":\"https:\/\/www.holstein.ch\/fr\/#organization\",\"name\":\"Holstein Switzerland\",\"url\":\"https:\/\/www.holstein.ch\/fr\/\",\"logo\":{\"@type\":\"ImageObject\",\"inLanguage\":\"fr-FR\",\"@id\":\"https:\/\/www.holstein.ch\/fr\/#\/schema\/logo\/image\/\",\"url\":\"https:\/\/www.holstein.ch\/wp-content\/uploads\/2023\/09\/holstein_switzerland_logo.png\",\"contentUrl\":\"https:\/\/www.holstein.ch\/wp-content\/uploads\/2023\/09\/holstein_switzerland_logo.png\",\"width\":800,\"height\":621,\"caption\":\"Holstein Switzerland\"},\"image\":{\"@id\":\"https:\/\/www.holstein.ch\/fr\/#\/schema\/logo\/image\/\"},\"sameAs\":[\"https:\/\/www.facebook.com\/HolSwi\",\"https:\/\/www.youtube.com\/@holsteinswitzerland\",\"https:\/\/www.instagram.com\/holstein_switzerland\"]},{\"@type\":\"Person\",\"@id\":\"https:\/\/www.holstein.ch\/fr\/#\/schema\/person\/91e83d490a3dfd0906e65d37ecbcbfb6\",\"name\":\"Marie-Jos\u00e9 Rossier\",\"image\":{\"@type\":\"ImageObject\",\"inLanguage\":\"fr-FR\",\"@id\":\"https:\/\/www.holstein.ch\/fr\/#\/schema\/person\/image\/\",\"url\":\"https:\/\/secure.gravatar.com\/avatar\/68ae16187ec4e6b8556e0e811e57dcb7c21c138f955e02087102f283ee2b3bb6?s=96&d=mm&r=g\",\"contentUrl\":\"https:\/\/secure.gravatar.com\/avatar\/68ae16187ec4e6b8556e0e811e57dcb7c21c138f955e02087102f283ee2b3bb6?s=96&d=mm&r=g\",\"caption\":\"Marie-Jos\u00e9 Rossier\"}}]}<\/script>\n<!-- \/ Yoast SEO plugin. -->","yoast_head_json":{"title":"Nouveaux juges - Holstein Switzerland - Holstein Switzerland","robots":{"index":"index","follow":"follow","max-snippet":"max-snippet:-1","max-image-preview":"max-image-preview:large","max-video-preview":"max-video-preview:-1"},"canonical":"https:\/\/www.holstein.ch\/fr\/nouveaux-juges-holstein-switzerland\/","og_locale":"fr_FR","og_type":"article","og_title":"Nouveaux juges - Holstein Switzerland - Holstein Switzerland","og_description":"Apr\u00e8s avoir suivi avec succ\u00e8s le cours de formation pour juges Holstein, deux nouveaux juges ont pu \u00eatre ajout\u00e9s \u00e0 la liste officielle des juges Holstein Switzerland. Les 1 et 2 mars 2023 a eu lieu le cours de formation pour les juges de la race Holstein, organis\u00e9 conjointement par Holstein Switzerland et swissherdbook. Les [&hellip;]","og_url":"https:\/\/www.holstein.ch\/fr\/nouveaux-juges-holstein-switzerland\/","og_site_name":"Holstein Switzerland","article_publisher":"https:\/\/www.facebook.com\/HolSwi","article_published_time":"2023-03-13T14:36:12+00:00","article_modified_time":"2023-11-14T19:13:17+00:00","og_image":[{"width":1080,"height":720,"url":"https:\/\/www.holstein.ch\/wp-content\/uploads\/NOUVEAUX-JUGES-NEU-RICHTER-2023-holstein-switzerland.jpg","type":"image\/jpeg"}],"author":"Marie-Jos\u00e9 Rossier","twitter_card":"summary_large_image","twitter_misc":{"\u00c9crit par":"Marie-Jos\u00e9 Rossier","Dur\u00e9e de lecture estim\u00e9e":"1 minute"},"schema":{"@context":"https:\/\/schema.org","@graph":[{"@type":"NewsArticle","@id":"https:\/\/www.holstein.ch\/fr\/nouveaux-juges-holstein-switzerland\/#article","isPartOf":{"@id":"https:\/\/www.holstein.ch\/fr\/nouveaux-juges-holstein-switzerland\/"},"author":{"name":"Marie-Jos\u00e9 Rossier","@id":"https:\/\/www.holstein.ch\/fr\/#\/schema\/person\/91e83d490a3dfd0906e65d37ecbcbfb6"},"headline":"Nouveaux juges &#8211; Holstein Switzerland","datePublished":"2023-03-13T14:36:12+00:00","dateModified":"2023-11-14T19:13:17+00:00","mainEntityOfPage":{"@id":"https:\/\/www.holstein.ch\/fr\/nouveaux-juges-holstein-switzerland\/"},"wordCount":155,"commentCount":0,"publisher":{"@id":"https:\/\/www.holstein.ch\/fr\/#organization"},"image":{"@id":"https:\/\/www.holstein.ch\/fr\/nouveaux-juges-holstein-switzerland\/#primaryimage"},"thumbnailUrl":"https:\/\/www.holstein.ch\/wp-content\/uploads\/NOUVEAUX-JUGES-NEU-RICHTER-2023-holstein-switzerland.jpg","articleSection":["Autres actualit\u00e9s"],"inLanguage":"fr-FR"},{"@type":"WebPage","@id":"https:\/\/www.holstein.ch\/fr\/nouveaux-juges-holstein-switzerland\/","url":"https:\/\/www.holstein.ch\/fr\/nouveaux-juges-holstein-switzerland\/","name":"Nouveaux juges - Holstein Switzerland - Holstein Switzerland","isPartOf":{"@id":"https:\/\/www.holstein.ch\/fr\/#website"},"primaryImageOfPage":{"@id":"https:\/\/www.holstein.ch\/fr\/nouveaux-juges-holstein-switzerland\/#primaryimage"},"image":{"@id":"https:\/\/www.holstein.ch\/fr\/nouveaux-juges-holstein-switzerland\/#primaryimage"},"thumbnailUrl":"https:\/\/www.holstein.ch\/wp-content\/uploads\/NOUVEAUX-JUGES-NEU-RICHTER-2023-holstein-switzerland.jpg","datePublished":"2023-03-13T14:36:12+00:00","dateModified":"2023-11-14T19:13:17+00:00","breadcrumb":{"@id":"https:\/\/www.holstein.ch\/fr\/nouveaux-juges-holstein-switzerland\/#breadcrumb"},"inLanguage":"fr-FR","potentialAction":[{"@type":"ReadAction","target":["https:\/\/www.holstein.ch\/fr\/nouveaux-juges-holstein-switzerland\/"]}]},{"@type":"ImageObject","inLanguage":"fr-FR","@id":"https:\/\/www.holstein.ch\/fr\/nouveaux-juges-holstein-switzerland\/#primaryimage","url":"https:\/\/www.holstein.ch\/wp-content\/uploads\/NOUVEAUX-JUGES-NEU-RICHTER-2023-holstein-switzerland.jpg","contentUrl":"https:\/\/www.holstein.ch\/wp-content\/uploads\/NOUVEAUX-JUGES-NEU-RICHTER-2023-holstein-switzerland.jpg","width":1080,"height":720,"caption":"NOUVEAUX-JUGES-NEU-RICHTER-2023-holstein-switzerland"},{"@type":"BreadcrumbList","@id":"https:\/\/www.holstein.ch\/fr\/nouveaux-juges-holstein-switzerland\/#breadcrumb","itemListElement":[{"@type":"ListItem","position":1,"name":"Autres actualit\u00e9s","item":"https:\/\/www.holstein.ch\/fr\/publications\/autres-actualites\/"},{"@type":"ListItem","position":2,"name":"Nouveaux juges &#8211; Holstein Switzerland"}]},{"@type":"WebSite","@id":"https:\/\/www.holstein.ch\/fr\/#website","url":"https:\/\/www.holstein.ch\/fr\/","name":"Holstein Switzerland","description":"Holstein Switzerland","publisher":{"@id":"https:\/\/www.holstein.ch\/fr\/#organization"},"potentialAction":[{"@type":"SearchAction","target":{"@type":"EntryPoint","urlTemplate":"https:\/\/www.holstein.ch\/fr\/?s={search_term_string}"},"query-input":{"@type":"PropertyValueSpecification","valueRequired":true,"valueName":"search_term_string"}}],"inLanguage":"fr-FR"},{"@type":"Organization","@id":"https:\/\/www.holstein.ch\/fr\/#organization","name":"Holstein Switzerland","url":"https:\/\/www.holstein.ch\/fr\/","logo":{"@type":"ImageObject","inLanguage":"fr-FR","@id":"https:\/\/www.holstein.ch\/fr\/#\/schema\/logo\/image\/","url":"https:\/\/www.holstein.ch\/wp-content\/uploads\/2023\/09\/holstein_switzerland_logo.png","contentUrl":"https:\/\/www.holstein.ch\/wp-content\/uploads\/2023\/09\/holstein_switzerland_logo.png","width":800,"height":621,"caption":"Holstein Switzerland"},"image":{"@id":"https:\/\/www.holstein.ch\/fr\/#\/schema\/logo\/image\/"},"sameAs":["https:\/\/www.facebook.com\/HolSwi","https:\/\/www.youtube.com\/@holsteinswitzerland","https:\/\/www.instagram.com\/holstein_switzerland"]},{"@type":"Person","@id":"https:\/\/www.holstein.ch\/fr\/#\/schema\/person\/91e83d490a3dfd0906e65d37ecbcbfb6","name":"Marie-Jos\u00e9 Rossier","image":{"@type":"ImageObject","inLanguage":"fr-FR","@id":"https:\/\/www.holstein.ch\/fr\/#\/schema\/person\/image\/","url":"https:\/\/secure.gravatar.com\/avatar\/68ae16187ec4e6b8556e0e811e57dcb7c21c138f955e02087102f283ee2b3bb6?s=96&d=mm&r=g","contentUrl":"https:\/\/secure.gravatar.com\/avatar\/68ae16187ec4e6b8556e0e811e57dcb7c21c138f955e02087102f283ee2b3bb6?s=96&d=mm&r=g","caption":"Marie-Jos\u00e9 Rossier"}}]}},"_links":{"self":[{"href":"https:\/\/www.holstein.ch\/fr\/wp-json\/wp\/v2\/posts\/22711","targetHints":{"allow":["GET"]}}],"collection":[{"href":"https:\/\/www.holstein.ch\/fr\/wp-json\/wp\/v2\/posts"}],"about":[{"href":"https:\/\/www.holstein.ch\/fr\/wp-json\/wp\/v2\/types\/post"}],"author":[{"embeddable":true,"href":"https:\/\/www.holstein.ch\/fr\/wp-json\/wp\/v2\/users\/42"}],"replies":[{"embeddable":true,"href":"https:\/\/www.holstein.ch\/fr\/wp-json\/wp\/v2\/comments?post=22711"}],"version-history":[{"count":2,"href":"https:\/\/www.holstein.ch\/fr\/wp-json\/wp\/v2\/posts\/22711\/revisions"}],"predecessor-version":[{"id":27747,"href":"https:\/\/www.holstein.ch\/fr\/wp-json\/wp\/v2\/posts\/22711\/revisions\/27747"}],"wp:featuredmedia":[{"embeddable":true,"href":"https:\/\/www.holstein.ch\/fr\/wp-json\/wp\/v2\/media\/22709"}],"wp:attachment":[{"href":"https:\/\/www.holstein.ch\/fr\/wp-json\/wp\/v2\/media?parent=22711"}],"wp:term":[{"taxonomy":"category","embeddable":true,"href":"https:\/\/www.holstein.ch\/fr\/wp-json\/wp\/v2\/categories?post=22711"},{"taxonomy":"post_tag","embeddable":true,"href":"https:\/\/www.holstein.ch\/fr\/wp-json\/wp\/v2\/tags?post=22711"}],"curies":[{"name":"wp","href":"https:\/\/api.w.org\/{rel}","templated":true}]}}