{"id":24533,"date":"2023-04-18T12:44:36","date_gmt":"2023-04-18T10:44:36","guid":{"rendered":"https:\/\/u91g9azcjo.preview.infomaniak.website\/?p=24533"},"modified":"2023-11-14T20:10:40","modified_gmt":"2023-11-14T19:10:40","slug":"assemblee-des-delegues-2023-holstein-switerland-mise-sur-la-collaboration","status":"publish","type":"post","link":"https:\/\/www.holstein.ch\/fr\/assemblee-des-delegues-2023-holstein-switerland-mise-sur-la-collaboration\/","title":{"rendered":"Assembl\u00e9e des d\u00e9l\u00e9gu\u00e9s 2023 : Holstein Switerland mise sur la collaboration"},"content":{"rendered":"<div class=\"vc_row wpb_row vc_row-fluid\">\n<div class=\"wpb_column vc_column_container vc_col-sm-12\">\n<div class=\"vc_column-inner\">\n<div class=\"wpb_wrapper\">\n<div class=\"wpb_text_column wpb_content_element \">\n<div class=\"wpb_wrapper\">\n<p><strong>L<\/strong><strong>e mardi 18 avril 2023, la Coop\u00e9rative Holstein Switzerland a r\u00e9uni plus de 200 personnes \u00e0 Forum Fribourg pour son assembl\u00e9e annuelle.<\/strong><\/p>\n<p>Plus d\u2019information dans le communique de presse ci-dessous<\/p>\n<\/div>\n<\/div>\n<\/div>\n<\/div>\n<\/div>\n<\/div>\n\n\n<div class=\"wp-block-buttons is-layout-flex wp-block-buttons-is-layout-flex\">\n<div class=\"wp-block-button\"><a class=\"wp-block-button__link wp-element-button\" href=\"\/wp-content\/uploads\/2023\/09\/communique_AD2023_FR.pdf\" target=\"_blank\" rel=\"noreferrer noopener\">Communiqu\u00e9 de presse<\/a><\/div>\n<\/div>\n","protected":false},"excerpt":{"rendered":"<p>Le mardi 18 avril 2023, la Coop\u00e9rative Holstein Switzerland a r\u00e9uni plus de 200 personnes \u00e0 Forum Fribourg pour son assembl\u00e9e annuelle. Plus d\u2019information dans le communique de presse ci-dessous<\/p>\n","protected":false},"author":393,"featured_media":24534,"comment_status":"open","ping_status":"open","sticky":false,"template":"","format":"standard","meta":{"_acf_changed":false,"_monsterinsights_skip_tracking":false,"_monsterinsights_sitenote_active":false,"_monsterinsights_sitenote_note":"","_monsterinsights_sitenote_category":0,"footnotes":""},"categories":[599],"tags":[],"class_list":["post-24533","post","type-post","status-publish","format-standard","has-post-thumbnail","hentry","category-autres-actualites"],"acf":[],"yoast_head":"<!-- This site is optimized with the Yoast SEO plugin v26.9 - https:\/\/yoast.com\/product\/yoast-seo-wordpress\/ -->\n<title>Assembl\u00e9e des d\u00e9l\u00e9gu\u00e9s 2023 : Holstein Switerland mise sur la collaboration - Holstein Switzerland<\/title>\n<meta name=\"robots\" content=\"index, follow, max-snippet:-1, max-image-preview:large, max-video-preview:-1\" \/>\n<link rel=\"canonical\" href=\"https:\/\/www.holstein.ch\/fr\/assemblee-des-delegues-2023-holstein-switerland-mise-sur-la-collaboration\/\" \/>\n<meta property=\"og:locale\" content=\"fr_FR\" \/>\n<meta property=\"og:type\" content=\"article\" \/>\n<meta property=\"og:title\" content=\"Assembl\u00e9e des d\u00e9l\u00e9gu\u00e9s 2023 : Holstein Switerland mise sur la collaboration - Holstein Switzerland\" \/>\n<meta property=\"og:description\" content=\"Le mardi 18 avril 2023, la Coop\u00e9rative Holstein Switzerland a r\u00e9uni plus de 200 personnes \u00e0 Forum Fribourg pour son assembl\u00e9e annuelle. Plus d\u2019information dans le communique de presse ci-dessous\" \/>\n<meta property=\"og:url\" content=\"https:\/\/www.holstein.ch\/fr\/assemblee-des-delegues-2023-holstein-switerland-mise-sur-la-collaboration\/\" \/>\n<meta property=\"og:site_name\" content=\"Holstein Switzerland\" \/>\n<meta property=\"article:publisher\" content=\"https:\/\/www.facebook.com\/HolSwi\" \/>\n<meta property=\"article:published_time\" content=\"2023-04-18T10:44:36+00:00\" \/>\n<meta property=\"article:modified_time\" content=\"2023-11-14T19:10:40+00:00\" \/>\n<meta property=\"og:image\" content=\"https:\/\/www.holstein.ch\/wp-content\/uploads\/2023\/09\/2B5A5768-1024x683-1.jpg\" \/>\n\t<meta property=\"og:image:width\" content=\"1024\" \/>\n\t<meta property=\"og:image:height\" content=\"683\" \/>\n\t<meta property=\"og:image:type\" content=\"image\/jpeg\" \/>\n<meta name=\"author\" content=\"Carole Howald\" \/>\n<meta name=\"twitter:card\" content=\"summary_large_image\" \/>\n<meta name=\"twitter:label1\" content=\"\u00c9crit par\" \/>\n\t<meta name=\"twitter:data1\" content=\"Carole Howald\" \/>\n\t<meta name=\"twitter:label2\" content=\"Dur\u00e9e de lecture estim\u00e9e\" \/>\n\t<meta name=\"twitter:data2\" content=\"1 minute\" \/>\n<script type=\"application\/ld+json\" class=\"yoast-schema-graph\">{\"@context\":\"https:\/\/schema.org\",\"@graph\":[{\"@type\":\"NewsArticle\",\"@id\":\"https:\/\/www.holstein.ch\/fr\/assemblee-des-delegues-2023-holstein-switerland-mise-sur-la-collaboration\/#article\",\"isPartOf\":{\"@id\":\"https:\/\/www.holstein.ch\/fr\/assemblee-des-delegues-2023-holstein-switerland-mise-sur-la-collaboration\/\"},\"author\":{\"name\":\"Carole Howald\",\"@id\":\"https:\/\/www.holstein.ch\/fr\/#\/schema\/person\/e2771a1ed9c889af96df1bcb72523e47\"},\"headline\":\"Assembl\u00e9e des d\u00e9l\u00e9gu\u00e9s 2023 : Holstein Switerland mise sur la collaboration\",\"datePublished\":\"2023-04-18T10:44:36+00:00\",\"dateModified\":\"2023-11-14T19:10:40+00:00\",\"mainEntityOfPage\":{\"@id\":\"https:\/\/www.holstein.ch\/fr\/assemblee-des-delegues-2023-holstein-switerland-mise-sur-la-collaboration\/\"},\"wordCount\":47,\"commentCount\":0,\"publisher\":{\"@id\":\"https:\/\/www.holstein.ch\/fr\/#organization\"},\"image\":{\"@id\":\"https:\/\/www.holstein.ch\/fr\/assemblee-des-delegues-2023-holstein-switerland-mise-sur-la-collaboration\/#primaryimage\"},\"thumbnailUrl\":\"https:\/\/www.holstein.ch\/wp-content\/uploads\/2023\/09\/2B5A5768-1024x683-1.jpg\",\"articleSection\":[\"Autres actualit\u00e9s\"],\"inLanguage\":\"fr-FR\"},{\"@type\":\"WebPage\",\"@id\":\"https:\/\/www.holstein.ch\/fr\/assemblee-des-delegues-2023-holstein-switerland-mise-sur-la-collaboration\/\",\"url\":\"https:\/\/www.holstein.ch\/fr\/assemblee-des-delegues-2023-holstein-switerland-mise-sur-la-collaboration\/\",\"name\":\"Assembl\u00e9e des d\u00e9l\u00e9gu\u00e9s 2023 : Holstein Switerland mise sur la collaboration - Holstein Switzerland\",\"isPartOf\":{\"@id\":\"https:\/\/www.holstein.ch\/fr\/#website\"},\"primaryImageOfPage\":{\"@id\":\"https:\/\/www.holstein.ch\/fr\/assemblee-des-delegues-2023-holstein-switerland-mise-sur-la-collaboration\/#primaryimage\"},\"image\":{\"@id\":\"https:\/\/www.holstein.ch\/fr\/assemblee-des-delegues-2023-holstein-switerland-mise-sur-la-collaboration\/#primaryimage\"},\"thumbnailUrl\":\"https:\/\/www.holstein.ch\/wp-content\/uploads\/2023\/09\/2B5A5768-1024x683-1.jpg\",\"datePublished\":\"2023-04-18T10:44:36+00:00\",\"dateModified\":\"2023-11-14T19:10:40+00:00\",\"breadcrumb\":{\"@id\":\"https:\/\/www.holstein.ch\/fr\/assemblee-des-delegues-2023-holstein-switerland-mise-sur-la-collaboration\/#breadcrumb\"},\"inLanguage\":\"fr-FR\",\"potentialAction\":[{\"@type\":\"ReadAction\",\"target\":[\"https:\/\/www.holstein.ch\/fr\/assemblee-des-delegues-2023-holstein-switerland-mise-sur-la-collaboration\/\"]}]},{\"@type\":\"ImageObject\",\"inLanguage\":\"fr-FR\",\"@id\":\"https:\/\/www.holstein.ch\/fr\/assemblee-des-delegues-2023-holstein-switerland-mise-sur-la-collaboration\/#primaryimage\",\"url\":\"https:\/\/www.holstein.ch\/wp-content\/uploads\/2023\/09\/2B5A5768-1024x683-1.jpg\",\"contentUrl\":\"https:\/\/www.holstein.ch\/wp-content\/uploads\/2023\/09\/2B5A5768-1024x683-1.jpg\",\"width\":1024,\"height\":683,\"caption\":\"Assembl\u00e9e des d\u00e9l\u00e9gu\u00e9s 2023\"},{\"@type\":\"BreadcrumbList\",\"@id\":\"https:\/\/www.holstein.ch\/fr\/assemblee-des-delegues-2023-holstein-switerland-mise-sur-la-collaboration\/#breadcrumb\",\"itemListElement\":[{\"@type\":\"ListItem\",\"position\":1,\"name\":\"Autres actualit\u00e9s\",\"item\":\"https:\/\/www.holstein.ch\/fr\/publications\/autres-actualites\/\"},{\"@type\":\"ListItem\",\"position\":2,\"name\":\"Assembl\u00e9e des d\u00e9l\u00e9gu\u00e9s 2023 : Holstein Switerland mise sur la collaboration\"}]},{\"@type\":\"WebSite\",\"@id\":\"https:\/\/www.holstein.ch\/fr\/#website\",\"url\":\"https:\/\/www.holstein.ch\/fr\/\",\"name\":\"Holstein Switzerland\",\"description\":\"Holstein Switzerland\",\"publisher\":{\"@id\":\"https:\/\/www.holstein.ch\/fr\/#organization\"},\"potentialAction\":[{\"@type\":\"SearchAction\",\"target\":{\"@type\":\"EntryPoint\",\"urlTemplate\":\"https:\/\/www.holstein.ch\/fr\/?s={search_term_string}\"},\"query-input\":{\"@type\":\"PropertyValueSpecification\",\"valueRequired\":true,\"valueName\":\"search_term_string\"}}],\"inLanguage\":\"fr-FR\"},{\"@type\":\"Organization\",\"@id\":\"https:\/\/www.holstein.ch\/fr\/#organization\",\"name\":\"Holstein Switzerland\",\"url\":\"https:\/\/www.holstein.ch\/fr\/\",\"logo\":{\"@type\":\"ImageObject\",\"inLanguage\":\"fr-FR\",\"@id\":\"https:\/\/www.holstein.ch\/fr\/#\/schema\/logo\/image\/\",\"url\":\"https:\/\/www.holstein.ch\/wp-content\/uploads\/2023\/09\/holstein_switzerland_logo.png\",\"contentUrl\":\"https:\/\/www.holstein.ch\/wp-content\/uploads\/2023\/09\/holstein_switzerland_logo.png\",\"width\":800,\"height\":621,\"caption\":\"Holstein Switzerland\"},\"image\":{\"@id\":\"https:\/\/www.holstein.ch\/fr\/#\/schema\/logo\/image\/\"},\"sameAs\":[\"https:\/\/www.facebook.com\/HolSwi\",\"https:\/\/www.youtube.com\/@holsteinswitzerland\",\"https:\/\/www.instagram.com\/holstein_switzerland\"]},{\"@type\":\"Person\",\"@id\":\"https:\/\/www.holstein.ch\/fr\/#\/schema\/person\/e2771a1ed9c889af96df1bcb72523e47\",\"name\":\"Carole Howald\",\"image\":{\"@type\":\"ImageObject\",\"inLanguage\":\"fr-FR\",\"@id\":\"https:\/\/www.holstein.ch\/fr\/#\/schema\/person\/image\/\",\"url\":\"https:\/\/secure.gravatar.com\/avatar\/c2126f7c3c15bd1ca403e8c1b405f9964834cc603b9d71a514cf7b675af81f49?s=96&d=mm&r=g\",\"contentUrl\":\"https:\/\/secure.gravatar.com\/avatar\/c2126f7c3c15bd1ca403e8c1b405f9964834cc603b9d71a514cf7b675af81f49?s=96&d=mm&r=g\",\"caption\":\"Carole Howald\"},\"sameAs\":[\"http:\/\/ctouttoi.ch\"]}]}<\/script>\n<!-- \/ Yoast SEO plugin. -->","yoast_head_json":{"title":"Assembl\u00e9e des d\u00e9l\u00e9gu\u00e9s 2023 : Holstein Switerland mise sur la collaboration - Holstein Switzerland","robots":{"index":"index","follow":"follow","max-snippet":"max-snippet:-1","max-image-preview":"max-image-preview:large","max-video-preview":"max-video-preview:-1"},"canonical":"https:\/\/www.holstein.ch\/fr\/assemblee-des-delegues-2023-holstein-switerland-mise-sur-la-collaboration\/","og_locale":"fr_FR","og_type":"article","og_title":"Assembl\u00e9e des d\u00e9l\u00e9gu\u00e9s 2023 : Holstein Switerland mise sur la collaboration - Holstein Switzerland","og_description":"Le mardi 18 avril 2023, la Coop\u00e9rative Holstein Switzerland a r\u00e9uni plus de 200 personnes \u00e0 Forum Fribourg pour son assembl\u00e9e annuelle. Plus d\u2019information dans le communique de presse ci-dessous","og_url":"https:\/\/www.holstein.ch\/fr\/assemblee-des-delegues-2023-holstein-switerland-mise-sur-la-collaboration\/","og_site_name":"Holstein Switzerland","article_publisher":"https:\/\/www.facebook.com\/HolSwi","article_published_time":"2023-04-18T10:44:36+00:00","article_modified_time":"2023-11-14T19:10:40+00:00","og_image":[{"width":1024,"height":683,"url":"https:\/\/www.holstein.ch\/wp-content\/uploads\/2023\/09\/2B5A5768-1024x683-1.jpg","type":"image\/jpeg"}],"author":"Carole Howald","twitter_card":"summary_large_image","twitter_misc":{"\u00c9crit par":"Carole Howald","Dur\u00e9e de lecture estim\u00e9e":"1 minute"},"schema":{"@context":"https:\/\/schema.org","@graph":[{"@type":"NewsArticle","@id":"https:\/\/www.holstein.ch\/fr\/assemblee-des-delegues-2023-holstein-switerland-mise-sur-la-collaboration\/#article","isPartOf":{"@id":"https:\/\/www.holstein.ch\/fr\/assemblee-des-delegues-2023-holstein-switerland-mise-sur-la-collaboration\/"},"author":{"name":"Carole Howald","@id":"https:\/\/www.holstein.ch\/fr\/#\/schema\/person\/e2771a1ed9c889af96df1bcb72523e47"},"headline":"Assembl\u00e9e des d\u00e9l\u00e9gu\u00e9s 2023 : Holstein Switerland mise sur la collaboration","datePublished":"2023-04-18T10:44:36+00:00","dateModified":"2023-11-14T19:10:40+00:00","mainEntityOfPage":{"@id":"https:\/\/www.holstein.ch\/fr\/assemblee-des-delegues-2023-holstein-switerland-mise-sur-la-collaboration\/"},"wordCount":47,"commentCount":0,"publisher":{"@id":"https:\/\/www.holstein.ch\/fr\/#organization"},"image":{"@id":"https:\/\/www.holstein.ch\/fr\/assemblee-des-delegues-2023-holstein-switerland-mise-sur-la-collaboration\/#primaryimage"},"thumbnailUrl":"https:\/\/www.holstein.ch\/wp-content\/uploads\/2023\/09\/2B5A5768-1024x683-1.jpg","articleSection":["Autres actualit\u00e9s"],"inLanguage":"fr-FR"},{"@type":"WebPage","@id":"https:\/\/www.holstein.ch\/fr\/assemblee-des-delegues-2023-holstein-switerland-mise-sur-la-collaboration\/","url":"https:\/\/www.holstein.ch\/fr\/assemblee-des-delegues-2023-holstein-switerland-mise-sur-la-collaboration\/","name":"Assembl\u00e9e des d\u00e9l\u00e9gu\u00e9s 2023 : Holstein Switerland mise sur la collaboration - Holstein Switzerland","isPartOf":{"@id":"https:\/\/www.holstein.ch\/fr\/#website"},"primaryImageOfPage":{"@id":"https:\/\/www.holstein.ch\/fr\/assemblee-des-delegues-2023-holstein-switerland-mise-sur-la-collaboration\/#primaryimage"},"image":{"@id":"https:\/\/www.holstein.ch\/fr\/assemblee-des-delegues-2023-holstein-switerland-mise-sur-la-collaboration\/#primaryimage"},"thumbnailUrl":"https:\/\/www.holstein.ch\/wp-content\/uploads\/2023\/09\/2B5A5768-1024x683-1.jpg","datePublished":"2023-04-18T10:44:36+00:00","dateModified":"2023-11-14T19:10:40+00:00","breadcrumb":{"@id":"https:\/\/www.holstein.ch\/fr\/assemblee-des-delegues-2023-holstein-switerland-mise-sur-la-collaboration\/#breadcrumb"},"inLanguage":"fr-FR","potentialAction":[{"@type":"ReadAction","target":["https:\/\/www.holstein.ch\/fr\/assemblee-des-delegues-2023-holstein-switerland-mise-sur-la-collaboration\/"]}]},{"@type":"ImageObject","inLanguage":"fr-FR","@id":"https:\/\/www.holstein.ch\/fr\/assemblee-des-delegues-2023-holstein-switerland-mise-sur-la-collaboration\/#primaryimage","url":"https:\/\/www.holstein.ch\/wp-content\/uploads\/2023\/09\/2B5A5768-1024x683-1.jpg","contentUrl":"https:\/\/www.holstein.ch\/wp-content\/uploads\/2023\/09\/2B5A5768-1024x683-1.jpg","width":1024,"height":683,"caption":"Assembl\u00e9e des d\u00e9l\u00e9gu\u00e9s 2023"},{"@type":"BreadcrumbList","@id":"https:\/\/www.holstein.ch\/fr\/assemblee-des-delegues-2023-holstein-switerland-mise-sur-la-collaboration\/#breadcrumb","itemListElement":[{"@type":"ListItem","position":1,"name":"Autres actualit\u00e9s","item":"https:\/\/www.holstein.ch\/fr\/publications\/autres-actualites\/"},{"@type":"ListItem","position":2,"name":"Assembl\u00e9e des d\u00e9l\u00e9gu\u00e9s 2023 : Holstein Switerland mise sur la collaboration"}]},{"@type":"WebSite","@id":"https:\/\/www.holstein.ch\/fr\/#website","url":"https:\/\/www.holstein.ch\/fr\/","name":"Holstein Switzerland","description":"Holstein Switzerland","publisher":{"@id":"https:\/\/www.holstein.ch\/fr\/#organization"},"potentialAction":[{"@type":"SearchAction","target":{"@type":"EntryPoint","urlTemplate":"https:\/\/www.holstein.ch\/fr\/?s={search_term_string}"},"query-input":{"@type":"PropertyValueSpecification","valueRequired":true,"valueName":"search_term_string"}}],"inLanguage":"fr-FR"},{"@type":"Organization","@id":"https:\/\/www.holstein.ch\/fr\/#organization","name":"Holstein Switzerland","url":"https:\/\/www.holstein.ch\/fr\/","logo":{"@type":"ImageObject","inLanguage":"fr-FR","@id":"https:\/\/www.holstein.ch\/fr\/#\/schema\/logo\/image\/","url":"https:\/\/www.holstein.ch\/wp-content\/uploads\/2023\/09\/holstein_switzerland_logo.png","contentUrl":"https:\/\/www.holstein.ch\/wp-content\/uploads\/2023\/09\/holstein_switzerland_logo.png","width":800,"height":621,"caption":"Holstein Switzerland"},"image":{"@id":"https:\/\/www.holstein.ch\/fr\/#\/schema\/logo\/image\/"},"sameAs":["https:\/\/www.facebook.com\/HolSwi","https:\/\/www.youtube.com\/@holsteinswitzerland","https:\/\/www.instagram.com\/holstein_switzerland"]},{"@type":"Person","@id":"https:\/\/www.holstein.ch\/fr\/#\/schema\/person\/e2771a1ed9c889af96df1bcb72523e47","name":"Carole Howald","image":{"@type":"ImageObject","inLanguage":"fr-FR","@id":"https:\/\/www.holstein.ch\/fr\/#\/schema\/person\/image\/","url":"https:\/\/secure.gravatar.com\/avatar\/c2126f7c3c15bd1ca403e8c1b405f9964834cc603b9d71a514cf7b675af81f49?s=96&d=mm&r=g","contentUrl":"https:\/\/secure.gravatar.com\/avatar\/c2126f7c3c15bd1ca403e8c1b405f9964834cc603b9d71a514cf7b675af81f49?s=96&d=mm&r=g","caption":"Carole Howald"},"sameAs":["http:\/\/ctouttoi.ch"]}]}},"_links":{"self":[{"href":"https:\/\/www.holstein.ch\/fr\/wp-json\/wp\/v2\/posts\/24533","targetHints":{"allow":["GET"]}}],"collection":[{"href":"https:\/\/www.holstein.ch\/fr\/wp-json\/wp\/v2\/posts"}],"about":[{"href":"https:\/\/www.holstein.ch\/fr\/wp-json\/wp\/v2\/types\/post"}],"author":[{"embeddable":true,"href":"https:\/\/www.holstein.ch\/fr\/wp-json\/wp\/v2\/users\/393"}],"replies":[{"embeddable":true,"href":"https:\/\/www.holstein.ch\/fr\/wp-json\/wp\/v2\/comments?post=24533"}],"version-history":[{"count":5,"href":"https:\/\/www.holstein.ch\/fr\/wp-json\/wp\/v2\/posts\/24533\/revisions"}],"predecessor-version":[{"id":27744,"href":"https:\/\/www.holstein.ch\/fr\/wp-json\/wp\/v2\/posts\/24533\/revisions\/27744"}],"wp:featuredmedia":[{"embeddable":true,"href":"https:\/\/www.holstein.ch\/fr\/wp-json\/wp\/v2\/media\/24534"}],"wp:attachment":[{"href":"https:\/\/www.holstein.ch\/fr\/wp-json\/wp\/v2\/media?parent=24533"}],"wp:term":[{"taxonomy":"category","embeddable":true,"href":"https:\/\/www.holstein.ch\/fr\/wp-json\/wp\/v2\/categories?post=24533"},{"taxonomy":"post_tag","embeddable":true,"href":"https:\/\/www.holstein.ch\/fr\/wp-json\/wp\/v2\/tags?post=24533"}],"curies":[{"name":"wp","href":"https:\/\/api.w.org\/{rel}","templated":true}]}}