{"id":31908,"date":"2024-04-23T07:30:00","date_gmt":"2024-04-23T05:30:00","guid":{"rendered":"https:\/\/www.holstein.ch\/?p=31908"},"modified":"2024-04-22T13:04:00","modified_gmt":"2024-04-22T11:04:00","slug":"vache-holstein-switzerland-de-lannee-2024","status":"publish","type":"post","link":"https:\/\/www.holstein.ch\/fr\/vache-holstein-switzerland-de-lannee-2024\/","title":{"rendered":"Vache Holstein Switzerland de l\u2019ann\u00e9e 2024"},"content":{"rendered":"\n<p>C&#8217;est d\u00e9j\u00e0 la 6e fois que l&#8217;\u00e9lection de la `Vache Holstein Switzerland de l&#8217;ann\u00e9e` a lieu. Un groupe incroyable de vaches se trouve en comp\u00e9tition, avec des qualit\u00e9s exceptionnelles marqu\u00e9es aussi bien par leurs propres performances que par celles de leur descendance. Cette ann\u00e9e, un nombre record de vaches aux performances laiti\u00e8res exceptionnelles et \u00e0 la morphologie impressionnante sont en comp\u00e9tition. Cette s\u00e9lection passionnante de vaches repr\u00e9sente le meilleur de l&#8217;\u00e9levage Holstein et refl\u00e8te le travail acharn\u00e9 et l&#8217;engagement des \u00e9leveurs et des producteurs laitiers. Avec cette concurrence record du prestigieux concours, nous sommes impatients de savoir qui sera en lice pour la couronne de la `Vache Holstein Switzerland de l&#8217;ann\u00e9e` cette ann\u00e9e. Votre vote est important !<\/p>\n\n\n\n<figure class=\"wp-block-gallery has-nested-images columns-5 is-cropped wp-block-gallery-1 is-layout-flex wp-block-gallery-is-layout-flex\">\n<figure class=\"wp-block-image size-medium\"><a href=\"https:\/\/www.holstein.ch\/wp-content\/uploads\/2024\/04\/VHOS-01-100.jpg\"><img fetchpriority=\"high\" decoding=\"async\" width=\"300\" height=\"300\" data-id=\"31909\" src=\"https:\/\/www.holstein.ch\/wp-content\/uploads\/2024\/04\/VHOS-01-100-300x300.jpg\" alt=\"\" class=\"wp-image-31909\" srcset=\"https:\/\/www.holstein.ch\/wp-content\/uploads\/2024\/04\/VHOS-01-100-300x300.jpg 300w, https:\/\/www.holstein.ch\/wp-content\/uploads\/2024\/04\/VHOS-01-100-1024x1024.jpg 1024w, https:\/\/www.holstein.ch\/wp-content\/uploads\/2024\/04\/VHOS-01-100-150x150.jpg 150w, https:\/\/www.holstein.ch\/wp-content\/uploads\/2024\/04\/VHOS-01-100-768x768.jpg 768w, https:\/\/www.holstein.ch\/wp-content\/uploads\/2024\/04\/VHOS-01-100-700x700.jpg 700w, https:\/\/www.holstein.ch\/wp-content\/uploads\/2024\/04\/VHOS-01-100-650x650.jpg 650w, https:\/\/www.holstein.ch\/wp-content\/uploads\/2024\/04\/VHOS-01-100.jpg 1080w\" sizes=\"(max-width: 300px) 100vw, 300px\" \/><\/a><\/figure>\n\n\n\n<figure class=\"wp-block-image size-medium\"><a href=\"https:\/\/www.holstein.ch\/wp-content\/uploads\/2024\/04\/VHOS-02-100.jpg\"><img decoding=\"async\" width=\"300\" height=\"300\" data-id=\"31911\" src=\"https:\/\/www.holstein.ch\/wp-content\/uploads\/2024\/04\/VHOS-02-100-300x300.jpg\" alt=\"\" class=\"wp-image-31911\" srcset=\"https:\/\/www.holstein.ch\/wp-content\/uploads\/2024\/04\/VHOS-02-100-300x300.jpg 300w, https:\/\/www.holstein.ch\/wp-content\/uploads\/2024\/04\/VHOS-02-100-1024x1024.jpg 1024w, https:\/\/www.holstein.ch\/wp-content\/uploads\/2024\/04\/VHOS-02-100-150x150.jpg 150w, https:\/\/www.holstein.ch\/wp-content\/uploads\/2024\/04\/VHOS-02-100-768x768.jpg 768w, https:\/\/www.holstein.ch\/wp-content\/uploads\/2024\/04\/VHOS-02-100-700x700.jpg 700w, https:\/\/www.holstein.ch\/wp-content\/uploads\/2024\/04\/VHOS-02-100-650x650.jpg 650w, https:\/\/www.holstein.ch\/wp-content\/uploads\/2024\/04\/VHOS-02-100.jpg 1080w\" sizes=\"(max-width: 300px) 100vw, 300px\" \/><\/a><\/figure>\n\n\n\n<figure class=\"wp-block-image size-medium\"><a href=\"https:\/\/www.holstein.ch\/wp-content\/uploads\/2024\/04\/VHOS-03-100.jpg\"><img decoding=\"async\" width=\"300\" height=\"300\" data-id=\"31915\" src=\"https:\/\/www.holstein.ch\/wp-content\/uploads\/2024\/04\/VHOS-03-100-300x300.jpg\" alt=\"\" class=\"wp-image-31915\" srcset=\"https:\/\/www.holstein.ch\/wp-content\/uploads\/2024\/04\/VHOS-03-100-300x300.jpg 300w, https:\/\/www.holstein.ch\/wp-content\/uploads\/2024\/04\/VHOS-03-100-1024x1024.jpg 1024w, https:\/\/www.holstein.ch\/wp-content\/uploads\/2024\/04\/VHOS-03-100-150x150.jpg 150w, https:\/\/www.holstein.ch\/wp-content\/uploads\/2024\/04\/VHOS-03-100-768x768.jpg 768w, https:\/\/www.holstein.ch\/wp-content\/uploads\/2024\/04\/VHOS-03-100-700x700.jpg 700w, https:\/\/www.holstein.ch\/wp-content\/uploads\/2024\/04\/VHOS-03-100-650x650.jpg 650w, https:\/\/www.holstein.ch\/wp-content\/uploads\/2024\/04\/VHOS-03-100.jpg 1080w\" sizes=\"(max-width: 300px) 100vw, 300px\" \/><\/a><\/figure>\n\n\n\n<figure class=\"wp-block-image size-medium\"><a href=\"https:\/\/www.holstein.ch\/wp-content\/uploads\/2024\/04\/VHOS-04-100.jpg\"><img loading=\"lazy\" decoding=\"async\" width=\"300\" height=\"300\" data-id=\"31917\" src=\"https:\/\/www.holstein.ch\/wp-content\/uploads\/2024\/04\/VHOS-04-100-300x300.jpg\" alt=\"\" class=\"wp-image-31917\" srcset=\"https:\/\/www.holstein.ch\/wp-content\/uploads\/2024\/04\/VHOS-04-100-300x300.jpg 300w, https:\/\/www.holstein.ch\/wp-content\/uploads\/2024\/04\/VHOS-04-100-1024x1024.jpg 1024w, https:\/\/www.holstein.ch\/wp-content\/uploads\/2024\/04\/VHOS-04-100-150x150.jpg 150w, https:\/\/www.holstein.ch\/wp-content\/uploads\/2024\/04\/VHOS-04-100-768x768.jpg 768w, https:\/\/www.holstein.ch\/wp-content\/uploads\/2024\/04\/VHOS-04-100-700x700.jpg 700w, https:\/\/www.holstein.ch\/wp-content\/uploads\/2024\/04\/VHOS-04-100-650x650.jpg 650w, https:\/\/www.holstein.ch\/wp-content\/uploads\/2024\/04\/VHOS-04-100.jpg 1080w\" sizes=\"(max-width: 300px) 100vw, 300px\" \/><\/a><\/figure>\n\n\n\n<figure class=\"wp-block-image size-medium\"><a href=\"https:\/\/www.holstein.ch\/wp-content\/uploads\/2024\/04\/VHOS-05-100.jpg\"><img loading=\"lazy\" decoding=\"async\" width=\"300\" height=\"300\" data-id=\"31913\" src=\"https:\/\/www.holstein.ch\/wp-content\/uploads\/2024\/04\/VHOS-05-100-300x300.jpg\" alt=\"\" class=\"wp-image-31913\" srcset=\"https:\/\/www.holstein.ch\/wp-content\/uploads\/2024\/04\/VHOS-05-100-300x300.jpg 300w, https:\/\/www.holstein.ch\/wp-content\/uploads\/2024\/04\/VHOS-05-100-1024x1024.jpg 1024w, https:\/\/www.holstein.ch\/wp-content\/uploads\/2024\/04\/VHOS-05-100-150x150.jpg 150w, https:\/\/www.holstein.ch\/wp-content\/uploads\/2024\/04\/VHOS-05-100-768x768.jpg 768w, https:\/\/www.holstein.ch\/wp-content\/uploads\/2024\/04\/VHOS-05-100-700x700.jpg 700w, https:\/\/www.holstein.ch\/wp-content\/uploads\/2024\/04\/VHOS-05-100-650x650.jpg 650w, https:\/\/www.holstein.ch\/wp-content\/uploads\/2024\/04\/VHOS-05-100.jpg 1080w\" sizes=\"(max-width: 300px) 100vw, 300px\" \/><\/a><\/figure>\n<\/figure>\n\n\n\n<p>L&#8217;\u00c9LECTION Prenez donc le temps d&#8217;\u00e9tudier les performances des cinq candidates d\u00e9crites ci-apr\u00e8s. Vous avez fait votre choix ? Inscrivez ensuite votre candidate pr\u00e9f\u00e9r\u00e9e sur le formulaire ci-joint. N&#8217;oubliez pas de mentionner votre nom et votre adresse. Un commentaire sur votre choix est \u00e9galement le bienvenu. Comme toujours, tous les membres de Holstein Switzerland ainsi que tous les lecteurs de HI\/KuhFacto sont autoris\u00e9s \u00e0 participer. Il n&#8217;est possible de voter qu&#8217;une seule fois par membre et par abonnement. Envoyez le formulaire d\u00fbment rempli par courrier (Route de Grangeneuve 37, CH-1725 Posieux) ou par e-mail (<a href=\"mailto:info@holstein.ch\">info@holstein.ch<\/a> ou <a href=\"mailto:m.huber@holsteininternational.com\">m.huber@holsteininternational.com<\/a> ) \u00e0 Holstein Switzerland ou HI\/KuhFacto. Parall\u00e8lement, tous les membres de Holstein Switzerland et tous les lecteurs de HI\/KuhFacto pour lesquels nous disposons d&#8217;un contact e-mail recevront dans les prochains jours un message leur permettant de voter par voie num\u00e9rique via une fonction de r\u00e9ponse simple. La date limite d&#8217;envoi pour toutes les options de vote est <strong>le 22 mai 2024<\/strong>. Mais pour l&#8217;instant, nous vous souhaitons beaucoup de plaisir \u00e0 analyser les candidates et beaucoup de succ\u00e8s dans le vote pour la `Vache de l&#8217;ann\u00e9e 2024 de Holstein Switzerland`.<\/p>\n","protected":false},"excerpt":{"rendered":"<p>C&#8217;est d\u00e9j\u00e0 la 6e fois que l&#8217;\u00e9lection de la `Vache Holstein Switzerland de l&#8217;ann\u00e9e` a lieu. Un groupe incroyable de vaches se trouve en comp\u00e9tition, avec des qualit\u00e9s exceptionnelles marqu\u00e9es aussi bien par leurs propres performances que par celles de leur descendance. Cette ann\u00e9e, un nombre record de vaches aux performances laiti\u00e8res exceptionnelles et \u00e0 [&hellip;]<\/p>\n","protected":false},"author":42,"featured_media":31927,"comment_status":"closed","ping_status":"closed","sticky":false,"template":"","format":"standard","meta":{"_acf_changed":false,"_monsterinsights_skip_tracking":false,"_monsterinsights_sitenote_active":false,"_monsterinsights_sitenote_note":"","_monsterinsights_sitenote_category":0,"footnotes":""},"categories":[599],"tags":[],"class_list":["post-31908","post","type-post","status-publish","format-standard","has-post-thumbnail","hentry","category-autres-actualites"],"acf":[],"yoast_head":"<!-- This site is optimized with the Yoast SEO plugin v26.9 - https:\/\/yoast.com\/product\/yoast-seo-wordpress\/ -->\n<title>Vache Holstein Switzerland de l\u2019ann\u00e9e 2024 - Holstein Switzerland<\/title>\n<meta name=\"robots\" content=\"index, follow, max-snippet:-1, max-image-preview:large, max-video-preview:-1\" \/>\n<link rel=\"canonical\" href=\"https:\/\/www.holstein.ch\/fr\/vache-holstein-switzerland-de-lannee-2024\/\" \/>\n<meta property=\"og:locale\" content=\"fr_FR\" \/>\n<meta property=\"og:type\" content=\"article\" \/>\n<meta property=\"og:title\" content=\"Vache Holstein Switzerland de l\u2019ann\u00e9e 2024 - Holstein Switzerland\" \/>\n<meta property=\"og:description\" content=\"C&#8217;est d\u00e9j\u00e0 la 6e fois que l&#8217;\u00e9lection de la `Vache Holstein Switzerland de l&#8217;ann\u00e9e` a lieu. Un groupe incroyable de vaches se trouve en comp\u00e9tition, avec des qualit\u00e9s exceptionnelles marqu\u00e9es aussi bien par leurs propres performances que par celles de leur descendance. Cette ann\u00e9e, un nombre record de vaches aux performances laiti\u00e8res exceptionnelles et \u00e0 [&hellip;]\" \/>\n<meta property=\"og:url\" content=\"https:\/\/www.holstein.ch\/fr\/vache-holstein-switzerland-de-lannee-2024\/\" \/>\n<meta property=\"og:site_name\" content=\"Holstein Switzerland\" \/>\n<meta property=\"article:publisher\" content=\"https:\/\/www.facebook.com\/HolSwi\" \/>\n<meta property=\"article:published_time\" content=\"2024-04-23T05:30:00+00:00\" \/>\n<meta property=\"og:image\" content=\"https:\/\/www.holstein.ch\/wp-content\/uploads\/2024\/04\/web-5finalistes.jpg\" \/>\n\t<meta property=\"og:image:width\" content=\"708\" \/>\n\t<meta property=\"og:image:height\" content=\"500\" \/>\n\t<meta property=\"og:image:type\" content=\"image\/jpeg\" \/>\n<meta name=\"author\" content=\"Marie-Jos\u00e9 Rossier\" \/>\n<meta name=\"twitter:card\" content=\"summary_large_image\" \/>\n<meta name=\"twitter:label1\" content=\"\u00c9crit par\" \/>\n\t<meta name=\"twitter:data1\" content=\"Marie-Jos\u00e9 Rossier\" \/>\n\t<meta name=\"twitter:label2\" content=\"Dur\u00e9e de lecture estim\u00e9e\" \/>\n\t<meta name=\"twitter:data2\" content=\"3 minutes\" \/>\n<script type=\"application\/ld+json\" class=\"yoast-schema-graph\">{\"@context\":\"https:\/\/schema.org\",\"@graph\":[{\"@type\":\"NewsArticle\",\"@id\":\"https:\/\/www.holstein.ch\/fr\/vache-holstein-switzerland-de-lannee-2024\/#article\",\"isPartOf\":{\"@id\":\"https:\/\/www.holstein.ch\/fr\/vache-holstein-switzerland-de-lannee-2024\/\"},\"author\":{\"name\":\"Marie-Jos\u00e9 Rossier\",\"@id\":\"https:\/\/www.holstein.ch\/fr\/#\/schema\/person\/91e83d490a3dfd0906e65d37ecbcbfb6\"},\"headline\":\"Vache Holstein Switzerland de l\u2019ann\u00e9e 2024\",\"datePublished\":\"2024-04-23T05:30:00+00:00\",\"mainEntityOfPage\":{\"@id\":\"https:\/\/www.holstein.ch\/fr\/vache-holstein-switzerland-de-lannee-2024\/\"},\"wordCount\":349,\"publisher\":{\"@id\":\"https:\/\/www.holstein.ch\/fr\/#organization\"},\"image\":{\"@id\":\"https:\/\/www.holstein.ch\/fr\/vache-holstein-switzerland-de-lannee-2024\/#primaryimage\"},\"thumbnailUrl\":\"https:\/\/www.holstein.ch\/wp-content\/uploads\/2024\/04\/web-5finalistes.jpg\",\"articleSection\":[\"Autres actualit\u00e9s\"],\"inLanguage\":\"fr-FR\"},{\"@type\":\"WebPage\",\"@id\":\"https:\/\/www.holstein.ch\/fr\/vache-holstein-switzerland-de-lannee-2024\/\",\"url\":\"https:\/\/www.holstein.ch\/fr\/vache-holstein-switzerland-de-lannee-2024\/\",\"name\":\"Vache Holstein Switzerland de l\u2019ann\u00e9e 2024 - Holstein Switzerland\",\"isPartOf\":{\"@id\":\"https:\/\/www.holstein.ch\/fr\/#website\"},\"primaryImageOfPage\":{\"@id\":\"https:\/\/www.holstein.ch\/fr\/vache-holstein-switzerland-de-lannee-2024\/#primaryimage\"},\"image\":{\"@id\":\"https:\/\/www.holstein.ch\/fr\/vache-holstein-switzerland-de-lannee-2024\/#primaryimage\"},\"thumbnailUrl\":\"https:\/\/www.holstein.ch\/wp-content\/uploads\/2024\/04\/web-5finalistes.jpg\",\"datePublished\":\"2024-04-23T05:30:00+00:00\",\"breadcrumb\":{\"@id\":\"https:\/\/www.holstein.ch\/fr\/vache-holstein-switzerland-de-lannee-2024\/#breadcrumb\"},\"inLanguage\":\"fr-FR\",\"potentialAction\":[{\"@type\":\"ReadAction\",\"target\":[\"https:\/\/www.holstein.ch\/fr\/vache-holstein-switzerland-de-lannee-2024\/\"]}]},{\"@type\":\"ImageObject\",\"inLanguage\":\"fr-FR\",\"@id\":\"https:\/\/www.holstein.ch\/fr\/vache-holstein-switzerland-de-lannee-2024\/#primaryimage\",\"url\":\"https:\/\/www.holstein.ch\/wp-content\/uploads\/2024\/04\/web-5finalistes.jpg\",\"contentUrl\":\"https:\/\/www.holstein.ch\/wp-content\/uploads\/2024\/04\/web-5finalistes.jpg\",\"width\":708,\"height\":500},{\"@type\":\"BreadcrumbList\",\"@id\":\"https:\/\/www.holstein.ch\/fr\/vache-holstein-switzerland-de-lannee-2024\/#breadcrumb\",\"itemListElement\":[{\"@type\":\"ListItem\",\"position\":1,\"name\":\"Autres actualit\u00e9s\",\"item\":\"https:\/\/www.holstein.ch\/fr\/publications\/autres-actualites\/\"},{\"@type\":\"ListItem\",\"position\":2,\"name\":\"Vache Holstein Switzerland de l\u2019ann\u00e9e 2024\"}]},{\"@type\":\"WebSite\",\"@id\":\"https:\/\/www.holstein.ch\/fr\/#website\",\"url\":\"https:\/\/www.holstein.ch\/fr\/\",\"name\":\"Holstein Switzerland\",\"description\":\"Holstein Switzerland\",\"publisher\":{\"@id\":\"https:\/\/www.holstein.ch\/fr\/#organization\"},\"potentialAction\":[{\"@type\":\"SearchAction\",\"target\":{\"@type\":\"EntryPoint\",\"urlTemplate\":\"https:\/\/www.holstein.ch\/fr\/?s={search_term_string}\"},\"query-input\":{\"@type\":\"PropertyValueSpecification\",\"valueRequired\":true,\"valueName\":\"search_term_string\"}}],\"inLanguage\":\"fr-FR\"},{\"@type\":\"Organization\",\"@id\":\"https:\/\/www.holstein.ch\/fr\/#organization\",\"name\":\"Holstein Switzerland\",\"url\":\"https:\/\/www.holstein.ch\/fr\/\",\"logo\":{\"@type\":\"ImageObject\",\"inLanguage\":\"fr-FR\",\"@id\":\"https:\/\/www.holstein.ch\/fr\/#\/schema\/logo\/image\/\",\"url\":\"https:\/\/www.holstein.ch\/wp-content\/uploads\/2023\/09\/holstein_switzerland_logo.png\",\"contentUrl\":\"https:\/\/www.holstein.ch\/wp-content\/uploads\/2023\/09\/holstein_switzerland_logo.png\",\"width\":800,\"height\":621,\"caption\":\"Holstein Switzerland\"},\"image\":{\"@id\":\"https:\/\/www.holstein.ch\/fr\/#\/schema\/logo\/image\/\"},\"sameAs\":[\"https:\/\/www.facebook.com\/HolSwi\",\"https:\/\/www.youtube.com\/@holsteinswitzerland\",\"https:\/\/www.instagram.com\/holstein_switzerland\"]},{\"@type\":\"Person\",\"@id\":\"https:\/\/www.holstein.ch\/fr\/#\/schema\/person\/91e83d490a3dfd0906e65d37ecbcbfb6\",\"name\":\"Marie-Jos\u00e9 Rossier\",\"image\":{\"@type\":\"ImageObject\",\"inLanguage\":\"fr-FR\",\"@id\":\"https:\/\/www.holstein.ch\/fr\/#\/schema\/person\/image\/\",\"url\":\"https:\/\/secure.gravatar.com\/avatar\/68ae16187ec4e6b8556e0e811e57dcb7c21c138f955e02087102f283ee2b3bb6?s=96&d=mm&r=g\",\"contentUrl\":\"https:\/\/secure.gravatar.com\/avatar\/68ae16187ec4e6b8556e0e811e57dcb7c21c138f955e02087102f283ee2b3bb6?s=96&d=mm&r=g\",\"caption\":\"Marie-Jos\u00e9 Rossier\"}}]}<\/script>\n<!-- \/ Yoast SEO plugin. -->","yoast_head_json":{"title":"Vache Holstein Switzerland de l\u2019ann\u00e9e 2024 - Holstein Switzerland","robots":{"index":"index","follow":"follow","max-snippet":"max-snippet:-1","max-image-preview":"max-image-preview:large","max-video-preview":"max-video-preview:-1"},"canonical":"https:\/\/www.holstein.ch\/fr\/vache-holstein-switzerland-de-lannee-2024\/","og_locale":"fr_FR","og_type":"article","og_title":"Vache Holstein Switzerland de l\u2019ann\u00e9e 2024 - Holstein Switzerland","og_description":"C&#8217;est d\u00e9j\u00e0 la 6e fois que l&#8217;\u00e9lection de la `Vache Holstein Switzerland de l&#8217;ann\u00e9e` a lieu. Un groupe incroyable de vaches se trouve en comp\u00e9tition, avec des qualit\u00e9s exceptionnelles marqu\u00e9es aussi bien par leurs propres performances que par celles de leur descendance. Cette ann\u00e9e, un nombre record de vaches aux performances laiti\u00e8res exceptionnelles et \u00e0 [&hellip;]","og_url":"https:\/\/www.holstein.ch\/fr\/vache-holstein-switzerland-de-lannee-2024\/","og_site_name":"Holstein Switzerland","article_publisher":"https:\/\/www.facebook.com\/HolSwi","article_published_time":"2024-04-23T05:30:00+00:00","og_image":[{"width":708,"height":500,"url":"https:\/\/www.holstein.ch\/wp-content\/uploads\/2024\/04\/web-5finalistes.jpg","type":"image\/jpeg"}],"author":"Marie-Jos\u00e9 Rossier","twitter_card":"summary_large_image","twitter_misc":{"\u00c9crit par":"Marie-Jos\u00e9 Rossier","Dur\u00e9e de lecture estim\u00e9e":"3 minutes"},"schema":{"@context":"https:\/\/schema.org","@graph":[{"@type":"NewsArticle","@id":"https:\/\/www.holstein.ch\/fr\/vache-holstein-switzerland-de-lannee-2024\/#article","isPartOf":{"@id":"https:\/\/www.holstein.ch\/fr\/vache-holstein-switzerland-de-lannee-2024\/"},"author":{"name":"Marie-Jos\u00e9 Rossier","@id":"https:\/\/www.holstein.ch\/fr\/#\/schema\/person\/91e83d490a3dfd0906e65d37ecbcbfb6"},"headline":"Vache Holstein Switzerland de l\u2019ann\u00e9e 2024","datePublished":"2024-04-23T05:30:00+00:00","mainEntityOfPage":{"@id":"https:\/\/www.holstein.ch\/fr\/vache-holstein-switzerland-de-lannee-2024\/"},"wordCount":349,"publisher":{"@id":"https:\/\/www.holstein.ch\/fr\/#organization"},"image":{"@id":"https:\/\/www.holstein.ch\/fr\/vache-holstein-switzerland-de-lannee-2024\/#primaryimage"},"thumbnailUrl":"https:\/\/www.holstein.ch\/wp-content\/uploads\/2024\/04\/web-5finalistes.jpg","articleSection":["Autres actualit\u00e9s"],"inLanguage":"fr-FR"},{"@type":"WebPage","@id":"https:\/\/www.holstein.ch\/fr\/vache-holstein-switzerland-de-lannee-2024\/","url":"https:\/\/www.holstein.ch\/fr\/vache-holstein-switzerland-de-lannee-2024\/","name":"Vache Holstein Switzerland de l\u2019ann\u00e9e 2024 - Holstein Switzerland","isPartOf":{"@id":"https:\/\/www.holstein.ch\/fr\/#website"},"primaryImageOfPage":{"@id":"https:\/\/www.holstein.ch\/fr\/vache-holstein-switzerland-de-lannee-2024\/#primaryimage"},"image":{"@id":"https:\/\/www.holstein.ch\/fr\/vache-holstein-switzerland-de-lannee-2024\/#primaryimage"},"thumbnailUrl":"https:\/\/www.holstein.ch\/wp-content\/uploads\/2024\/04\/web-5finalistes.jpg","datePublished":"2024-04-23T05:30:00+00:00","breadcrumb":{"@id":"https:\/\/www.holstein.ch\/fr\/vache-holstein-switzerland-de-lannee-2024\/#breadcrumb"},"inLanguage":"fr-FR","potentialAction":[{"@type":"ReadAction","target":["https:\/\/www.holstein.ch\/fr\/vache-holstein-switzerland-de-lannee-2024\/"]}]},{"@type":"ImageObject","inLanguage":"fr-FR","@id":"https:\/\/www.holstein.ch\/fr\/vache-holstein-switzerland-de-lannee-2024\/#primaryimage","url":"https:\/\/www.holstein.ch\/wp-content\/uploads\/2024\/04\/web-5finalistes.jpg","contentUrl":"https:\/\/www.holstein.ch\/wp-content\/uploads\/2024\/04\/web-5finalistes.jpg","width":708,"height":500},{"@type":"BreadcrumbList","@id":"https:\/\/www.holstein.ch\/fr\/vache-holstein-switzerland-de-lannee-2024\/#breadcrumb","itemListElement":[{"@type":"ListItem","position":1,"name":"Autres actualit\u00e9s","item":"https:\/\/www.holstein.ch\/fr\/publications\/autres-actualites\/"},{"@type":"ListItem","position":2,"name":"Vache Holstein Switzerland de l\u2019ann\u00e9e 2024"}]},{"@type":"WebSite","@id":"https:\/\/www.holstein.ch\/fr\/#website","url":"https:\/\/www.holstein.ch\/fr\/","name":"Holstein Switzerland","description":"Holstein Switzerland","publisher":{"@id":"https:\/\/www.holstein.ch\/fr\/#organization"},"potentialAction":[{"@type":"SearchAction","target":{"@type":"EntryPoint","urlTemplate":"https:\/\/www.holstein.ch\/fr\/?s={search_term_string}"},"query-input":{"@type":"PropertyValueSpecification","valueRequired":true,"valueName":"search_term_string"}}],"inLanguage":"fr-FR"},{"@type":"Organization","@id":"https:\/\/www.holstein.ch\/fr\/#organization","name":"Holstein Switzerland","url":"https:\/\/www.holstein.ch\/fr\/","logo":{"@type":"ImageObject","inLanguage":"fr-FR","@id":"https:\/\/www.holstein.ch\/fr\/#\/schema\/logo\/image\/","url":"https:\/\/www.holstein.ch\/wp-content\/uploads\/2023\/09\/holstein_switzerland_logo.png","contentUrl":"https:\/\/www.holstein.ch\/wp-content\/uploads\/2023\/09\/holstein_switzerland_logo.png","width":800,"height":621,"caption":"Holstein Switzerland"},"image":{"@id":"https:\/\/www.holstein.ch\/fr\/#\/schema\/logo\/image\/"},"sameAs":["https:\/\/www.facebook.com\/HolSwi","https:\/\/www.youtube.com\/@holsteinswitzerland","https:\/\/www.instagram.com\/holstein_switzerland"]},{"@type":"Person","@id":"https:\/\/www.holstein.ch\/fr\/#\/schema\/person\/91e83d490a3dfd0906e65d37ecbcbfb6","name":"Marie-Jos\u00e9 Rossier","image":{"@type":"ImageObject","inLanguage":"fr-FR","@id":"https:\/\/www.holstein.ch\/fr\/#\/schema\/person\/image\/","url":"https:\/\/secure.gravatar.com\/avatar\/68ae16187ec4e6b8556e0e811e57dcb7c21c138f955e02087102f283ee2b3bb6?s=96&d=mm&r=g","contentUrl":"https:\/\/secure.gravatar.com\/avatar\/68ae16187ec4e6b8556e0e811e57dcb7c21c138f955e02087102f283ee2b3bb6?s=96&d=mm&r=g","caption":"Marie-Jos\u00e9 Rossier"}}]}},"_links":{"self":[{"href":"https:\/\/www.holstein.ch\/fr\/wp-json\/wp\/v2\/posts\/31908","targetHints":{"allow":["GET"]}}],"collection":[{"href":"https:\/\/www.holstein.ch\/fr\/wp-json\/wp\/v2\/posts"}],"about":[{"href":"https:\/\/www.holstein.ch\/fr\/wp-json\/wp\/v2\/types\/post"}],"author":[{"embeddable":true,"href":"https:\/\/www.holstein.ch\/fr\/wp-json\/wp\/v2\/users\/42"}],"replies":[{"embeddable":true,"href":"https:\/\/www.holstein.ch\/fr\/wp-json\/wp\/v2\/comments?post=31908"}],"version-history":[{"count":5,"href":"https:\/\/www.holstein.ch\/fr\/wp-json\/wp\/v2\/posts\/31908\/revisions"}],"predecessor-version":[{"id":31929,"href":"https:\/\/www.holstein.ch\/fr\/wp-json\/wp\/v2\/posts\/31908\/revisions\/31929"}],"wp:featuredmedia":[{"embeddable":true,"href":"https:\/\/www.holstein.ch\/fr\/wp-json\/wp\/v2\/media\/31927"}],"wp:attachment":[{"href":"https:\/\/www.holstein.ch\/fr\/wp-json\/wp\/v2\/media?parent=31908"}],"wp:term":[{"taxonomy":"category","embeddable":true,"href":"https:\/\/www.holstein.ch\/fr\/wp-json\/wp\/v2\/categories?post=31908"},{"taxonomy":"post_tag","embeddable":true,"href":"https:\/\/www.holstein.ch\/fr\/wp-json\/wp\/v2\/tags?post=31908"}],"curies":[{"name":"wp","href":"https:\/\/api.w.org\/{rel}","templated":true}]}}