{"id":34180,"date":"2025-03-03T10:35:20","date_gmt":"2025-03-03T09:35:20","guid":{"rendered":"https:\/\/www.holstein.ch\/?p=34180"},"modified":"2025-03-03T10:56:38","modified_gmt":"2025-03-03T09:56:38","slug":"palmares-2025-expo-glane-veveyse","status":"publish","type":"post","link":"https:\/\/www.holstein.ch\/fr\/palmares-2025-expo-glane-veveyse\/","title":{"rendered":"Palmar\u00e8s 2025 \u2013 Expo Gl\u00e2ne-Veveyse"},"content":{"rendered":"\n<h4 class=\"wp-block-heading\">Championnat G\u00e9nisse<\/h4>\n\n\n\n<p>Grande Championne :&nbsp;<strong>La Biolleyre Showtime CHEEKYBOOM<\/strong>&nbsp;\/ Cardinaux Beno\u00eet, 1699 Bouloz<br>R\u00e9serve Championne :&nbsp;<strong>Drognens Optimiste ROUTINE<\/strong>&nbsp;\/ Suard Fr\u00e9d\u00e9ric, 1678 Siviriez<br>Mention honorable :&nbsp;<strong>RER-Favre Energy FLOSSIE<\/strong>&nbsp;\/ Favre Rapha\u00ebl, 1611 Le Cr\u00eat-pr\u00e8s-Semsales<\/p>\n\n\n\n<h4 class=\"wp-block-heading\">Championnat Junior<\/h4>\n\n\n\n<p>Championne :&nbsp;<strong>Holst. Papaux Legend EVANGELINE<\/strong>&nbsp;\/ Papaux Alexandre, 1697 Les Ecasseys<br>Vice-championne :&nbsp;<strong>S Bro Delta-Lambda CHEEKY<\/strong>&nbsp;\/ Genoud Pascal, 1618 Ch\u00e2tel-St-Denis<\/p>\n\n\n\n<h4 class=\"wp-block-heading\">Championnat du pis Holstein<\/h4>\n\n\n\n<p>Championne du pis :&nbsp;<strong>Taillemau Altadeejay NILYSTAR<\/strong>&nbsp;\/ Taillemau &amp; Les Adoux, 1681 Hennens<br>R\u00e9serve du pis :&nbsp;<strong>Taillemau Chief MARYLAND<\/strong>&nbsp;\/ Charri\u00e8re Jacques &amp; Denis, 1681 Hennens<br>Mention honorable :&nbsp;<strong>Ayer Addison RITA <\/strong>\/ Ayer Serge + Yvan, 1611 Le Cr\u00eat-p-Semsales<\/p>\n\n\n\n<h4 class=\"wp-block-heading\">Championnat Holstein<\/h4>\n\n\n\n<p>Grande Championne :&nbsp;<strong>Taillemau Chief MARYLAND<\/strong>&nbsp;\/ Charri\u00e8re Jacques &amp; Denis, 1681 Hennens<br>R\u00e9serve Championne :&nbsp;<strong>Holst. Papaux Mirand DJAZIA<\/strong>&nbsp;\/ Papaux Alexandre, 1697 Les Ecasseys<br>Mention honorable :&nbsp;<strong>Delary HF Galant BALEIKA <\/strong>\/ COMEX Savary-Delabays-Seydoux, 1625 S\u00e2les<\/p>\n\n\n\n<h4 class=\"wp-block-heading\">Meilleur exposant<\/h4>\n\n\n\n<p>1 Cardinaux Benoit, Bouloz<br>2 Favre Rapha\u00ebl, Le Cr\u00eat<br>3 Papaux Alexandre, Les Ecasseys<\/p>\n\n\n\n<div class=\"wp-block-columns is-layout-flex wp-container-core-columns-is-layout-28f84493 wp-block-columns-is-layout-flex\">\n<div class=\"wp-block-column is-layout-flow wp-block-column-is-layout-flow\">\n<div class=\"wp-block-columns is-layout-flex wp-container-core-columns-is-layout-28f84493 wp-block-columns-is-layout-flex\">\n<div class=\"wp-block-column is-layout-flow wp-block-column-is-layout-flow\" style=\"flex-basis:50%\"><\/div>\n\n\n\n<div class=\"wp-block-column is-layout-flow wp-block-column-is-layout-flow\" style=\"flex-basis:50%\"><\/div>\n<\/div>\n<\/div>\n<\/div>\n\n\n\n<div class=\"wp-block-buttons is-layout-flex wp-block-buttons-is-layout-flex\">\n<div class=\"wp-block-button\"><a class=\"wp-block-button__link wp-element-button\" href=\"https:\/\/www.holstein.ch\/wp-content\/uploads\/2025\/03\/Palmares-26eme-Expo-Glane-Veveyse.pdf\">Palmar\u00e8s complet<\/a><\/div>\n<\/div>\n","protected":false},"excerpt":{"rendered":"<p>Championnat G\u00e9nisse Grande Championne :&nbsp;La Biolleyre Showtime CHEEKYBOOM&nbsp;\/ Cardinaux Beno\u00eet, 1699 BoulozR\u00e9serve Championne :&nbsp;Drognens Optimiste ROUTINE&nbsp;\/ Suard Fr\u00e9d\u00e9ric, 1678 SiviriezMention honorable :&nbsp;RER-Favre Energy FLOSSIE&nbsp;\/ Favre Rapha\u00ebl, 1611 Le Cr\u00eat-pr\u00e8s-Semsales Championnat Junior Championne :&nbsp;Holst. Papaux Legend EVANGELINE&nbsp;\/ Papaux Alexandre, 1697 Les EcasseysVice-championne :&nbsp;S Bro Delta-Lambda CHEEKY&nbsp;\/ Genoud Pascal, 1618 Ch\u00e2tel-St-Denis Championnat du pis Holstein Championne du [&hellip;]<\/p>\n","protected":false},"author":2,"featured_media":34182,"comment_status":"closed","ping_status":"closed","sticky":false,"template":"","format":"standard","meta":{"_acf_changed":false,"_monsterinsights_skip_tracking":false,"_monsterinsights_sitenote_active":false,"_monsterinsights_sitenote_note":"","_monsterinsights_sitenote_category":0,"footnotes":""},"categories":[599],"tags":[],"class_list":["post-34180","post","type-post","status-publish","format-standard","has-post-thumbnail","hentry","category-autres-actualites"],"acf":[],"yoast_head":"<!-- This site is optimized with the Yoast SEO plugin v26.9 - https:\/\/yoast.com\/product\/yoast-seo-wordpress\/ -->\n<title>Palmar\u00e8s 2025 \u2013 Expo Gl\u00e2ne-Veveyse - Holstein Switzerland<\/title>\n<meta name=\"robots\" content=\"index, follow, max-snippet:-1, max-image-preview:large, max-video-preview:-1\" \/>\n<link rel=\"canonical\" href=\"https:\/\/www.holstein.ch\/fr\/palmares-2025-expo-glane-veveyse\/\" \/>\n<meta property=\"og:locale\" content=\"fr_FR\" \/>\n<meta property=\"og:type\" content=\"article\" \/>\n<meta property=\"og:title\" content=\"Palmar\u00e8s 2025 \u2013 Expo Gl\u00e2ne-Veveyse - Holstein Switzerland\" \/>\n<meta property=\"og:description\" content=\"Championnat G\u00e9nisse Grande Championne :&nbsp;La Biolleyre Showtime CHEEKYBOOM&nbsp;\/ Cardinaux Beno\u00eet, 1699 BoulozR\u00e9serve Championne :&nbsp;Drognens Optimiste ROUTINE&nbsp;\/ Suard Fr\u00e9d\u00e9ric, 1678 SiviriezMention honorable :&nbsp;RER-Favre Energy FLOSSIE&nbsp;\/ Favre Rapha\u00ebl, 1611 Le Cr\u00eat-pr\u00e8s-Semsales Championnat Junior Championne :&nbsp;Holst. Papaux Legend EVANGELINE&nbsp;\/ Papaux Alexandre, 1697 Les EcasseysVice-championne :&nbsp;S Bro Delta-Lambda CHEEKY&nbsp;\/ Genoud Pascal, 1618 Ch\u00e2tel-St-Denis Championnat du pis Holstein Championne du [&hellip;]\" \/>\n<meta property=\"og:url\" content=\"https:\/\/www.holstein.ch\/fr\/palmares-2025-expo-glane-veveyse\/\" \/>\n<meta property=\"og:site_name\" content=\"Holstein Switzerland\" \/>\n<meta property=\"article:publisher\" content=\"https:\/\/www.facebook.com\/HolSwi\" \/>\n<meta property=\"article:published_time\" content=\"2025-03-03T09:35:20+00:00\" \/>\n<meta property=\"article:modified_time\" content=\"2025-03-03T09:56:38+00:00\" \/>\n<meta property=\"og:image\" content=\"https:\/\/www.holstein.ch\/wp-content\/uploads\/2025\/03\/Event_Expo_Glane-Veveyse.jpg\" \/>\n\t<meta property=\"og:image:width\" content=\"450\" \/>\n\t<meta property=\"og:image:height\" content=\"450\" \/>\n\t<meta property=\"og:image:type\" content=\"image\/jpeg\" \/>\n<meta name=\"author\" content=\"Patrick Monod\" \/>\n<meta name=\"twitter:card\" content=\"summary_large_image\" \/>\n<meta name=\"twitter:label1\" content=\"\u00c9crit par\" \/>\n\t<meta name=\"twitter:data1\" content=\"Patrick Monod\" \/>\n\t<meta name=\"twitter:label2\" content=\"Dur\u00e9e de lecture estim\u00e9e\" \/>\n\t<meta name=\"twitter:data2\" content=\"1 minute\" \/>\n<script type=\"application\/ld+json\" class=\"yoast-schema-graph\">{\"@context\":\"https:\/\/schema.org\",\"@graph\":[{\"@type\":\"NewsArticle\",\"@id\":\"https:\/\/www.holstein.ch\/fr\/palmares-2025-expo-glane-veveyse\/#article\",\"isPartOf\":{\"@id\":\"https:\/\/www.holstein.ch\/fr\/palmares-2025-expo-glane-veveyse\/\"},\"author\":{\"name\":\"Patrick Monod\",\"@id\":\"https:\/\/www.holstein.ch\/fr\/#\/schema\/person\/a2ace477ff3383343477ba270f4888d4\"},\"headline\":\"Palmar\u00e8s 2025 \u2013 Expo Gl\u00e2ne-Veveyse\",\"datePublished\":\"2025-03-03T09:35:20+00:00\",\"dateModified\":\"2025-03-03T09:56:38+00:00\",\"mainEntityOfPage\":{\"@id\":\"https:\/\/www.holstein.ch\/fr\/palmares-2025-expo-glane-veveyse\/\"},\"wordCount\":165,\"publisher\":{\"@id\":\"https:\/\/www.holstein.ch\/fr\/#organization\"},\"image\":{\"@id\":\"https:\/\/www.holstein.ch\/fr\/palmares-2025-expo-glane-veveyse\/#primaryimage\"},\"thumbnailUrl\":\"https:\/\/www.holstein.ch\/wp-content\/uploads\/2025\/03\/Event_Expo_Glane-Veveyse.jpg\",\"articleSection\":[\"Autres actualit\u00e9s\"],\"inLanguage\":\"fr-FR\"},{\"@type\":\"WebPage\",\"@id\":\"https:\/\/www.holstein.ch\/fr\/palmares-2025-expo-glane-veveyse\/\",\"url\":\"https:\/\/www.holstein.ch\/fr\/palmares-2025-expo-glane-veveyse\/\",\"name\":\"Palmar\u00e8s 2025 \u2013 Expo Gl\u00e2ne-Veveyse - Holstein Switzerland\",\"isPartOf\":{\"@id\":\"https:\/\/www.holstein.ch\/fr\/#website\"},\"primaryImageOfPage\":{\"@id\":\"https:\/\/www.holstein.ch\/fr\/palmares-2025-expo-glane-veveyse\/#primaryimage\"},\"image\":{\"@id\":\"https:\/\/www.holstein.ch\/fr\/palmares-2025-expo-glane-veveyse\/#primaryimage\"},\"thumbnailUrl\":\"https:\/\/www.holstein.ch\/wp-content\/uploads\/2025\/03\/Event_Expo_Glane-Veveyse.jpg\",\"datePublished\":\"2025-03-03T09:35:20+00:00\",\"dateModified\":\"2025-03-03T09:56:38+00:00\",\"breadcrumb\":{\"@id\":\"https:\/\/www.holstein.ch\/fr\/palmares-2025-expo-glane-veveyse\/#breadcrumb\"},\"inLanguage\":\"fr-FR\",\"potentialAction\":[{\"@type\":\"ReadAction\",\"target\":[\"https:\/\/www.holstein.ch\/fr\/palmares-2025-expo-glane-veveyse\/\"]}]},{\"@type\":\"ImageObject\",\"inLanguage\":\"fr-FR\",\"@id\":\"https:\/\/www.holstein.ch\/fr\/palmares-2025-expo-glane-veveyse\/#primaryimage\",\"url\":\"https:\/\/www.holstein.ch\/wp-content\/uploads\/2025\/03\/Event_Expo_Glane-Veveyse.jpg\",\"contentUrl\":\"https:\/\/www.holstein.ch\/wp-content\/uploads\/2025\/03\/Event_Expo_Glane-Veveyse.jpg\",\"width\":450,\"height\":450},{\"@type\":\"BreadcrumbList\",\"@id\":\"https:\/\/www.holstein.ch\/fr\/palmares-2025-expo-glane-veveyse\/#breadcrumb\",\"itemListElement\":[{\"@type\":\"ListItem\",\"position\":1,\"name\":\"Autres actualit\u00e9s\",\"item\":\"https:\/\/www.holstein.ch\/fr\/publications\/autres-actualites\/\"},{\"@type\":\"ListItem\",\"position\":2,\"name\":\"Palmar\u00e8s 2025 \u2013 Expo Gl\u00e2ne-Veveyse\"}]},{\"@type\":\"WebSite\",\"@id\":\"https:\/\/www.holstein.ch\/fr\/#website\",\"url\":\"https:\/\/www.holstein.ch\/fr\/\",\"name\":\"Holstein Switzerland\",\"description\":\"Holstein Switzerland\",\"publisher\":{\"@id\":\"https:\/\/www.holstein.ch\/fr\/#organization\"},\"potentialAction\":[{\"@type\":\"SearchAction\",\"target\":{\"@type\":\"EntryPoint\",\"urlTemplate\":\"https:\/\/www.holstein.ch\/fr\/?s={search_term_string}\"},\"query-input\":{\"@type\":\"PropertyValueSpecification\",\"valueRequired\":true,\"valueName\":\"search_term_string\"}}],\"inLanguage\":\"fr-FR\"},{\"@type\":\"Organization\",\"@id\":\"https:\/\/www.holstein.ch\/fr\/#organization\",\"name\":\"Holstein Switzerland\",\"url\":\"https:\/\/www.holstein.ch\/fr\/\",\"logo\":{\"@type\":\"ImageObject\",\"inLanguage\":\"fr-FR\",\"@id\":\"https:\/\/www.holstein.ch\/fr\/#\/schema\/logo\/image\/\",\"url\":\"https:\/\/www.holstein.ch\/wp-content\/uploads\/2023\/09\/holstein_switzerland_logo.png\",\"contentUrl\":\"https:\/\/www.holstein.ch\/wp-content\/uploads\/2023\/09\/holstein_switzerland_logo.png\",\"width\":800,\"height\":621,\"caption\":\"Holstein Switzerland\"},\"image\":{\"@id\":\"https:\/\/www.holstein.ch\/fr\/#\/schema\/logo\/image\/\"},\"sameAs\":[\"https:\/\/www.facebook.com\/HolSwi\",\"https:\/\/www.youtube.com\/@holsteinswitzerland\",\"https:\/\/www.instagram.com\/holstein_switzerland\"]},{\"@type\":\"Person\",\"@id\":\"https:\/\/www.holstein.ch\/fr\/#\/schema\/person\/a2ace477ff3383343477ba270f4888d4\",\"name\":\"Patrick Monod\",\"image\":{\"@type\":\"ImageObject\",\"inLanguage\":\"fr-FR\",\"@id\":\"https:\/\/www.holstein.ch\/fr\/#\/schema\/person\/image\/\",\"url\":\"https:\/\/secure.gravatar.com\/avatar\/07a4bcc52c1860dda0c210cc06a14fb51c110e3cb89aa716a61b79b9e9bf5efd?s=96&d=mm&r=g\",\"contentUrl\":\"https:\/\/secure.gravatar.com\/avatar\/07a4bcc52c1860dda0c210cc06a14fb51c110e3cb89aa716a61b79b9e9bf5efd?s=96&d=mm&r=g\",\"caption\":\"Patrick Monod\"}}]}<\/script>\n<!-- \/ Yoast SEO plugin. -->","yoast_head_json":{"title":"Palmar\u00e8s 2025 \u2013 Expo Gl\u00e2ne-Veveyse - Holstein Switzerland","robots":{"index":"index","follow":"follow","max-snippet":"max-snippet:-1","max-image-preview":"max-image-preview:large","max-video-preview":"max-video-preview:-1"},"canonical":"https:\/\/www.holstein.ch\/fr\/palmares-2025-expo-glane-veveyse\/","og_locale":"fr_FR","og_type":"article","og_title":"Palmar\u00e8s 2025 \u2013 Expo Gl\u00e2ne-Veveyse - Holstein Switzerland","og_description":"Championnat G\u00e9nisse Grande Championne :&nbsp;La Biolleyre Showtime CHEEKYBOOM&nbsp;\/ Cardinaux Beno\u00eet, 1699 BoulozR\u00e9serve Championne :&nbsp;Drognens Optimiste ROUTINE&nbsp;\/ Suard Fr\u00e9d\u00e9ric, 1678 SiviriezMention honorable :&nbsp;RER-Favre Energy FLOSSIE&nbsp;\/ Favre Rapha\u00ebl, 1611 Le Cr\u00eat-pr\u00e8s-Semsales Championnat Junior Championne :&nbsp;Holst. Papaux Legend EVANGELINE&nbsp;\/ Papaux Alexandre, 1697 Les EcasseysVice-championne :&nbsp;S Bro Delta-Lambda CHEEKY&nbsp;\/ Genoud Pascal, 1618 Ch\u00e2tel-St-Denis Championnat du pis Holstein Championne du [&hellip;]","og_url":"https:\/\/www.holstein.ch\/fr\/palmares-2025-expo-glane-veveyse\/","og_site_name":"Holstein Switzerland","article_publisher":"https:\/\/www.facebook.com\/HolSwi","article_published_time":"2025-03-03T09:35:20+00:00","article_modified_time":"2025-03-03T09:56:38+00:00","og_image":[{"width":450,"height":450,"url":"https:\/\/www.holstein.ch\/wp-content\/uploads\/2025\/03\/Event_Expo_Glane-Veveyse.jpg","type":"image\/jpeg"}],"author":"Patrick Monod","twitter_card":"summary_large_image","twitter_misc":{"\u00c9crit par":"Patrick Monod","Dur\u00e9e de lecture estim\u00e9e":"1 minute"},"schema":{"@context":"https:\/\/schema.org","@graph":[{"@type":"NewsArticle","@id":"https:\/\/www.holstein.ch\/fr\/palmares-2025-expo-glane-veveyse\/#article","isPartOf":{"@id":"https:\/\/www.holstein.ch\/fr\/palmares-2025-expo-glane-veveyse\/"},"author":{"name":"Patrick Monod","@id":"https:\/\/www.holstein.ch\/fr\/#\/schema\/person\/a2ace477ff3383343477ba270f4888d4"},"headline":"Palmar\u00e8s 2025 \u2013 Expo Gl\u00e2ne-Veveyse","datePublished":"2025-03-03T09:35:20+00:00","dateModified":"2025-03-03T09:56:38+00:00","mainEntityOfPage":{"@id":"https:\/\/www.holstein.ch\/fr\/palmares-2025-expo-glane-veveyse\/"},"wordCount":165,"publisher":{"@id":"https:\/\/www.holstein.ch\/fr\/#organization"},"image":{"@id":"https:\/\/www.holstein.ch\/fr\/palmares-2025-expo-glane-veveyse\/#primaryimage"},"thumbnailUrl":"https:\/\/www.holstein.ch\/wp-content\/uploads\/2025\/03\/Event_Expo_Glane-Veveyse.jpg","articleSection":["Autres actualit\u00e9s"],"inLanguage":"fr-FR"},{"@type":"WebPage","@id":"https:\/\/www.holstein.ch\/fr\/palmares-2025-expo-glane-veveyse\/","url":"https:\/\/www.holstein.ch\/fr\/palmares-2025-expo-glane-veveyse\/","name":"Palmar\u00e8s 2025 \u2013 Expo Gl\u00e2ne-Veveyse - Holstein Switzerland","isPartOf":{"@id":"https:\/\/www.holstein.ch\/fr\/#website"},"primaryImageOfPage":{"@id":"https:\/\/www.holstein.ch\/fr\/palmares-2025-expo-glane-veveyse\/#primaryimage"},"image":{"@id":"https:\/\/www.holstein.ch\/fr\/palmares-2025-expo-glane-veveyse\/#primaryimage"},"thumbnailUrl":"https:\/\/www.holstein.ch\/wp-content\/uploads\/2025\/03\/Event_Expo_Glane-Veveyse.jpg","datePublished":"2025-03-03T09:35:20+00:00","dateModified":"2025-03-03T09:56:38+00:00","breadcrumb":{"@id":"https:\/\/www.holstein.ch\/fr\/palmares-2025-expo-glane-veveyse\/#breadcrumb"},"inLanguage":"fr-FR","potentialAction":[{"@type":"ReadAction","target":["https:\/\/www.holstein.ch\/fr\/palmares-2025-expo-glane-veveyse\/"]}]},{"@type":"ImageObject","inLanguage":"fr-FR","@id":"https:\/\/www.holstein.ch\/fr\/palmares-2025-expo-glane-veveyse\/#primaryimage","url":"https:\/\/www.holstein.ch\/wp-content\/uploads\/2025\/03\/Event_Expo_Glane-Veveyse.jpg","contentUrl":"https:\/\/www.holstein.ch\/wp-content\/uploads\/2025\/03\/Event_Expo_Glane-Veveyse.jpg","width":450,"height":450},{"@type":"BreadcrumbList","@id":"https:\/\/www.holstein.ch\/fr\/palmares-2025-expo-glane-veveyse\/#breadcrumb","itemListElement":[{"@type":"ListItem","position":1,"name":"Autres actualit\u00e9s","item":"https:\/\/www.holstein.ch\/fr\/publications\/autres-actualites\/"},{"@type":"ListItem","position":2,"name":"Palmar\u00e8s 2025 \u2013 Expo Gl\u00e2ne-Veveyse"}]},{"@type":"WebSite","@id":"https:\/\/www.holstein.ch\/fr\/#website","url":"https:\/\/www.holstein.ch\/fr\/","name":"Holstein Switzerland","description":"Holstein Switzerland","publisher":{"@id":"https:\/\/www.holstein.ch\/fr\/#organization"},"potentialAction":[{"@type":"SearchAction","target":{"@type":"EntryPoint","urlTemplate":"https:\/\/www.holstein.ch\/fr\/?s={search_term_string}"},"query-input":{"@type":"PropertyValueSpecification","valueRequired":true,"valueName":"search_term_string"}}],"inLanguage":"fr-FR"},{"@type":"Organization","@id":"https:\/\/www.holstein.ch\/fr\/#organization","name":"Holstein Switzerland","url":"https:\/\/www.holstein.ch\/fr\/","logo":{"@type":"ImageObject","inLanguage":"fr-FR","@id":"https:\/\/www.holstein.ch\/fr\/#\/schema\/logo\/image\/","url":"https:\/\/www.holstein.ch\/wp-content\/uploads\/2023\/09\/holstein_switzerland_logo.png","contentUrl":"https:\/\/www.holstein.ch\/wp-content\/uploads\/2023\/09\/holstein_switzerland_logo.png","width":800,"height":621,"caption":"Holstein Switzerland"},"image":{"@id":"https:\/\/www.holstein.ch\/fr\/#\/schema\/logo\/image\/"},"sameAs":["https:\/\/www.facebook.com\/HolSwi","https:\/\/www.youtube.com\/@holsteinswitzerland","https:\/\/www.instagram.com\/holstein_switzerland"]},{"@type":"Person","@id":"https:\/\/www.holstein.ch\/fr\/#\/schema\/person\/a2ace477ff3383343477ba270f4888d4","name":"Patrick Monod","image":{"@type":"ImageObject","inLanguage":"fr-FR","@id":"https:\/\/www.holstein.ch\/fr\/#\/schema\/person\/image\/","url":"https:\/\/secure.gravatar.com\/avatar\/07a4bcc52c1860dda0c210cc06a14fb51c110e3cb89aa716a61b79b9e9bf5efd?s=96&d=mm&r=g","contentUrl":"https:\/\/secure.gravatar.com\/avatar\/07a4bcc52c1860dda0c210cc06a14fb51c110e3cb89aa716a61b79b9e9bf5efd?s=96&d=mm&r=g","caption":"Patrick Monod"}}]}},"_links":{"self":[{"href":"https:\/\/www.holstein.ch\/fr\/wp-json\/wp\/v2\/posts\/34180","targetHints":{"allow":["GET"]}}],"collection":[{"href":"https:\/\/www.holstein.ch\/fr\/wp-json\/wp\/v2\/posts"}],"about":[{"href":"https:\/\/www.holstein.ch\/fr\/wp-json\/wp\/v2\/types\/post"}],"author":[{"embeddable":true,"href":"https:\/\/www.holstein.ch\/fr\/wp-json\/wp\/v2\/users\/2"}],"replies":[{"embeddable":true,"href":"https:\/\/www.holstein.ch\/fr\/wp-json\/wp\/v2\/comments?post=34180"}],"version-history":[{"count":4,"href":"https:\/\/www.holstein.ch\/fr\/wp-json\/wp\/v2\/posts\/34180\/revisions"}],"predecessor-version":[{"id":34193,"href":"https:\/\/www.holstein.ch\/fr\/wp-json\/wp\/v2\/posts\/34180\/revisions\/34193"}],"wp:featuredmedia":[{"embeddable":true,"href":"https:\/\/www.holstein.ch\/fr\/wp-json\/wp\/v2\/media\/34182"}],"wp:attachment":[{"href":"https:\/\/www.holstein.ch\/fr\/wp-json\/wp\/v2\/media?parent=34180"}],"wp:term":[{"taxonomy":"category","embeddable":true,"href":"https:\/\/www.holstein.ch\/fr\/wp-json\/wp\/v2\/categories?post=34180"},{"taxonomy":"post_tag","embeddable":true,"href":"https:\/\/www.holstein.ch\/fr\/wp-json\/wp\/v2\/tags?post=34180"}],"curies":[{"name":"wp","href":"https:\/\/api.w.org\/{rel}","templated":true}]}}