{"id":34760,"date":"2025-08-06T15:10:00","date_gmt":"2025-08-06T13:10:00","guid":{"rendered":"https:\/\/www.holstein.ch\/?p=34760"},"modified":"2025-08-11T09:27:46","modified_gmt":"2025-08-11T07:27:46","slug":"famille-yannick-jean-michel-ducommun","status":"publish","type":"post","link":"https:\/\/www.holstein.ch\/fr\/famille-yannick-jean-michel-ducommun\/","title":{"rendered":"Famille Yannick &amp; Jean-Michel Ducommun"},"content":{"rendered":"\n<h2 class=\"wp-block-heading\">Dans l&#8217;\u00e9levage comme dans la vie, la famille c&#8217;est toujours le plus important<\/h2>\n\n\n\n<p>L\u2019exploitation Ducofarm se situe entre Prez-vers-Nor\u00e9az et Corjolens, \u00e0 une altitude de 700 m\u00e8tres. C\u2019est l\u2019arri\u00e8re-grand-p\u00e8re de Yannick Ducommun qui a achet\u00e9 le domaine en 1937. En 2014, \u00e0 l\u2019\u00e2ge de 27 ans, juste apr\u00e8s l\u2019obtention de la ma\u00eetrise f\u00e9d\u00e9rale, le Ma\u00eetre-\u00e9leveur a repris l\u2019exploitation familiale. Actuellement, il poss\u00e8de une quarantaine de vaches laiti\u00e8res ainsi que quarante veaux et g\u00e9nisses pour l\u2019\u00e9levage et cultive 52 hectares de SAU. Une fiert\u00e9 de Yannick est que l\u2019exploitation a toujours produit du lait pour le Gruy\u00e8re AOP.<\/p>\n\n\n\n<figure class=\"wp-block-embed is-type-video is-provider-youtube wp-block-embed-youtube wp-embed-aspect-16-9 wp-has-aspect-ratio\"><div class=\"wp-block-embed__wrapper\">\n<iframe title=\"Meisterz\u00fcchter 2025 || Famille Yannick &amp; Jean-Michel Ducommun || Ma\u00eetre-\u00e9leveur 2025 - Teaser\" width=\"800\" height=\"450\" src=\"https:\/\/www.youtube.com\/embed\/QdmjKqxu_kM?feature=oembed\" frameborder=\"0\" allow=\"accelerometer; autoplay; clipboard-write; encrypted-media; gyroscope; picture-in-picture; web-share\" referrerpolicy=\"strict-origin-when-cross-origin\" allowfullscreen><\/iframe>\n<\/div><\/figure>\n\n\n\n<figure class=\"wp-block-embed is-type-video is-provider-youtube wp-block-embed-youtube wp-embed-aspect-16-9 wp-has-aspect-ratio\"><div class=\"wp-block-embed__wrapper\">\n<iframe title=\"5 Questions \u00e0 Yannick Ducommun || 5 Fragen an Yannick Ducommun\" width=\"800\" height=\"450\" src=\"https:\/\/www.youtube.com\/embed\/SL4A4p0LpJU?feature=oembed\" frameborder=\"0\" allow=\"accelerometer; autoplay; clipboard-write; encrypted-media; gyroscope; picture-in-picture; web-share\" referrerpolicy=\"strict-origin-when-cross-origin\" allowfullscreen><\/iframe>\n<\/div><\/figure>\n\n\n\n<p>Deux vaches ont marqu\u00e9 l\u2019exploitation Ducofarm. La premi\u00e8re, Ducofarm Vulpin BIQUETTE, GM huit fois EX 92, a produit 108\u2019500 litres. C&#8217;est une vache qui a prouv\u00e9 \u00e0 Yannick qu\u2019il pouvait \u00e9lever des vaches exceptionnelles, tr\u00e8s performantes et surtout avec une longue long\u00e9vit\u00e9. Quant \u00e0 la deuxi\u00e8me vache, c&#8217;est Ducofarm Ice SOPHIA. Cette vache a atteint 123\u2019900 kg de lait. C&#8217;est \u00e9galement une souche importante des familles de vaches pr\u00e9sentes aujourd&#8217;hui sur l&#8217;exploitation. Ces deux vaches correspondent pleinement aux objectifs d\u2019\u00e9levage de l\u2019\u00e9leveur. Yannick cherche avant tout des vaches puissantes et robustes. Id\u00e9alement, elles doivent \u00e9galement atteindre 100\u2019000 litres et \u00eatre classifi\u00e9es EX plusieurs fois. Yannick aime travailler et vieillir ses vaches. C\u2019est pourquoi une tr\u00e8s longue long\u00e9vit\u00e9 est importante pour lui.<\/p>\n\n\n\n<p><br>Actuellement, Ducofarm Cold ORANGE est la vache de pr\u00e9dilection de l\u2019\u00e9leveur. Elle se distingue par sa production, sa persistance et sa prestance. C\u2019est une vache qu\u2019il appr\u00e9cie particuli\u00e8rement pour son style unique. Il per\u00e7oit un bel avenir \u00e0 travers cette lign\u00e9e, ce qui constitue pour lui une source de motivation importante. Ce qu\u2019il appr\u00e9cie dans l\u2019\u00e9levage, c\u2019est la capacit\u00e9 de ses vaches de souche \u00e0 transmettre leurs qualit\u00e9s, permettant ainsi de poursuivre un travail coh\u00e9rent sur plusieurs g\u00e9n\u00e9rations.<\/p>\n\n\n\n<figure class=\"wp-block-embed is-type-video is-provider-youtube wp-block-embed-youtube wp-embed-aspect-16-9 wp-has-aspect-ratio\"><div class=\"wp-block-embed__wrapper\">\n<iframe title=\"Ma\u00eetre-\u00e9leveur | Meisterz\u00fcchter 2025 - Ducofarm\" width=\"800\" height=\"450\" src=\"https:\/\/www.youtube.com\/embed\/LOYPL4zk1dA?feature=oembed\" frameborder=\"0\" allow=\"accelerometer; autoplay; clipboard-write; encrypted-media; gyroscope; picture-in-picture; web-share\" referrerpolicy=\"strict-origin-when-cross-origin\" allowfullscreen><\/iframe>\n<\/div><\/figure>\n\n\n\n<p>Yannick a encore de la peine \u00e0 r\u00e9aliser qu\u2019il est Ma\u00eetre-\u00e9leveur. C\u2019est \u00e9videmment une prestigieuse reconnaissance et une immense fiert\u00e9 pour lui. Il souhaite remercier ses parents, qui ont \u00e9norm\u00e9ment contribu\u00e9 \u00e0 obtenir ce titre et son \u00e9pouse pour tout le soutien qu\u2019elle a apport\u00e9.<br>L\u2019avenir de son exploitation s\u2019annonce radieux. Yannick esp\u00e8re pouvoir transmettre sa passion pour l\u2019\u00e9levage \u00e0 ses deux enfants. Dans un avenir plus proche, il souhaite augmenter encore un peu la taille de son cheptel et continuer \u00e0 \u00eatre attentif au bien-\u00eatre de ses animaux.<\/p>\n\n\n\n<p><\/p>\n","protected":false},"excerpt":{"rendered":"<p>Dans l&#8217;\u00e9levage comme dans la vie, la famille c&#8217;est toujours le plus important L\u2019exploitation Ducofarm se situe entre Prez-vers-Nor\u00e9az et Corjolens, \u00e0 une altitude de 700 m\u00e8tres. C\u2019est l\u2019arri\u00e8re-grand-p\u00e8re de Yannick Ducommun qui a achet\u00e9 le domaine en 1937. En 2014, \u00e0 l\u2019\u00e2ge de 27 ans, juste apr\u00e8s l\u2019obtention de la ma\u00eetrise f\u00e9d\u00e9rale, le Ma\u00eetre-\u00e9leveur [&hellip;]<\/p>\n","protected":false},"author":42,"featured_media":34967,"comment_status":"closed","ping_status":"closed","sticky":false,"template":"","format":"standard","meta":{"_acf_changed":false,"_monsterinsights_skip_tracking":false,"_monsterinsights_sitenote_active":false,"_monsterinsights_sitenote_note":"","_monsterinsights_sitenote_category":0,"footnotes":""},"categories":[123,639],"tags":[],"class_list":["post-34760","post","type-post","status-publish","format-standard","has-post-thumbnail","hentry","category-maitres-eleveurs","category-videos-maitres-eleveurs"],"acf":[],"yoast_head":"<!-- This site is optimized with the Yoast SEO plugin v26.9 - https:\/\/yoast.com\/product\/yoast-seo-wordpress\/ -->\n<title>Famille Yannick &amp; Jean-Michel Ducommun - Holstein Switzerland<\/title>\n<meta name=\"robots\" content=\"index, follow, max-snippet:-1, max-image-preview:large, max-video-preview:-1\" \/>\n<link rel=\"canonical\" href=\"https:\/\/www.holstein.ch\/fr\/famille-yannick-jean-michel-ducommun\/\" \/>\n<meta property=\"og:locale\" content=\"fr_FR\" \/>\n<meta property=\"og:type\" content=\"article\" \/>\n<meta property=\"og:title\" content=\"Famille Yannick &amp; Jean-Michel Ducommun - Holstein Switzerland\" \/>\n<meta property=\"og:description\" content=\"Dans l&#8217;\u00e9levage comme dans la vie, la famille c&#8217;est toujours le plus important L\u2019exploitation Ducofarm se situe entre Prez-vers-Nor\u00e9az et Corjolens, \u00e0 une altitude de 700 m\u00e8tres. C\u2019est l\u2019arri\u00e8re-grand-p\u00e8re de Yannick Ducommun qui a achet\u00e9 le domaine en 1937. En 2014, \u00e0 l\u2019\u00e2ge de 27 ans, juste apr\u00e8s l\u2019obtention de la ma\u00eetrise f\u00e9d\u00e9rale, le Ma\u00eetre-\u00e9leveur [&hellip;]\" \/>\n<meta property=\"og:url\" content=\"https:\/\/www.holstein.ch\/fr\/famille-yannick-jean-michel-ducommun\/\" \/>\n<meta property=\"og:site_name\" content=\"Holstein Switzerland\" \/>\n<meta property=\"article:publisher\" content=\"https:\/\/www.facebook.com\/HolSwi\" \/>\n<meta property=\"article:published_time\" content=\"2025-08-06T13:10:00+00:00\" \/>\n<meta property=\"article:modified_time\" content=\"2025-08-11T07:27:46+00:00\" \/>\n<meta property=\"og:image\" content=\"https:\/\/www.holstein.ch\/wp-content\/uploads\/2025\/07\/2B5A1188-1-scaled.jpg\" \/>\n\t<meta property=\"og:image:width\" content=\"2560\" \/>\n\t<meta property=\"og:image:height\" content=\"1440\" \/>\n\t<meta property=\"og:image:type\" content=\"image\/jpeg\" \/>\n<meta name=\"author\" content=\"Marie-Jos\u00e9 Rossier\" \/>\n<meta name=\"twitter:card\" content=\"summary_large_image\" \/>\n<meta name=\"twitter:label1\" content=\"\u00c9crit par\" \/>\n\t<meta name=\"twitter:data1\" content=\"Marie-Jos\u00e9 Rossier\" \/>\n\t<meta name=\"twitter:label2\" content=\"Dur\u00e9e de lecture estim\u00e9e\" \/>\n\t<meta name=\"twitter:data2\" content=\"3 minutes\" \/>\n<script type=\"application\/ld+json\" class=\"yoast-schema-graph\">{\"@context\":\"https:\/\/schema.org\",\"@graph\":[{\"@type\":\"NewsArticle\",\"@id\":\"https:\/\/www.holstein.ch\/fr\/famille-yannick-jean-michel-ducommun\/#article\",\"isPartOf\":{\"@id\":\"https:\/\/www.holstein.ch\/fr\/famille-yannick-jean-michel-ducommun\/\"},\"author\":{\"name\":\"Marie-Jos\u00e9 Rossier\",\"@id\":\"https:\/\/www.holstein.ch\/fr\/#\/schema\/person\/91e83d490a3dfd0906e65d37ecbcbfb6\"},\"headline\":\"Famille Yannick &amp; Jean-Michel Ducommun\",\"datePublished\":\"2025-08-06T13:10:00+00:00\",\"dateModified\":\"2025-08-11T07:27:46+00:00\",\"mainEntityOfPage\":{\"@id\":\"https:\/\/www.holstein.ch\/fr\/famille-yannick-jean-michel-ducommun\/\"},\"wordCount\":460,\"publisher\":{\"@id\":\"https:\/\/www.holstein.ch\/fr\/#organization\"},\"image\":{\"@id\":\"https:\/\/www.holstein.ch\/fr\/famille-yannick-jean-michel-ducommun\/#primaryimage\"},\"thumbnailUrl\":\"https:\/\/www.holstein.ch\/wp-content\/uploads\/2025\/07\/2B5A1188-1-scaled.jpg\",\"articleSection\":[\"Ma\u00eetres-\u00e9leveurs\",\"Ma\u00eetres-\u00e9leveurs Vid\u00e9os\"],\"inLanguage\":\"fr-FR\"},{\"@type\":\"WebPage\",\"@id\":\"https:\/\/www.holstein.ch\/fr\/famille-yannick-jean-michel-ducommun\/\",\"url\":\"https:\/\/www.holstein.ch\/fr\/famille-yannick-jean-michel-ducommun\/\",\"name\":\"Famille Yannick &amp; Jean-Michel Ducommun - Holstein Switzerland\",\"isPartOf\":{\"@id\":\"https:\/\/www.holstein.ch\/fr\/#website\"},\"primaryImageOfPage\":{\"@id\":\"https:\/\/www.holstein.ch\/fr\/famille-yannick-jean-michel-ducommun\/#primaryimage\"},\"image\":{\"@id\":\"https:\/\/www.holstein.ch\/fr\/famille-yannick-jean-michel-ducommun\/#primaryimage\"},\"thumbnailUrl\":\"https:\/\/www.holstein.ch\/wp-content\/uploads\/2025\/07\/2B5A1188-1-scaled.jpg\",\"datePublished\":\"2025-08-06T13:10:00+00:00\",\"dateModified\":\"2025-08-11T07:27:46+00:00\",\"breadcrumb\":{\"@id\":\"https:\/\/www.holstein.ch\/fr\/famille-yannick-jean-michel-ducommun\/#breadcrumb\"},\"inLanguage\":\"fr-FR\",\"potentialAction\":[{\"@type\":\"ReadAction\",\"target\":[\"https:\/\/www.holstein.ch\/fr\/famille-yannick-jean-michel-ducommun\/\"]}]},{\"@type\":\"ImageObject\",\"inLanguage\":\"fr-FR\",\"@id\":\"https:\/\/www.holstein.ch\/fr\/famille-yannick-jean-michel-ducommun\/#primaryimage\",\"url\":\"https:\/\/www.holstein.ch\/wp-content\/uploads\/2025\/07\/2B5A1188-1-scaled.jpg\",\"contentUrl\":\"https:\/\/www.holstein.ch\/wp-content\/uploads\/2025\/07\/2B5A1188-1-scaled.jpg\",\"width\":2560,\"height\":1440},{\"@type\":\"BreadcrumbList\",\"@id\":\"https:\/\/www.holstein.ch\/fr\/famille-yannick-jean-michel-ducommun\/#breadcrumb\",\"itemListElement\":[{\"@type\":\"ListItem\",\"position\":1,\"name\":\"Ma\u00eetres-\u00e9leveurs\",\"item\":\"https:\/\/www.holstein.ch\/fr\/publications\/maitres-eleveurs\/\"},{\"@type\":\"ListItem\",\"position\":2,\"name\":\"Famille Yannick &amp; Jean-Michel Ducommun\"}]},{\"@type\":\"WebSite\",\"@id\":\"https:\/\/www.holstein.ch\/fr\/#website\",\"url\":\"https:\/\/www.holstein.ch\/fr\/\",\"name\":\"Holstein Switzerland\",\"description\":\"Holstein Switzerland\",\"publisher\":{\"@id\":\"https:\/\/www.holstein.ch\/fr\/#organization\"},\"potentialAction\":[{\"@type\":\"SearchAction\",\"target\":{\"@type\":\"EntryPoint\",\"urlTemplate\":\"https:\/\/www.holstein.ch\/fr\/?s={search_term_string}\"},\"query-input\":{\"@type\":\"PropertyValueSpecification\",\"valueRequired\":true,\"valueName\":\"search_term_string\"}}],\"inLanguage\":\"fr-FR\"},{\"@type\":\"Organization\",\"@id\":\"https:\/\/www.holstein.ch\/fr\/#organization\",\"name\":\"Holstein Switzerland\",\"url\":\"https:\/\/www.holstein.ch\/fr\/\",\"logo\":{\"@type\":\"ImageObject\",\"inLanguage\":\"fr-FR\",\"@id\":\"https:\/\/www.holstein.ch\/fr\/#\/schema\/logo\/image\/\",\"url\":\"https:\/\/www.holstein.ch\/wp-content\/uploads\/2023\/09\/holstein_switzerland_logo.png\",\"contentUrl\":\"https:\/\/www.holstein.ch\/wp-content\/uploads\/2023\/09\/holstein_switzerland_logo.png\",\"width\":800,\"height\":621,\"caption\":\"Holstein Switzerland\"},\"image\":{\"@id\":\"https:\/\/www.holstein.ch\/fr\/#\/schema\/logo\/image\/\"},\"sameAs\":[\"https:\/\/www.facebook.com\/HolSwi\",\"https:\/\/www.youtube.com\/@holsteinswitzerland\",\"https:\/\/www.instagram.com\/holstein_switzerland\"]},{\"@type\":\"Person\",\"@id\":\"https:\/\/www.holstein.ch\/fr\/#\/schema\/person\/91e83d490a3dfd0906e65d37ecbcbfb6\",\"name\":\"Marie-Jos\u00e9 Rossier\",\"image\":{\"@type\":\"ImageObject\",\"inLanguage\":\"fr-FR\",\"@id\":\"https:\/\/www.holstein.ch\/fr\/#\/schema\/person\/image\/\",\"url\":\"https:\/\/secure.gravatar.com\/avatar\/68ae16187ec4e6b8556e0e811e57dcb7c21c138f955e02087102f283ee2b3bb6?s=96&d=mm&r=g\",\"contentUrl\":\"https:\/\/secure.gravatar.com\/avatar\/68ae16187ec4e6b8556e0e811e57dcb7c21c138f955e02087102f283ee2b3bb6?s=96&d=mm&r=g\",\"caption\":\"Marie-Jos\u00e9 Rossier\"}}]}<\/script>\n<!-- \/ Yoast SEO plugin. -->","yoast_head_json":{"title":"Famille Yannick &amp; Jean-Michel Ducommun - Holstein Switzerland","robots":{"index":"index","follow":"follow","max-snippet":"max-snippet:-1","max-image-preview":"max-image-preview:large","max-video-preview":"max-video-preview:-1"},"canonical":"https:\/\/www.holstein.ch\/fr\/famille-yannick-jean-michel-ducommun\/","og_locale":"fr_FR","og_type":"article","og_title":"Famille Yannick &amp; Jean-Michel Ducommun - Holstein Switzerland","og_description":"Dans l&#8217;\u00e9levage comme dans la vie, la famille c&#8217;est toujours le plus important L\u2019exploitation Ducofarm se situe entre Prez-vers-Nor\u00e9az et Corjolens, \u00e0 une altitude de 700 m\u00e8tres. C\u2019est l\u2019arri\u00e8re-grand-p\u00e8re de Yannick Ducommun qui a achet\u00e9 le domaine en 1937. En 2014, \u00e0 l\u2019\u00e2ge de 27 ans, juste apr\u00e8s l\u2019obtention de la ma\u00eetrise f\u00e9d\u00e9rale, le Ma\u00eetre-\u00e9leveur [&hellip;]","og_url":"https:\/\/www.holstein.ch\/fr\/famille-yannick-jean-michel-ducommun\/","og_site_name":"Holstein Switzerland","article_publisher":"https:\/\/www.facebook.com\/HolSwi","article_published_time":"2025-08-06T13:10:00+00:00","article_modified_time":"2025-08-11T07:27:46+00:00","og_image":[{"width":2560,"height":1440,"url":"https:\/\/www.holstein.ch\/wp-content\/uploads\/2025\/07\/2B5A1188-1-scaled.jpg","type":"image\/jpeg"}],"author":"Marie-Jos\u00e9 Rossier","twitter_card":"summary_large_image","twitter_misc":{"\u00c9crit par":"Marie-Jos\u00e9 Rossier","Dur\u00e9e de lecture estim\u00e9e":"3 minutes"},"schema":{"@context":"https:\/\/schema.org","@graph":[{"@type":"NewsArticle","@id":"https:\/\/www.holstein.ch\/fr\/famille-yannick-jean-michel-ducommun\/#article","isPartOf":{"@id":"https:\/\/www.holstein.ch\/fr\/famille-yannick-jean-michel-ducommun\/"},"author":{"name":"Marie-Jos\u00e9 Rossier","@id":"https:\/\/www.holstein.ch\/fr\/#\/schema\/person\/91e83d490a3dfd0906e65d37ecbcbfb6"},"headline":"Famille Yannick &amp; Jean-Michel Ducommun","datePublished":"2025-08-06T13:10:00+00:00","dateModified":"2025-08-11T07:27:46+00:00","mainEntityOfPage":{"@id":"https:\/\/www.holstein.ch\/fr\/famille-yannick-jean-michel-ducommun\/"},"wordCount":460,"publisher":{"@id":"https:\/\/www.holstein.ch\/fr\/#organization"},"image":{"@id":"https:\/\/www.holstein.ch\/fr\/famille-yannick-jean-michel-ducommun\/#primaryimage"},"thumbnailUrl":"https:\/\/www.holstein.ch\/wp-content\/uploads\/2025\/07\/2B5A1188-1-scaled.jpg","articleSection":["Ma\u00eetres-\u00e9leveurs","Ma\u00eetres-\u00e9leveurs Vid\u00e9os"],"inLanguage":"fr-FR"},{"@type":"WebPage","@id":"https:\/\/www.holstein.ch\/fr\/famille-yannick-jean-michel-ducommun\/","url":"https:\/\/www.holstein.ch\/fr\/famille-yannick-jean-michel-ducommun\/","name":"Famille Yannick &amp; Jean-Michel Ducommun - Holstein Switzerland","isPartOf":{"@id":"https:\/\/www.holstein.ch\/fr\/#website"},"primaryImageOfPage":{"@id":"https:\/\/www.holstein.ch\/fr\/famille-yannick-jean-michel-ducommun\/#primaryimage"},"image":{"@id":"https:\/\/www.holstein.ch\/fr\/famille-yannick-jean-michel-ducommun\/#primaryimage"},"thumbnailUrl":"https:\/\/www.holstein.ch\/wp-content\/uploads\/2025\/07\/2B5A1188-1-scaled.jpg","datePublished":"2025-08-06T13:10:00+00:00","dateModified":"2025-08-11T07:27:46+00:00","breadcrumb":{"@id":"https:\/\/www.holstein.ch\/fr\/famille-yannick-jean-michel-ducommun\/#breadcrumb"},"inLanguage":"fr-FR","potentialAction":[{"@type":"ReadAction","target":["https:\/\/www.holstein.ch\/fr\/famille-yannick-jean-michel-ducommun\/"]}]},{"@type":"ImageObject","inLanguage":"fr-FR","@id":"https:\/\/www.holstein.ch\/fr\/famille-yannick-jean-michel-ducommun\/#primaryimage","url":"https:\/\/www.holstein.ch\/wp-content\/uploads\/2025\/07\/2B5A1188-1-scaled.jpg","contentUrl":"https:\/\/www.holstein.ch\/wp-content\/uploads\/2025\/07\/2B5A1188-1-scaled.jpg","width":2560,"height":1440},{"@type":"BreadcrumbList","@id":"https:\/\/www.holstein.ch\/fr\/famille-yannick-jean-michel-ducommun\/#breadcrumb","itemListElement":[{"@type":"ListItem","position":1,"name":"Ma\u00eetres-\u00e9leveurs","item":"https:\/\/www.holstein.ch\/fr\/publications\/maitres-eleveurs\/"},{"@type":"ListItem","position":2,"name":"Famille Yannick &amp; Jean-Michel Ducommun"}]},{"@type":"WebSite","@id":"https:\/\/www.holstein.ch\/fr\/#website","url":"https:\/\/www.holstein.ch\/fr\/","name":"Holstein Switzerland","description":"Holstein Switzerland","publisher":{"@id":"https:\/\/www.holstein.ch\/fr\/#organization"},"potentialAction":[{"@type":"SearchAction","target":{"@type":"EntryPoint","urlTemplate":"https:\/\/www.holstein.ch\/fr\/?s={search_term_string}"},"query-input":{"@type":"PropertyValueSpecification","valueRequired":true,"valueName":"search_term_string"}}],"inLanguage":"fr-FR"},{"@type":"Organization","@id":"https:\/\/www.holstein.ch\/fr\/#organization","name":"Holstein Switzerland","url":"https:\/\/www.holstein.ch\/fr\/","logo":{"@type":"ImageObject","inLanguage":"fr-FR","@id":"https:\/\/www.holstein.ch\/fr\/#\/schema\/logo\/image\/","url":"https:\/\/www.holstein.ch\/wp-content\/uploads\/2023\/09\/holstein_switzerland_logo.png","contentUrl":"https:\/\/www.holstein.ch\/wp-content\/uploads\/2023\/09\/holstein_switzerland_logo.png","width":800,"height":621,"caption":"Holstein Switzerland"},"image":{"@id":"https:\/\/www.holstein.ch\/fr\/#\/schema\/logo\/image\/"},"sameAs":["https:\/\/www.facebook.com\/HolSwi","https:\/\/www.youtube.com\/@holsteinswitzerland","https:\/\/www.instagram.com\/holstein_switzerland"]},{"@type":"Person","@id":"https:\/\/www.holstein.ch\/fr\/#\/schema\/person\/91e83d490a3dfd0906e65d37ecbcbfb6","name":"Marie-Jos\u00e9 Rossier","image":{"@type":"ImageObject","inLanguage":"fr-FR","@id":"https:\/\/www.holstein.ch\/fr\/#\/schema\/person\/image\/","url":"https:\/\/secure.gravatar.com\/avatar\/68ae16187ec4e6b8556e0e811e57dcb7c21c138f955e02087102f283ee2b3bb6?s=96&d=mm&r=g","contentUrl":"https:\/\/secure.gravatar.com\/avatar\/68ae16187ec4e6b8556e0e811e57dcb7c21c138f955e02087102f283ee2b3bb6?s=96&d=mm&r=g","caption":"Marie-Jos\u00e9 Rossier"}}]}},"_links":{"self":[{"href":"https:\/\/www.holstein.ch\/fr\/wp-json\/wp\/v2\/posts\/34760","targetHints":{"allow":["GET"]}}],"collection":[{"href":"https:\/\/www.holstein.ch\/fr\/wp-json\/wp\/v2\/posts"}],"about":[{"href":"https:\/\/www.holstein.ch\/fr\/wp-json\/wp\/v2\/types\/post"}],"author":[{"embeddable":true,"href":"https:\/\/www.holstein.ch\/fr\/wp-json\/wp\/v2\/users\/42"}],"replies":[{"embeddable":true,"href":"https:\/\/www.holstein.ch\/fr\/wp-json\/wp\/v2\/comments?post=34760"}],"version-history":[{"count":4,"href":"https:\/\/www.holstein.ch\/fr\/wp-json\/wp\/v2\/posts\/34760\/revisions"}],"predecessor-version":[{"id":35056,"href":"https:\/\/www.holstein.ch\/fr\/wp-json\/wp\/v2\/posts\/34760\/revisions\/35056"}],"wp:featuredmedia":[{"embeddable":true,"href":"https:\/\/www.holstein.ch\/fr\/wp-json\/wp\/v2\/media\/34967"}],"wp:attachment":[{"href":"https:\/\/www.holstein.ch\/fr\/wp-json\/wp\/v2\/media?parent=34760"}],"wp:term":[{"taxonomy":"category","embeddable":true,"href":"https:\/\/www.holstein.ch\/fr\/wp-json\/wp\/v2\/categories?post=34760"},{"taxonomy":"post_tag","embeddable":true,"href":"https:\/\/www.holstein.ch\/fr\/wp-json\/wp\/v2\/tags?post=34760"}],"curies":[{"name":"wp","href":"https:\/\/api.w.org\/{rel}","templated":true}]}}